{"id":89331,"date":"2025-06-07T15:12:07","date_gmt":"2025-06-07T21:12:07","guid":{"rendered":"https:\/\/diarioavanzada.com.mx\/?p=89331"},"modified":"2025-06-07T15:21:36","modified_gmt":"2025-06-07T21:21:36","slug":"sentencian-a-maestro-por-abuso-sexual-contra-alumnas-en-la-piedad","status":"publish","type":"post","link":"https:\/\/diarioavanzada.com.mx\/?p=89331","title":{"rendered":"Sentencian a maestro por abusar sexualmente de ocho alumnas en Michoac\u00e1n"},"content":{"rendered":"\n<p class=\"p1 wp-block-paragraph\"><em>Un maestro suplente fue sentenciado a cuatro a\u00f1os y cinco meses de prisi\u00f3n por abusar sexualmente de ocho alumnas de una secundaria en La Piedad, Michoac\u00e1n. Los hechos ocurrieron en octubre de 2024 y fueron denunciados por familiares de las v\u00edctimas, lo que permiti\u00f3 su detenci\u00f3n y enjuiciamiento.<\/em><\/p>\n\n\n\n<p class=\"p1 wp-block-paragraph\">Michoac\u00e1n, M\u00e9xico, Avanzada (07\/06\/2025).- Un maestro suplente fue condenado a cuatro a\u00f1os y cinco meses de prisi\u00f3n tras ser declarado culpable del delito de abuso sexual en contra de ocho estudiantes de una secundaria en este municipio. Los hechos ocurrieron en octubre de 2024, cuando las v\u00edctimas, todas menores de edad, se encontraban en horario de clases.<\/p>\n\n\n\n<p class=\"p1 wp-block-paragraph\">La investigaci\u00f3n de la Fiscal\u00eda General del Estado de Michoac\u00e1n revel\u00f3 que el acusado, identificado como Mario Iv\u00e1n E., agredi\u00f3 a las ni\u00f1as \u2013de entre 11 y 13 a\u00f1os\u2013 los d\u00edas 17 y 18 de octubre dentro de un sal\u00f3n de clases. La denuncia fue presentada por familiares de las v\u00edctimas, lo que permiti\u00f3 iniciar las diligencias y obtener pruebas suficientes para solicitar una orden de aprehensi\u00f3n, que culmin\u00f3 con su detenci\u00f3n y posterior vinculaci\u00f3n a proceso.<\/p>\n\n\n\n<p class=\"p1 wp-block-paragraph\">El caso fue resuelto mediante un procedimiento abreviado, figura jur\u00eddica que permite una resoluci\u00f3n anticipada del juicio penal cuando el imputado acepta su responsabilidad (tocamientos). Esta v\u00eda facilit\u00f3 que el juez dictara sentencia, incluyendo tambi\u00e9n la obligaci\u00f3n del sentenciado de cubrir un monto econ\u00f3mico por concepto de reparaci\u00f3n del da\u00f1o.<\/p>\n\n\n\n<p class=\"p1 wp-block-paragraph\">Tras conocerse el caso, la Secretar\u00eda de Educaci\u00f3n del Estado aclar\u00f3 que el maestro no formaba parte de su plantilla oficial, ya que no estaba adscrito a la dependencia, siendo un maestro suplente. No obstante, la SEE envi\u00f3 una comisi\u00f3n especial a la comunidad escolar con el objetivo de brindar apoyo a las v\u00edctimas y colaborar con la investigaci\u00f3n, adem\u00e1s de implementar medidas de prevenci\u00f3n para evitar que hechos similares se repitan.<\/p>\n\n\n\n<p class=\"p1 wp-block-paragraph\"><\/p>\n<div class=\"fb-background-color\">\n\t\t\t  <div \n\t\t\t  \tclass = \"fb-comments\" \n\t\t\t  \tdata-href = \"https:\/\/diarioavanzada.com.mx\/?p=89331\"\n\t\t\t  \tdata-numposts = \"10\"\n\t\t\t  \tdata-lazy = \"true\"\n\t\t\t\tdata-colorscheme = \"light\"\n\t\t\t\tdata-order-by = \"social\"\n\t\t\t\tdata-mobile=true>\n\t\t\t  <\/div><\/div>\n\t\t  <style>\n\t\t    .fb-background-color {\n\t\t\t\tbackground:  !important;\n\t\t\t}\n\t\t\t.fb_iframe_widget_fluid_desktop iframe {\n\t\t\t    width: 100% !important;\n\t\t\t}\n\t\t  <\/style>\n\t\t  ","protected":false},"excerpt":{"rendered":"<p>Un maestro suplente fue sentenciado a cuatro a\u00f1os y cinco meses de prisi\u00f3n por abusar sexualmente de ocho alumnas de una secundaria en La Piedad, Michoac\u00e1n. Los hechos ocurrieron en octubre de 2024 y fueron denunciados por familiares de las v\u00edctimas, lo que permiti\u00f3 su detenci\u00f3n y enjuiciamiento. Michoac\u00e1n, M\u00e9xico, Avanzada (07\/06\/2025).- Un maestro suplente [&hellip;]<\/p>\n","protected":false},"author":7,"featured_media":89332,"comment_status":"closed","ping_status":"closed","sticky":false,"template":"","format":"standard","meta":{"_coblocks_attr":"","_coblocks_dimensions":"","_coblocks_responsive_height":"","_coblocks_accordion_ie_support":"","_crdt_document":"","advanced_seo_description":"","jetpack_seo_html_title":"","jetpack_seo_noindex":false,"_jetpack_memberships_contains_paid_content":false,"footnotes":""},"categories":[22,7,231],"tags":[],"class_list":["post-89331","post","type-post","status-publish","format-standard","has-post-thumbnail","hentry","category-nacion","category-noticias","category-seguridad"],"jetpack_featured_media_url":"https:\/\/diarioavanzada.com.mx\/wp-content\/uploads\/2025\/06\/img_8848-1.png","jetpack-related-posts":[],"jetpack_sharing_enabled":true,"amp_enabled":true,"_links":{"self":[{"href":"https:\/\/diarioavanzada.com.mx\/index.php?rest_route=\/wp\/v2\/posts\/89331","targetHints":{"allow":["GET"]}}],"collection":[{"href":"https:\/\/diarioavanzada.com.mx\/index.php?rest_route=\/wp\/v2\/posts"}],"about":[{"href":"https:\/\/diarioavanzada.com.mx\/index.php?rest_route=\/wp\/v2\/types\/post"}],"author":[{"embeddable":true,"href":"https:\/\/diarioavanzada.com.mx\/index.php?rest_route=\/wp\/v2\/users\/7"}],"replies":[{"embeddable":true,"href":"https:\/\/diarioavanzada.com.mx\/index.php?rest_route=%2Fwp%2Fv2%2Fcomments&post=89331"}],"version-history":[{"count":8,"href":"https:\/\/diarioavanzada.com.mx\/index.php?rest_route=\/wp\/v2\/posts\/89331\/revisions"}],"predecessor-version":[{"id":89367,"href":"https:\/\/diarioavanzada.com.mx\/index.php?rest_route=\/wp\/v2\/posts\/89331\/revisions\/89367"}],"wp:featuredmedia":[{"embeddable":true,"href":"https:\/\/diarioavanzada.com.mx\/index.php?rest_route=\/wp\/v2\/media\/89332"}],"wp:attachment":[{"href":"https:\/\/diarioavanzada.com.mx\/index.php?rest_route=%2Fwp%2Fv2%2Fmedia&parent=89331"}],"wp:term":[{"taxonomy":"category","embeddable":true,"href":"https:\/\/diarioavanzada.com.mx\/index.php?rest_route=%2Fwp%2Fv2%2Fcategories&post=89331"},{"taxonomy":"post_tag","embeddable":true,"href":"https:\/\/diarioavanzada.com.mx\/index.php?rest_route=%2Fwp%2Fv2%2Ftags&post=89331"}],"curies":[{"name":"wp","href":"https:\/\/api.w.org\/{rel}","templated":true}]}}