{"id":89315,"date":"2025-06-07T08:23:15","date_gmt":"2025-06-07T14:23:15","guid":{"rendered":"https:\/\/diarioavanzada.com.mx\/?p=89315"},"modified":"2025-06-07T08:23:15","modified_gmt":"2025-06-07T14:23:15","slug":"muere-conductor-tras-volcadura-en-la-carretera-colima-jiquilpan","status":"publish","type":"post","link":"https:\/\/diarioavanzada.com.mx\/?p=89315","title":{"rendered":"Muere conductor tras volcadura en la carretera Colima-Jiquilpan"},"content":{"rendered":"\n<p class=\"p1 wp-block-paragraph\">Colima, M\u00e9xico, Avanzada (07\/06\/2025).- Un tr\u00e1gico accidente se registr\u00f3 la ma\u00f1ana de este s\u00e1bado en la carretera Colima-Jiquilpan, a la altura del kil\u00f3metro 24, poco antes de llegar a la comunidad de El Astillero de Abajo. Una camioneta volc\u00f3 y sali\u00f3 de la cinta asf\u00e1ltica, dejando como saldo una persona fallecida.<\/p>\n\n\n\n<p class=\"p1 wp-block-paragraph\">Al lugar acudieron elementos del Centro Regulador de Urgencias M\u00e9dicas (CRUM) y personal de rescate de Protecci\u00f3n Civil Estatal, quienes confirmaron que el conductor del veh\u00edculo ya no presentaba signos vitales. No se reportaron m\u00e1s lesionados ni la participaci\u00f3n de otros veh\u00edculos.<\/p>\n\n\n\n<p class=\"p1 wp-block-paragraph\">Aunque la vialidad no qued\u00f3 obstruida, autoridades exhortaron a las y los automovilistas a circular con precauci\u00f3n, ya que contin\u00faan las labores periciales en la zona.<\/p>\n\n\n\n<p class=\"p1 wp-block-paragraph\">Adem\u00e1s, se reportaron lluvias ligeras en diversos puntos del estado durante la noche, por lo que se recomienda a la poblaci\u00f3n tomar precauciones al conducir sobre pavimento mojado para evitar nuevos incidentes.<\/p>\n\n\n\n<figure class=\"wp-block-image size-large\"><img loading=\"lazy\" decoding=\"async\" width=\"1024\" height=\"576\" src=\"https:\/\/diarioavanzada.com.mx\/wp-content\/uploads\/2025\/06\/img_3880-1-2-1024x576.jpg\" class=\"wp-image-89313\" srcset=\"https:\/\/diarioavanzada.com.mx\/wp-content\/uploads\/2025\/06\/img_3880-1-2-1024x576.jpg 1024w, https:\/\/diarioavanzada.com.mx\/wp-content\/uploads\/2025\/06\/img_3880-1-2-300x169.jpg 300w, https:\/\/diarioavanzada.com.mx\/wp-content\/uploads\/2025\/06\/img_3880-1-2-768x432.jpg 768w, https:\/\/diarioavanzada.com.mx\/wp-content\/uploads\/2025\/06\/img_3880-1-2.jpg 1500w\" sizes=\"auto, (max-width: 1024px) 100vw, 1024px\" \/><\/figure>\n<div class=\"fb-background-color\">\n\t\t\t  <div \n\t\t\t  \tclass = \"fb-comments\" \n\t\t\t  \tdata-href = \"https:\/\/diarioavanzada.com.mx\/?p=89315\"\n\t\t\t  \tdata-numposts = \"10\"\n\t\t\t  \tdata-lazy = \"true\"\n\t\t\t\tdata-colorscheme = \"light\"\n\t\t\t\tdata-order-by = \"social\"\n\t\t\t\tdata-mobile=true>\n\t\t\t  <\/div><\/div>\n\t\t  <style>\n\t\t    .fb-background-color {\n\t\t\t\tbackground:  !important;\n\t\t\t}\n\t\t\t.fb_iframe_widget_fluid_desktop iframe {\n\t\t\t    width: 100% !important;\n\t\t\t}\n\t\t  <\/style>\n\t\t  ","protected":false},"excerpt":{"rendered":"<p>Colima, M\u00e9xico, Avanzada (07\/06\/2025).- Un tr\u00e1gico accidente se registr\u00f3 la ma\u00f1ana de este s\u00e1bado en la carretera Colima-Jiquilpan, a la altura del kil\u00f3metro 24, poco antes de llegar a la comunidad de El Astillero de Abajo. Una camioneta volc\u00f3 y sali\u00f3 de la cinta asf\u00e1ltica, dejando como saldo una persona fallecida. Al lugar acudieron elementos [&hellip;]<\/p>\n","protected":false},"author":7,"featured_media":89314,"comment_status":"closed","ping_status":"closed","sticky":false,"template":"","format":"standard","meta":{"_coblocks_attr":"","_coblocks_dimensions":"","_coblocks_responsive_height":"","_coblocks_accordion_ie_support":"","_crdt_document":"","advanced_seo_description":"","jetpack_seo_html_title":"","jetpack_seo_noindex":false,"_jetpack_memberships_contains_paid_content":false,"footnotes":""},"categories":[19,7,29],"tags":[],"class_list":["post-89315","post","type-post","status-publish","format-standard","has-post-thumbnail","hentry","category-colima","category-noticias","category-sociedad"],"jetpack_featured_media_url":"https:\/\/diarioavanzada.com.mx\/wp-content\/uploads\/2025\/06\/img_3882-1.png","jetpack-related-posts":[],"jetpack_sharing_enabled":true,"amp_enabled":true,"_links":{"self":[{"href":"https:\/\/diarioavanzada.com.mx\/index.php?rest_route=\/wp\/v2\/posts\/89315","targetHints":{"allow":["GET"]}}],"collection":[{"href":"https:\/\/diarioavanzada.com.mx\/index.php?rest_route=\/wp\/v2\/posts"}],"about":[{"href":"https:\/\/diarioavanzada.com.mx\/index.php?rest_route=\/wp\/v2\/types\/post"}],"author":[{"embeddable":true,"href":"https:\/\/diarioavanzada.com.mx\/index.php?rest_route=\/wp\/v2\/users\/7"}],"replies":[{"embeddable":true,"href":"https:\/\/diarioavanzada.com.mx\/index.php?rest_route=%2Fwp%2Fv2%2Fcomments&post=89315"}],"version-history":[{"count":0,"href":"https:\/\/diarioavanzada.com.mx\/index.php?rest_route=\/wp\/v2\/posts\/89315\/revisions"}],"wp:featuredmedia":[{"embeddable":true,"href":"https:\/\/diarioavanzada.com.mx\/index.php?rest_route=\/wp\/v2\/media\/89314"}],"wp:attachment":[{"href":"https:\/\/diarioavanzada.com.mx\/index.php?rest_route=%2Fwp%2Fv2%2Fmedia&parent=89315"}],"wp:term":[{"taxonomy":"category","embeddable":true,"href":"https:\/\/diarioavanzada.com.mx\/index.php?rest_route=%2Fwp%2Fv2%2Fcategories&post=89315"},{"taxonomy":"post_tag","embeddable":true,"href":"https:\/\/diarioavanzada.com.mx\/index.php?rest_route=%2Fwp%2Fv2%2Ftags&post=89315"}],"curies":[{"name":"wp","href":"https:\/\/api.w.org\/{rel}","templated":true}]}}