{"id":89248,"date":"2025-06-06T17:59:47","date_gmt":"2025-06-06T23:59:47","guid":{"rendered":"https:\/\/diarioavanzada.com.mx\/?p=89248"},"modified":"2025-06-06T17:59:47","modified_gmt":"2025-06-06T23:59:47","slug":"la-villa-niega-desalojo-a-albergue-animal-supervision-fue-por-denuncias-vecinales","status":"publish","type":"post","link":"https:\/\/diarioavanzada.com.mx\/?p=89248","title":{"rendered":"La Villa niega desalojo a albergue animal; supervisi\u00f3n fue por denuncias vecinales"},"content":{"rendered":"\n<p class=\"p1 wp-block-paragraph\">Colima, M\u00e9xico, Avanzada (06\/06\/2025).- El Ayuntamiento de Villa de \u00c1lvarez neg\u00f3 que se haya iniciado un proceso de desalojo en contra del albergue de animales \u201cBuscando a Domino AC\u201d y aclar\u00f3 que la Unidad de Control Animal Municipal no tiene facultades legales para ejecutar dicha acci\u00f3n.<\/p>\n\n\n\n<p class=\"p1 wp-block-paragraph\">A trav\u00e9s de un comunicado oficial, la administraci\u00f3n municipal encabezada por Tey Guti\u00e9rrez afirm\u00f3 que tampoco la presidenta ni la directora de Recursos Humanos del Ayuntamiento han girado instrucciones para realizar alg\u00fan desalojo, como se hab\u00eda se\u00f1alado en redes sociales.<\/p>\n\n\n\n<p class=\"p1 wp-block-paragraph\">La autoridad detall\u00f3 que el albergue, ubicado en la calle R\u00edo Usumacinta #36 de la colonia Villas del R\u00edo, opera de manera irregular desde septiembre de 2023, y que ha sido objeto de m\u00faltiples reportes por parte de vecinos, quienes denuncian condiciones insalubres y su operaci\u00f3n fuera de la ley estatal de protecci\u00f3n animal.<\/p>\n\n\n\n<p class=\"p1 wp-block-paragraph\">El pasado 6 de junio, personal de la Unidad de Control Animal acudi\u00f3 al sitio a realizar una supervisi\u00f3n, en atenci\u00f3n a las denuncias vecinales. Seg\u00fan el expediente D-328\/2023, el sitio ya hab\u00eda sido sujeto de observaciones por las autoridades, lo que deriv\u00f3 en una reuni\u00f3n de trabajo celebrada el 29 de enero de 2024, donde los responsables del albergue se comprometieron a regularizar su situaci\u00f3n legal.<\/p>\n\n\n\n<p class=\"p1 wp-block-paragraph\">Adem\u00e1s, el comunicado indica que el 2 de junio se recibi\u00f3 un nuevo reporte que advert\u00eda afectaciones a la salud de una menor de edad, presuntamente a causa de las condiciones del albergue.<\/p>\n\n\n\n<p class=\"p1 wp-block-paragraph\"><\/p>\n<div class=\"fb-background-color\">\n\t\t\t  <div \n\t\t\t  \tclass = \"fb-comments\" \n\t\t\t  \tdata-href = \"https:\/\/diarioavanzada.com.mx\/?p=89248\"\n\t\t\t  \tdata-numposts = \"10\"\n\t\t\t  \tdata-lazy = \"true\"\n\t\t\t\tdata-colorscheme = \"light\"\n\t\t\t\tdata-order-by = \"social\"\n\t\t\t\tdata-mobile=true>\n\t\t\t  <\/div><\/div>\n\t\t  <style>\n\t\t    .fb-background-color {\n\t\t\t\tbackground:  !important;\n\t\t\t}\n\t\t\t.fb_iframe_widget_fluid_desktop iframe {\n\t\t\t    width: 100% !important;\n\t\t\t}\n\t\t  <\/style>\n\t\t  ","protected":false},"excerpt":{"rendered":"<p>Colima, M\u00e9xico, Avanzada (06\/06\/2025).- El Ayuntamiento de Villa de \u00c1lvarez neg\u00f3 que se haya iniciado un proceso de desalojo en contra del albergue de animales \u201cBuscando a Domino AC\u201d y aclar\u00f3 que la Unidad de Control Animal Municipal no tiene facultades legales para ejecutar dicha acci\u00f3n. A trav\u00e9s de un comunicado oficial, la administraci\u00f3n municipal [&hellip;]<\/p>\n","protected":false},"author":7,"featured_media":89249,"comment_status":"closed","ping_status":"closed","sticky":false,"template":"","format":"standard","meta":{"_coblocks_attr":"","_coblocks_dimensions":"","_coblocks_responsive_height":"","_coblocks_accordion_ie_support":"","_crdt_document":"","advanced_seo_description":"","jetpack_seo_html_title":"","jetpack_seo_noindex":false,"_jetpack_memberships_contains_paid_content":false,"footnotes":""},"categories":[209,21,7],"tags":[],"class_list":["post-89248","post","type-post","status-publish","format-standard","has-post-thumbnail","hentry","category-importantes","category-municipios","category-noticias"],"jetpack_featured_media_url":"https:\/\/diarioavanzada.com.mx\/wp-content\/uploads\/2025\/06\/img_4085-1.jpg","jetpack-related-posts":[],"jetpack_sharing_enabled":true,"amp_enabled":true,"_links":{"self":[{"href":"https:\/\/diarioavanzada.com.mx\/index.php?rest_route=\/wp\/v2\/posts\/89248","targetHints":{"allow":["GET"]}}],"collection":[{"href":"https:\/\/diarioavanzada.com.mx\/index.php?rest_route=\/wp\/v2\/posts"}],"about":[{"href":"https:\/\/diarioavanzada.com.mx\/index.php?rest_route=\/wp\/v2\/types\/post"}],"author":[{"embeddable":true,"href":"https:\/\/diarioavanzada.com.mx\/index.php?rest_route=\/wp\/v2\/users\/7"}],"replies":[{"embeddable":true,"href":"https:\/\/diarioavanzada.com.mx\/index.php?rest_route=%2Fwp%2Fv2%2Fcomments&post=89248"}],"version-history":[{"count":1,"href":"https:\/\/diarioavanzada.com.mx\/index.php?rest_route=\/wp\/v2\/posts\/89248\/revisions"}],"predecessor-version":[{"id":89250,"href":"https:\/\/diarioavanzada.com.mx\/index.php?rest_route=\/wp\/v2\/posts\/89248\/revisions\/89250"}],"wp:featuredmedia":[{"embeddable":true,"href":"https:\/\/diarioavanzada.com.mx\/index.php?rest_route=\/wp\/v2\/media\/89249"}],"wp:attachment":[{"href":"https:\/\/diarioavanzada.com.mx\/index.php?rest_route=%2Fwp%2Fv2%2Fmedia&parent=89248"}],"wp:term":[{"taxonomy":"category","embeddable":true,"href":"https:\/\/diarioavanzada.com.mx\/index.php?rest_route=%2Fwp%2Fv2%2Fcategories&post=89248"},{"taxonomy":"post_tag","embeddable":true,"href":"https:\/\/diarioavanzada.com.mx\/index.php?rest_route=%2Fwp%2Fv2%2Ftags&post=89248"}],"curies":[{"name":"wp","href":"https:\/\/api.w.org\/{rel}","templated":true}]}}