{"id":89215,"date":"2025-06-06T15:42:54","date_gmt":"2025-06-06T21:42:54","guid":{"rendered":"https:\/\/diarioavanzada.com.mx\/?p=89215"},"modified":"2025-06-06T16:14:23","modified_gmt":"2025-06-06T22:14:23","slug":"maynez-niega-alcoholismo-acusa-intoxicacion-de-politicos-en-restaurantes-de-polanco","status":"publish","type":"post","link":"https:\/\/diarioavanzada.com.mx\/?p=89215","title":{"rendered":"M\u00e1ynez niega alcoholismo; acusa intoxicaci\u00f3n de pol\u00edticos en restaurantes de Polanco"},"content":{"rendered":"\n<p class=\"p1 wp-block-paragraph\"><em>Tras la difusi\u00f3n de un video en el que se le observa en aparente estado de ebriedad durante un concierto, Jorge \u00c1lvarez M\u00e1ynez rechaz\u00f3 tener problemas con el alcohol y acus\u00f3 una doble moral medi\u00e1tica: \u201cNo se habla de los pol\u00edticos intoxicados en Polanco o Las Lomas\u201d, reclam\u00f3.<\/em><\/p>\n\n\n\n<p class=\"p1 wp-block-paragraph\">Ciudad de M\u00e9xico, Avanzada (06\/06\/2025).- Luego de que circulara en redes sociales un video en el que se le observa aparentemente en estado de ebriedad durante un concierto en Monterrey, el coordinador nacional de Movimiento Ciudadano, Jorge \u00c1lvarez M\u00e1ynez, respondi\u00f3 a las cr\u00edticas y neg\u00f3 tener problemas con el alcohol. En entrevista con Aristegui en Vivo, el excandidato presidencial asegur\u00f3 estar dispuesto a someterse a cualquier tipo de evaluaci\u00f3n m\u00e9dica o social para despejar dudas sobre su estado.<\/p>\n\n\n\n<p class=\"p1 wp-block-paragraph\">\u201cYo me someto con mucho gusto a cualquier valoraci\u00f3n m\u00e9dica, social, de cualquier tipo\u201d, declar\u00f3 M\u00e1ynez, quien tambi\u00e9n subray\u00f3 que, como figura p\u00fablica, est\u00e1 consciente del escrutinio al que est\u00e1n expuestas sus acciones, incluso en el \u00e1mbito privado. \u201cEn el momento en el que uno se dedica a lo p\u00fablico, pues todas sus actividades privadas tienen un escrutinio p\u00fablico\u201d, dijo.<\/p>\n\n\n\n<p class=\"p1 wp-block-paragraph\">El pol\u00edtico emecista, sin aceptar de forma expl\u00edcita haber estado ebrio, cuestion\u00f3 la validez de las percepciones subjetivas y reiter\u00f3 su disposici\u00f3n a evaluaciones cient\u00edficas. A pregunta expresa sobre si estaba en estado inconveniente respondi\u00f3: \u201ceso es debatible, Carmen. Por eso te digo: yo estar\u00eda dispuesto a evaluar eso desde el punto de vista cient\u00edfico\u201d, afirm\u00f3.<\/p>\n\n\n\n<p class=\"p1 wp-block-paragraph\">M\u00e1ynez tambi\u00e9n aprovech\u00f3 el espacio para se\u00f1alar lo que considera un trato desigual en los medios de comunicaci\u00f3n y en la opini\u00f3n p\u00fablica frente a estos casos. \u201cNo hay notas period\u00edsticas del San Regis, de los restaurantes de Polanco, del Trast\u00e9vere en Las Lomas, donde t\u00fa ves un jueves a decenas de pol\u00edticos, gobernadores, legisladores, intoxicados\u201d, critic\u00f3. Para el dirigente de MC, existe una \u201cdoble moral\u201d y un \u201cclasismo\u201d en torno al juicio p\u00fablico sobre este tipo de situaciones.<\/p>\n\n\n\n<p class=\"p1 wp-block-paragraph\">A pesar del incidente, asegur\u00f3 que su agenda de trabajo no se vio afectada. Detall\u00f3 que el s\u00e1bado siguiente al concierto tuvo actividades p\u00fablicas con el gobernador de Nuevo Le\u00f3n; el domingo particip\u00f3 en la jornada electoral en la Ciudad de M\u00e9xico; el lunes estuvo en Veracruz y el martes tom\u00f3 un vuelo a primera hora para regresar a sus actividades.<\/p>\n\n\n\n<p class=\"p1 wp-block-paragraph\">Finalmente, reconoci\u00f3 que en pol\u00edtica no basta con tener una conducta adecuada, sino tambi\u00e9n mantener una imagen p\u00fablica congruente. \u201cUno no nada m\u00e1s debe de ser, tambi\u00e9n debe de parecer\u201d, dijo. \u201cPrefiero evitarme ese desfogue [\u2026] a exponer a las personas que conf\u00edan, que quieren, que te ven como un referente\u201d.<\/p>\n<div class=\"fb-background-color\">\n\t\t\t  <div \n\t\t\t  \tclass = \"fb-comments\" \n\t\t\t  \tdata-href = \"https:\/\/diarioavanzada.com.mx\/?p=89215\"\n\t\t\t  \tdata-numposts = \"10\"\n\t\t\t  \tdata-lazy = \"true\"\n\t\t\t\tdata-colorscheme = \"light\"\n\t\t\t\tdata-order-by = \"social\"\n\t\t\t\tdata-mobile=true>\n\t\t\t  <\/div><\/div>\n\t\t  <style>\n\t\t    .fb-background-color {\n\t\t\t\tbackground:  !important;\n\t\t\t}\n\t\t\t.fb_iframe_widget_fluid_desktop iframe {\n\t\t\t    width: 100% !important;\n\t\t\t}\n\t\t  <\/style>\n\t\t  ","protected":false},"excerpt":{"rendered":"<p>Tras la difusi\u00f3n de un video en el que se le observa en aparente estado de ebriedad durante un concierto, Jorge \u00c1lvarez M\u00e1ynez rechaz\u00f3 tener problemas con el alcohol y acus\u00f3 una doble moral medi\u00e1tica: \u201cNo se habla de los pol\u00edticos intoxicados en Polanco o Las Lomas\u201d, reclam\u00f3. Ciudad de M\u00e9xico, Avanzada (06\/06\/2025).- Luego de [&hellip;]<\/p>\n","protected":false},"author":7,"featured_media":89214,"comment_status":"closed","ping_status":"closed","sticky":false,"template":"","format":"standard","meta":{"_coblocks_attr":"","_coblocks_dimensions":"","_coblocks_responsive_height":"","_coblocks_accordion_ie_support":"","_crdt_document":"","advanced_seo_description":"","jetpack_seo_html_title":"","jetpack_seo_noindex":false,"_jetpack_memberships_contains_paid_content":false,"footnotes":""},"categories":[22,7,29],"tags":[210],"class_list":["post-89215","post","type-post","status-publish","format-standard","has-post-thumbnail","hentry","category-nacion","category-noticias","category-sociedad","tag-portada"],"jetpack_featured_media_url":"https:\/\/diarioavanzada.com.mx\/wp-content\/uploads\/2025\/06\/img_8830-1.png","jetpack-related-posts":[],"jetpack_sharing_enabled":true,"amp_enabled":true,"_links":{"self":[{"href":"https:\/\/diarioavanzada.com.mx\/index.php?rest_route=\/wp\/v2\/posts\/89215","targetHints":{"allow":["GET"]}}],"collection":[{"href":"https:\/\/diarioavanzada.com.mx\/index.php?rest_route=\/wp\/v2\/posts"}],"about":[{"href":"https:\/\/diarioavanzada.com.mx\/index.php?rest_route=\/wp\/v2\/types\/post"}],"author":[{"embeddable":true,"href":"https:\/\/diarioavanzada.com.mx\/index.php?rest_route=\/wp\/v2\/users\/7"}],"replies":[{"embeddable":true,"href":"https:\/\/diarioavanzada.com.mx\/index.php?rest_route=%2Fwp%2Fv2%2Fcomments&post=89215"}],"version-history":[{"count":2,"href":"https:\/\/diarioavanzada.com.mx\/index.php?rest_route=\/wp\/v2\/posts\/89215\/revisions"}],"predecessor-version":[{"id":89237,"href":"https:\/\/diarioavanzada.com.mx\/index.php?rest_route=\/wp\/v2\/posts\/89215\/revisions\/89237"}],"wp:featuredmedia":[{"embeddable":true,"href":"https:\/\/diarioavanzada.com.mx\/index.php?rest_route=\/wp\/v2\/media\/89214"}],"wp:attachment":[{"href":"https:\/\/diarioavanzada.com.mx\/index.php?rest_route=%2Fwp%2Fv2%2Fmedia&parent=89215"}],"wp:term":[{"taxonomy":"category","embeddable":true,"href":"https:\/\/diarioavanzada.com.mx\/index.php?rest_route=%2Fwp%2Fv2%2Fcategories&post=89215"},{"taxonomy":"post_tag","embeddable":true,"href":"https:\/\/diarioavanzada.com.mx\/index.php?rest_route=%2Fwp%2Fv2%2Ftags&post=89215"}],"curies":[{"name":"wp","href":"https:\/\/api.w.org\/{rel}","templated":true}]}}