{"id":89211,"date":"2025-06-06T10:36:56","date_gmt":"2025-06-06T16:36:56","guid":{"rendered":"https:\/\/diarioavanzada.com.mx\/?p=89211"},"modified":"2025-06-06T10:36:56","modified_gmt":"2025-06-06T16:36:56","slug":"cuatro-anos-de-complice-impunidad","status":"publish","type":"post","link":"https:\/\/diarioavanzada.com.mx\/?p=89211","title":{"rendered":"Cuatro a\u00f1os de c\u00f3mplice impunidad"},"content":{"rendered":"\n<p class=\"wp-block-paragraph\"><strong>Malas Compa\u00f1\u00edas<\/strong><\/p>\n\n\n\n<p class=\"wp-block-paragraph\">Autor: Mario Alberto Sol\u00eds Espinosa.<\/p>\n\n\n\n<p class=\"wp-block-paragraph\">En julio de 2021, hace casi cuatro a\u00f1os, el gobernador Ignacio Peralta S\u00e1nchez anunci\u00f3 la quiebra financiera de su administraci\u00f3n; ese d\u00eda tambi\u00e9n confes\u00f3 la utilizaci\u00f3n de mil millones de pesos del presupuesto p\u00fablico, incluyendo dinero de los salarios de los trabajadores, para cubrir deudas a corto plazo con instituciones bancarias.<\/p>\n\n\n\n<p class=\"wp-block-paragraph\">Tras el colapso de su gobierno y la aceptaci\u00f3n del probable delito de desv\u00edo de recursos, una avalancha de demandas promovidas por el sindicato de bur\u00f3cratas estatales, la Universidad de Colima y diputados locales, se presentaron ante la Fiscal\u00eda Anticorrupci\u00f3n del Estado de Colima.<\/p>\n\n\n\n<p class=\"wp-block-paragraph\">El caos en que se sumi\u00f3 la etapa final de su sexenio, anticipaba un futuro complicado para el exmandatario ca\u00eddo en desgracia, con m\u00e1s raz\u00f3n si el gobierno estatal ser\u00eda ahora encabezado por Indira Vizca\u00edno Silva, candidata de la coalici\u00f3n opositora de Morena y sus aliados.<\/p>\n\n\n\n<p class=\"wp-block-paragraph\">Fueron d\u00edas aciagos para miles de trabajadores gubernamentales, la par\u00e1lisis administrativa sumi\u00f3 en la incertidumbre la gobernanza en la entidad, como nunca hab\u00eda sucedido en la historia local. Un episodio vergonzoso que, era seguro, acarrear\u00eda consecuencias graves para los responsables.<\/p>\n\n\n\n<p class=\"wp-block-paragraph\">En noviembre de 2021, las diputadas Claudia Aguirre y Araceli Garc\u00eda, entonces integrantes de la bancada de Morena y hoy marginadas del gobierno estatal, presentaron denuncias de juicio pol\u00edtico en contra de Ignacio Peralta y Carlos Noriega Garc\u00eda, por el uso irregular de los recursos p\u00fablicos.<\/p>\n\n\n\n<p class=\"wp-block-paragraph\">Para diciembre de 2021, apenas una semana despu\u00e9s de asumir el cargo, la gobernadora Indira Vizca\u00edno present\u00f3 las primeras denuncias penales contra su antecesor, por la venta irregular de terrenos propiedad del estado; en enero promovi\u00f3 nuevas querellas por el uso irregular de 400 millones en la construcci\u00f3n del C5i.<\/p>\n\n\n\n<p class=\"wp-block-paragraph\">Tales procesos parec\u00edan inaugurar una nueva etapa en el combate a la corrupci\u00f3n en la entidad, cancelando los ciclos de impunidad que se sucedieron durante el r\u00e9gimen priista y, por fin, sancionando a los malos funcionarios que abusaron de sus cargos para expoliar las arcas p\u00fablicas.<\/p>\n\n\n\n<p class=\"wp-block-paragraph\">La instauraci\u00f3n de los juicios penales y pol\u00edticos, fue una promesa de la entonces candidata de Morena, uno de los fundamentos de su campa\u00f1a y eje central del discurso que se ofreci\u00f3 a los votantes colimenses; todo en un contexto de hartazgo a los excesos de la clase gobernante priista.<\/p>\n\n\n\n<p class=\"wp-block-paragraph\">\u00bfQu\u00e9 ha pasado cuatro a\u00f1os despu\u00e9s? Absolutamente nada. Ignacio Peralta S\u00e1nchez es un exgobernador impune, ha librado sin problema la responsabilidad por el desv\u00edo de mil millones de pesos que \u00e9l mismo confes\u00f3 en julio de 2021. El priista vive feliz, tal como lo prometi\u00f3 en su campa\u00f1a de 2016.<\/p>\n\n\n\n<p class=\"wp-block-paragraph\">Las denuncias ante la Fiscal\u00eda Anticorrupci\u00f3n no fueron procesadas y mucho menos resueltas, por el contrario, la dependencia procuradora de justicia las declar\u00f3 reservadas para que nadie pudiera acceder a su contenido ni pedir cuentas sobre su estado.<\/p>\n\n\n\n<p class=\"wp-block-paragraph\">\u00bfLos juicios pol\u00edticos? Han pasado dos legislaturas pero el exmandatario y su secretario de Finanzas ni siquiera han sido molestados con una citaci\u00f3n, ya no se diga la presentaci\u00f3n de los dict\u00e1menes de resoluci\u00f3n. La mayor\u00eda de Morena les han garantizado impunidad y tranquilidad, por cierto, tambi\u00e9n declar\u00f3 su reserva, para evitar que se les cuestione al respecto.<\/p>\n\n\n\n<p class=\"wp-block-paragraph\">Solo por razones pol\u00edticas, en 2023 se simul\u00f3 un proceso penal por peculado en contra de Noriega Garc\u00eda, sin embargo, fue suspendido en septiembre de ese a\u00f1o, a condici\u00f3n de que el extesorero no recibiera ni manejara ning\u00fan fondo p\u00fablico durante seis meses, adem\u00e1s de que realizara donaciones a instituciones de beneficencia por un monto de 20 mil pesos.<\/p>\n\n\n\n<p class=\"wp-block-paragraph\">La conclusi\u00f3n es que el r\u00e9gimen morenista, desde la gobernadora hasta los diputados, pasando por las fiscal\u00edas locales, han garantizado impunidad a Ignacio Peralta S\u00e1nchez y Carlos Noriega, quienes evidentemente librar\u00e1n cualquier sanci\u00f3n, a pesar de que generaron el colapso financiero de la entidad. Es un pacto amalgamado con el intercambio de favores, sobrevivencia pol\u00edtica en medio del lodazal.<\/p>\n\n\n\n<p class=\"wp-block-paragraph\">Tales privilegios no son para todos. Hace unos d\u00edas se notific\u00f3 el inicio de un proceso penal por el delito de peculado a la exalcaldesa de Manzanillo Griselda Mart\u00ednez, adversaria pol\u00edtica de la gobernadora Indira Vizca\u00edno y cr\u00edtica feroz del pragmatismo que purific\u00f3 a impresentables personajes para llevarlos al gobierno de la transformaci\u00f3n.<\/p>\n\n\n\n<p class=\"wp-block-paragraph\">Esa misma celeridad se dispensa al caso de Alejandro Urtiz, exfuncionario municipal que enfrenta un proceso por abuso de autoridad y ha sido exhibido de manera sospechosa en distintos espacios p\u00fablicos, en el af\u00e1n de golpear a quienes el r\u00e9gimen considera sus enemigos.<\/p>\n\n\n\n<p class=\"wp-block-paragraph\">Contrastan esos dos casos con la absoluci\u00f3n de facto concedida a Ignacio Peralta y Carlos Noriega, responsables de la ruina financiera de la entidad; se act\u00faa con premura en contra de enemigos del r\u00e9gimen y se congelan los asuntos contra los cercanos, c\u00f3mplices, aliados o como quiera llam\u00e1rsele.<\/p>\n\n\n\n<p class=\"wp-block-paragraph\">La justicia no se aplica de manera selectiva en Colima, simplemente no se aplica, solo se persigue a algunos con fines meramente intimidatorios; el ineficaz aparato judicial se activa para amenazar y perseguir con objetivos pol\u00edticos, nunca en contra de quienes verdaderamente merecen castigo.<\/p>\n\n\n\n<p class=\"wp-block-paragraph\"><strong>BREVE HISTORIA PARA CAMILA.<\/strong> En unos d\u00edas, Camila saldr\u00e1 a su primera experiencia en el extranjero; estoy seguro que ser\u00e1n d\u00edas provechosos y de enormes aprendizajes. Ha demostrado gran entereza en diferentes retos, por lo que conf\u00edo en que tendr\u00e1 \u00e9xito en este proyecto. Es la primera vez que nos separaremos tantos d\u00edas, pero entiendo que este momento tendr\u00eda que llegar; la princesa ha crecido y ahora tiene la oportunidad de recorrer su propio camino, seguramente lo har\u00e1 muy bien.<\/p>\n<div class=\"fb-background-color\">\n\t\t\t  <div \n\t\t\t  \tclass = \"fb-comments\" \n\t\t\t  \tdata-href = \"https:\/\/diarioavanzada.com.mx\/?p=89211\"\n\t\t\t  \tdata-numposts = \"10\"\n\t\t\t  \tdata-lazy = \"true\"\n\t\t\t\tdata-colorscheme = \"light\"\n\t\t\t\tdata-order-by = \"social\"\n\t\t\t\tdata-mobile=true>\n\t\t\t  <\/div><\/div>\n\t\t  <style>\n\t\t    .fb-background-color {\n\t\t\t\tbackground:  !important;\n\t\t\t}\n\t\t\t.fb_iframe_widget_fluid_desktop iframe {\n\t\t\t    width: 100% !important;\n\t\t\t}\n\t\t  <\/style>\n\t\t  ","protected":false},"excerpt":{"rendered":"<p>Malas Compa\u00f1\u00edas Autor: Mario Alberto Sol\u00eds Espinosa. En julio de 2021, hace casi cuatro a\u00f1os, el gobernador Ignacio Peralta S\u00e1nchez anunci\u00f3 la quiebra financiera de su administraci\u00f3n; ese d\u00eda tambi\u00e9n confes\u00f3 la utilizaci\u00f3n de mil millones de pesos del presupuesto p\u00fablico, incluyendo dinero de los salarios de los trabajadores, para cubrir deudas a corto plazo [&hellip;]<\/p>\n","protected":false},"author":7,"featured_media":86390,"comment_status":"closed","ping_status":"closed","sticky":false,"template":"","format":"standard","meta":{"_coblocks_attr":"","_coblocks_dimensions":"","_coblocks_responsive_height":"","_coblocks_accordion_ie_support":"","_crdt_document":"","advanced_seo_description":"","jetpack_seo_html_title":"","jetpack_seo_noindex":false,"_jetpack_memberships_contains_paid_content":false,"footnotes":""},"categories":[19,209,24],"tags":[210],"class_list":["post-89211","post","type-post","status-publish","format-standard","has-post-thumbnail","hentry","category-colima","category-importantes","category-opinion","tag-portada"],"jetpack_featured_media_url":"https:\/\/diarioavanzada.com.mx\/wp-content\/uploads\/2025\/05\/mario-solis.jpg","jetpack-related-posts":[],"jetpack_sharing_enabled":true,"amp_enabled":true,"_links":{"self":[{"href":"https:\/\/diarioavanzada.com.mx\/index.php?rest_route=\/wp\/v2\/posts\/89211","targetHints":{"allow":["GET"]}}],"collection":[{"href":"https:\/\/diarioavanzada.com.mx\/index.php?rest_route=\/wp\/v2\/posts"}],"about":[{"href":"https:\/\/diarioavanzada.com.mx\/index.php?rest_route=\/wp\/v2\/types\/post"}],"author":[{"embeddable":true,"href":"https:\/\/diarioavanzada.com.mx\/index.php?rest_route=\/wp\/v2\/users\/7"}],"replies":[{"embeddable":true,"href":"https:\/\/diarioavanzada.com.mx\/index.php?rest_route=%2Fwp%2Fv2%2Fcomments&post=89211"}],"version-history":[{"count":0,"href":"https:\/\/diarioavanzada.com.mx\/index.php?rest_route=\/wp\/v2\/posts\/89211\/revisions"}],"wp:featuredmedia":[{"embeddable":true,"href":"https:\/\/diarioavanzada.com.mx\/index.php?rest_route=\/wp\/v2\/media\/86390"}],"wp:attachment":[{"href":"https:\/\/diarioavanzada.com.mx\/index.php?rest_route=%2Fwp%2Fv2%2Fmedia&parent=89211"}],"wp:term":[{"taxonomy":"category","embeddable":true,"href":"https:\/\/diarioavanzada.com.mx\/index.php?rest_route=%2Fwp%2Fv2%2Fcategories&post=89211"},{"taxonomy":"post_tag","embeddable":true,"href":"https:\/\/diarioavanzada.com.mx\/index.php?rest_route=%2Fwp%2Fv2%2Ftags&post=89211"}],"curies":[{"name":"wp","href":"https:\/\/api.w.org\/{rel}","templated":true}]}}