{"id":89125,"date":"2025-06-05T20:06:23","date_gmt":"2025-06-06T02:06:23","guid":{"rendered":"https:\/\/diarioavanzada.com.mx\/?p=89125"},"modified":"2025-06-05T20:06:26","modified_gmt":"2025-06-06T02:06:26","slug":"inician-trabajos-de-la-reunion-nacional-peraj-inspirando-futuros-para-la-paz-y-la-inclusion","status":"publish","type":"post","link":"https:\/\/diarioavanzada.com.mx\/?p=89125","title":{"rendered":"Inician trabajos de la Reuni\u00f3n Nacional P\u00e9raj, Inspirando futuros para la paz y la inclusi\u00f3n"},"content":{"rendered":"\n<p class=\"wp-block-paragraph\"><em>\u201cLas iniciativas valiosas sobreviven, y aqu\u00ed estamos cumpliendo 20 a\u00f1os del programa P\u00e9raj. En particular, la UdeC tiene desde 2009 participando con nosotros, con alrededor de dos mil vidas que han sido impactadas de manera muy importante\u201d: Armando Jinich.<\/em><\/p>\n\n\n\n<p class=\"wp-block-paragraph\">Colima, M\u00e9xico, Comunicado (05\/06\/2025).- Esta semana, del 4 al 6 de junio, responsables, coordinadores de servicio social y mentores universitarios del programa PERAJ, provenientes de 18 instituciones de educaci\u00f3n superior del pa\u00eds, intercambiar\u00e1n experiencias y buenas pr\u00e1cticas con el fin de enriquecer la formaci\u00f3n de los j\u00f3venes universitarios en su labor como mentores de ni\u00f1as y ni\u00f1os en situaci\u00f3n vulnerable. Esto como parte de la Reuni\u00f3n Nacional P\u00c9RAJ 2025, de la que es sede la Universidad de Colima.<\/p>\n\n\n\n<p class=\"wp-block-paragraph\">El evento inaugural, llevado a cabo en la sala de usos m\u00faltiples del CEUGEA, en Nogueras, Comala, estuvo presidido por Susana Aurelia Preciado Jim\u00e9nez, coordinadora general de Docencia, en representaci\u00f3n del rector Christian Jorge Torres Ortiz Zerme\u00f1o. La acompa\u00f1aron en el pres\u00eddium: Guillermina Ch\u00e1vez Torres, directora general para el Desarrollo Integral, Armando Jinich Ripstein, presidente y fundador de P\u00e9raj M\u00e9xico, AC y Elo\u00edsa Arango Castro, directora general de P\u00e9raj M\u00e9xico AC.<\/p>\n\n\n\n<p class=\"wp-block-paragraph\">P\u00c9RAJ es un programa internacional en el que j\u00f3venes universitarios fungen como mentores y se convierten en un modelo positivo a seguir para ni\u00f1as y ni\u00f1os en condiciones vulnerables, a quienes apoyan y motivan para que desarrollen su m\u00e1ximo potencial. Este programa fue adoptado por la UdeC desde el 2009. Desde entonces, el programa UCOL P\u00c9RAJ ha beneficiado a m\u00e1s de 950 <em>binomios<\/em> (mentor y ni\u00f1o P\u00c9RAJ).<\/p>\n\n\n\n<p class=\"wp-block-paragraph\">Durante la Reuni\u00f3n Nacional 2025, se estar\u00e1n llevando a cabo paneles, ponencias y conversatorios centrados en la mentor\u00eda, la construcci\u00f3n de paz, la inclusi\u00f3n y el bienestar socioemocional.<\/p>\n\n\n\n<p class=\"wp-block-paragraph\">Al inaugurar el evento, Susana Preciado destac\u00f3 los beneficios de este programa, que ya ha formado a varias generaciones de participantes. \u201cEsto nos permite afirmar que el aprendizaje en las instituciones de educaci\u00f3n superior no se limita al \u00e1rea disciplinar. Tambi\u00e9n se cultivan valores como la colaboraci\u00f3n, la empat\u00eda y la convivencia. Creo que eso es algo sumamente valioso\u201d, se\u00f1al\u00f3.<\/p>\n\n\n\n<p class=\"wp-block-paragraph\">Guillermina Ch\u00e1vez, directora general para el Desarrollo Integral, coment\u00f3 que esta reuni\u00f3n tiene un prop\u00f3sito claro: \u201cReflexionar y construir en colectivo sobre el invaluable proceso que realizan j\u00f3venes e infancias a trav\u00e9s de las mentor\u00edas. Durante este encuentro se profundizar\u00e1 en el modelo de acompa\u00f1amiento que desarrollan nuestros j\u00f3venes universitarios para apoyar y motivar a las infancias vulnerables, ayud\u00e1ndolas a desplegar su m\u00e1ximo potencial\u201d.<\/p>\n\n\n\n<p class=\"wp-block-paragraph\">Adem\u00e1s, subray\u00f3 que el lema de la reuni\u00f3n: \u201cInspirando futuros para la paz y la inclusi\u00f3n\u201d no es solo un slogan, \u201ces un llamado a la acci\u00f3n; nos invita a construir un ma\u00f1ana donde la ausencia de conflicto se fusione con una profunda justicia social y participaci\u00f3n equitativa de la poblaci\u00f3n\u201d. En ese sentido, resalt\u00f3 que, para la Universidad de Colima, la cultura de paz y la inclusi\u00f3n son pilares fundamentales.<\/p>\n\n\n\n<p class=\"wp-block-paragraph\">\u201cSiempre actuamos con responsabilidad, promoviendo competencias que impulsen el desarrollo integral y nos inviten a reflexionar sobre la forma en que construimos nuestros lazos sociales dentro de la instituci\u00f3n. Nuestro objetivo es que los proyectos formativos sean un verdadero motor de cambio, formando profesionales capaces de convertirse en agentes transformadores de la sociedad\u201d, concluy\u00f3.<\/p>\n\n\n\n<p class=\"wp-block-paragraph\">Al tomar la palabra, Armando Jinich, presidente y fundador de P\u00e9raj M\u00e9xico, AC agradeci\u00f3 el gran recibimiento de la UdeC y el esfuerzo que conlleva la realizaci\u00f3n de este tipo de eventos. Destac\u00f3 que, a pesar de los tiempos dif\u00edciles que viven las instituciones de educaci\u00f3n superior p\u00fablica en el pa\u00eds, \u201clas iniciativas valiosas sobreviven, y aqu\u00ed estamos cumpliendo 20 a\u00f1os del programa P\u00e9raj, Inspirando Futuros. En particular, la Universidad de Colima tiene desde 2009 participando con nosotros, con alrededor de dos mil vidas que han sido impactadas de manera muy importante\u201d.<\/p>\n\n\n\n<p class=\"wp-block-paragraph\">\u201cCumplimos 20 a\u00f1os por una raz\u00f3n sencilla: porque P\u00e9raj funciona y realmente inspira futuros, tanto en los ni\u00f1os y ni\u00f1as que participan -algo de lo que siempre estuvimos convencidos- como en los mentores, un impacto que hemos comprendido con el tiempo. Los futuros que P\u00e9raj despierta en la infancia generan m\u00faltiples consecuencias positivas, entre ellas, una menor probabilidad de deserci\u00f3n escolar\u201d, resalt\u00f3.<\/p>\n\n\n\n<p class=\"wp-block-paragraph\">Armando Jinich se\u00f1al\u00f3 que esta reuni\u00f3n, como las anteriores, afianza los lazos de solidaridad entre las Instituciones de Educaci\u00f3n Superior (IES) del pa\u00eds que participan en P\u00e9raj. \u201cPocas actividades de servicio social tienen este sentido que, m\u00e1s que un servicio social, es un movimiento nacional de compromiso con la infancia, con el tejido social y con el potencial de los j\u00f3venes universitarios para cambiar vidas\u201d.<\/p>\n\n\n\n<figure class=\"wp-block-image size-large\"><img loading=\"lazy\" decoding=\"async\" width=\"1024\" height=\"683\" src=\"https:\/\/diarioavanzada.com.mx\/wp-content\/uploads\/2025\/06\/Inician-en-la-UdeC-trabajos-de-la-Reunion-Nacional-Peraj_Guillermina_Armando-1024x683.jpg\" alt=\"\" class=\"wp-image-89127\" srcset=\"https:\/\/diarioavanzada.com.mx\/wp-content\/uploads\/2025\/06\/Inician-en-la-UdeC-trabajos-de-la-Reunion-Nacional-Peraj_Guillermina_Armando-1024x683.jpg 1024w, https:\/\/diarioavanzada.com.mx\/wp-content\/uploads\/2025\/06\/Inician-en-la-UdeC-trabajos-de-la-Reunion-Nacional-Peraj_Guillermina_Armando-300x200.jpg 300w, https:\/\/diarioavanzada.com.mx\/wp-content\/uploads\/2025\/06\/Inician-en-la-UdeC-trabajos-de-la-Reunion-Nacional-Peraj_Guillermina_Armando-768x512.jpg 768w, https:\/\/diarioavanzada.com.mx\/wp-content\/uploads\/2025\/06\/Inician-en-la-UdeC-trabajos-de-la-Reunion-Nacional-Peraj_Guillermina_Armando-1200x800.jpg 1200w, https:\/\/diarioavanzada.com.mx\/wp-content\/uploads\/2025\/06\/Inician-en-la-UdeC-trabajos-de-la-Reunion-Nacional-Peraj_Guillermina_Armando.jpg 1224w\" sizes=\"auto, (max-width: 1024px) 100vw, 1024px\" \/><\/figure>\n\n\n\n<figure class=\"wp-block-image size-large\"><img loading=\"lazy\" decoding=\"async\" width=\"1024\" height=\"683\" src=\"https:\/\/diarioavanzada.com.mx\/wp-content\/uploads\/2025\/06\/Inician-en-la-UdeC-trabajos-de-la-Reunion-Nacional-Peraj-1024x683.jpg\" alt=\"\" class=\"wp-image-89128\" srcset=\"https:\/\/diarioavanzada.com.mx\/wp-content\/uploads\/2025\/06\/Inician-en-la-UdeC-trabajos-de-la-Reunion-Nacional-Peraj-1024x683.jpg 1024w, https:\/\/diarioavanzada.com.mx\/wp-content\/uploads\/2025\/06\/Inician-en-la-UdeC-trabajos-de-la-Reunion-Nacional-Peraj-300x200.jpg 300w, https:\/\/diarioavanzada.com.mx\/wp-content\/uploads\/2025\/06\/Inician-en-la-UdeC-trabajos-de-la-Reunion-Nacional-Peraj-768x512.jpg 768w, https:\/\/diarioavanzada.com.mx\/wp-content\/uploads\/2025\/06\/Inician-en-la-UdeC-trabajos-de-la-Reunion-Nacional-Peraj-1200x800.jpg 1200w, https:\/\/diarioavanzada.com.mx\/wp-content\/uploads\/2025\/06\/Inician-en-la-UdeC-trabajos-de-la-Reunion-Nacional-Peraj.jpg 1224w\" sizes=\"auto, (max-width: 1024px) 100vw, 1024px\" \/><\/figure>\n\n\n\n<figure class=\"wp-block-image size-large\"><img loading=\"lazy\" decoding=\"async\" width=\"1024\" height=\"683\" src=\"https:\/\/diarioavanzada.com.mx\/wp-content\/uploads\/2025\/06\/Inician-en-la-UdeC-trabajos-de-la-Reunion-Nacional-Peraj_a-1024x683.jpg\" alt=\"\" class=\"wp-image-89131\" srcset=\"https:\/\/diarioavanzada.com.mx\/wp-content\/uploads\/2025\/06\/Inician-en-la-UdeC-trabajos-de-la-Reunion-Nacional-Peraj_a-1024x683.jpg 1024w, https:\/\/diarioavanzada.com.mx\/wp-content\/uploads\/2025\/06\/Inician-en-la-UdeC-trabajos-de-la-Reunion-Nacional-Peraj_a-300x200.jpg 300w, https:\/\/diarioavanzada.com.mx\/wp-content\/uploads\/2025\/06\/Inician-en-la-UdeC-trabajos-de-la-Reunion-Nacional-Peraj_a-768x512.jpg 768w, https:\/\/diarioavanzada.com.mx\/wp-content\/uploads\/2025\/06\/Inician-en-la-UdeC-trabajos-de-la-Reunion-Nacional-Peraj_a-1200x800.jpg 1200w, https:\/\/diarioavanzada.com.mx\/wp-content\/uploads\/2025\/06\/Inician-en-la-UdeC-trabajos-de-la-Reunion-Nacional-Peraj_a.jpg 1224w\" sizes=\"auto, (max-width: 1024px) 100vw, 1024px\" \/><\/figure>\n<div class=\"fb-background-color\">\n\t\t\t  <div \n\t\t\t  \tclass = \"fb-comments\" \n\t\t\t  \tdata-href = \"https:\/\/diarioavanzada.com.mx\/?p=89125\"\n\t\t\t  \tdata-numposts = \"10\"\n\t\t\t  \tdata-lazy = \"true\"\n\t\t\t\tdata-colorscheme = \"light\"\n\t\t\t\tdata-order-by = \"social\"\n\t\t\t\tdata-mobile=true>\n\t\t\t  <\/div><\/div>\n\t\t  <style>\n\t\t    .fb-background-color {\n\t\t\t\tbackground:  !important;\n\t\t\t}\n\t\t\t.fb_iframe_widget_fluid_desktop iframe {\n\t\t\t    width: 100% !important;\n\t\t\t}\n\t\t  <\/style>\n\t\t  ","protected":false},"excerpt":{"rendered":"<p>\u201cLas iniciativas valiosas sobreviven, y aqu\u00ed estamos cumpliendo 20 a\u00f1os del programa P\u00e9raj. En particular, la UdeC tiene desde 2009 participando con nosotros, con alrededor de dos mil vidas que han sido impactadas de manera muy importante\u201d: Armando Jinich. Colima, M\u00e9xico, Comunicado (05\/06\/2025).- Esta semana, del 4 al 6 de junio, responsables, coordinadores de servicio [&hellip;]<\/p>\n","protected":false},"author":7,"featured_media":89130,"comment_status":"closed","ping_status":"closed","sticky":false,"template":"","format":"standard","meta":{"_coblocks_attr":"","_coblocks_dimensions":"","_coblocks_responsive_height":"","_coblocks_accordion_ie_support":"","_crdt_document":"","advanced_seo_description":"","jetpack_seo_html_title":"","jetpack_seo_noindex":false,"_jetpack_memberships_contains_paid_content":false,"footnotes":""},"categories":[19,209],"tags":[],"class_list":["post-89125","post","type-post","status-publish","format-standard","has-post-thumbnail","hentry","category-colima","category-importantes"],"jetpack_featured_media_url":"https:\/\/diarioavanzada.com.mx\/wp-content\/uploads\/2025\/06\/Inician-en-la-UdeC-trabajos-de-la-Reunion-Nacional-Peraj_b.jpg","jetpack-related-posts":[],"jetpack_sharing_enabled":true,"amp_enabled":true,"_links":{"self":[{"href":"https:\/\/diarioavanzada.com.mx\/index.php?rest_route=\/wp\/v2\/posts\/89125","targetHints":{"allow":["GET"]}}],"collection":[{"href":"https:\/\/diarioavanzada.com.mx\/index.php?rest_route=\/wp\/v2\/posts"}],"about":[{"href":"https:\/\/diarioavanzada.com.mx\/index.php?rest_route=\/wp\/v2\/types\/post"}],"author":[{"embeddable":true,"href":"https:\/\/diarioavanzada.com.mx\/index.php?rest_route=\/wp\/v2\/users\/7"}],"replies":[{"embeddable":true,"href":"https:\/\/diarioavanzada.com.mx\/index.php?rest_route=%2Fwp%2Fv2%2Fcomments&post=89125"}],"version-history":[{"count":4,"href":"https:\/\/diarioavanzada.com.mx\/index.php?rest_route=\/wp\/v2\/posts\/89125\/revisions"}],"predecessor-version":[{"id":89133,"href":"https:\/\/diarioavanzada.com.mx\/index.php?rest_route=\/wp\/v2\/posts\/89125\/revisions\/89133"}],"wp:featuredmedia":[{"embeddable":true,"href":"https:\/\/diarioavanzada.com.mx\/index.php?rest_route=\/wp\/v2\/media\/89130"}],"wp:attachment":[{"href":"https:\/\/diarioavanzada.com.mx\/index.php?rest_route=%2Fwp%2Fv2%2Fmedia&parent=89125"}],"wp:term":[{"taxonomy":"category","embeddable":true,"href":"https:\/\/diarioavanzada.com.mx\/index.php?rest_route=%2Fwp%2Fv2%2Fcategories&post=89125"},{"taxonomy":"post_tag","embeddable":true,"href":"https:\/\/diarioavanzada.com.mx\/index.php?rest_route=%2Fwp%2Fv2%2Ftags&post=89125"}],"curies":[{"name":"wp","href":"https:\/\/api.w.org\/{rel}","templated":true}]}}