{"id":89084,"date":"2025-06-05T07:50:40","date_gmt":"2025-06-05T13:50:40","guid":{"rendered":"https:\/\/diarioavanzada.com.mx\/?p=89084"},"modified":"2025-06-05T07:50:40","modified_gmt":"2025-06-05T13:50:40","slug":"colima-espera-lluvias-y-calor-extremo-por-efectos-de-sistemas-atmosfericos","status":"publish","type":"post","link":"https:\/\/diarioavanzada.com.mx\/?p=89084","title":{"rendered":"Colima espera lluvias y calor extremo por efectos de sistemas atmosf\u00e9ricos"},"content":{"rendered":"\n<p class=\"p1 wp-block-paragraph\">Colima, M\u00e9xico, Avanzada (05\/06\/2025).- Durante este jueves se prev\u00e9 un clima severo en el estado de Colima, con lluvias fuertes acompa\u00f1adas de descargas el\u00e9ctricas, posibles granizadas y ambiente caluroso a muy caluroso, como resultado de la interacci\u00f3n de diversos sistemas atmosf\u00e9ricos, inform\u00f3 el Servicio Meteorol\u00f3gico Nacional.<\/p>\n\n\n\n<p class=\"p1 wp-block-paragraph\">El pron\u00f3stico indica cielo nublado por la tarde y lluvias fuertes en el estado, las cuales podr\u00edan provocar incremento en niveles de r\u00edos y arroyos, deslaves, inundaciones, encharcamientos y visibilidad reducida. Las precipitaciones estar\u00e1n acompa\u00f1adas de vientos con rachas de hasta 60 km\/h y oleaje elevado de 1.5 a 2.5 metros en la zona costera.<\/p>\n\n\n\n<p class=\"p1 wp-block-paragraph\">Adem\u00e1s, continuar\u00e1 la onda de calor en la entidad, con temperaturas m\u00e1ximas entre los 35 y 40 grados Celsius, por lo que se recomienda a la poblaci\u00f3n tomar precauciones ante el riesgo de golpes de calor y mantenerse hidratada.<\/p>\n\n\n\n<p class=\"p1 wp-block-paragraph\">Simult\u00e1neamente, la onda tropical n\u00famero 2 avanza por el sur del litoral de Guerrero, en combinaci\u00f3n con una baja presi\u00f3n con potencial cicl\u00f3nico, la vaguada monz\u00f3nica y condiciones de inestabilidad, lo que generar\u00e1 lluvias intensas en el sur y sureste del pa\u00eds.<\/p>\n\n\n\n<p class=\"p1 wp-block-paragraph\">Finalmente, la circulaci\u00f3n anticicl\u00f3nica en niveles medios de la atm\u00f3sfera mantendr\u00e1 el ambiente extremadamente caluroso en gran parte del pa\u00eds, con una intensa onda de calor en estados del norte, occidente y sur, incluyendo Colima.<\/p>\n<div class=\"fb-background-color\">\n\t\t\t  <div \n\t\t\t  \tclass = \"fb-comments\" \n\t\t\t  \tdata-href = \"https:\/\/diarioavanzada.com.mx\/?p=89084\"\n\t\t\t  \tdata-numposts = \"10\"\n\t\t\t  \tdata-lazy = \"true\"\n\t\t\t\tdata-colorscheme = \"light\"\n\t\t\t\tdata-order-by = \"social\"\n\t\t\t\tdata-mobile=true>\n\t\t\t  <\/div><\/div>\n\t\t  <style>\n\t\t    .fb-background-color {\n\t\t\t\tbackground:  !important;\n\t\t\t}\n\t\t\t.fb_iframe_widget_fluid_desktop iframe {\n\t\t\t    width: 100% !important;\n\t\t\t}\n\t\t  <\/style>\n\t\t  ","protected":false},"excerpt":{"rendered":"<p>Colima, M\u00e9xico, Avanzada (05\/06\/2025).- Durante este jueves se prev\u00e9 un clima severo en el estado de Colima, con lluvias fuertes acompa\u00f1adas de descargas el\u00e9ctricas, posibles granizadas y ambiente caluroso a muy caluroso, como resultado de la interacci\u00f3n de diversos sistemas atmosf\u00e9ricos, inform\u00f3 el Servicio Meteorol\u00f3gico Nacional. El pron\u00f3stico indica cielo nublado por la tarde y [&hellip;]<\/p>\n","protected":false},"author":7,"featured_media":89083,"comment_status":"closed","ping_status":"closed","sticky":false,"template":"","format":"standard","meta":{"_coblocks_attr":"","_coblocks_dimensions":"","_coblocks_responsive_height":"","_coblocks_accordion_ie_support":"","_crdt_document":"","advanced_seo_description":"","jetpack_seo_html_title":"","jetpack_seo_noindex":false,"_jetpack_memberships_contains_paid_content":false,"footnotes":""},"categories":[19,7,29],"tags":[],"class_list":["post-89084","post","type-post","status-publish","format-standard","has-post-thumbnail","hentry","category-colima","category-noticias","category-sociedad"],"jetpack_featured_media_url":"https:\/\/diarioavanzada.com.mx\/wp-content\/uploads\/2025\/06\/img_3843-1.jpg","jetpack-related-posts":[],"jetpack_sharing_enabled":true,"amp_enabled":true,"_links":{"self":[{"href":"https:\/\/diarioavanzada.com.mx\/index.php?rest_route=\/wp\/v2\/posts\/89084","targetHints":{"allow":["GET"]}}],"collection":[{"href":"https:\/\/diarioavanzada.com.mx\/index.php?rest_route=\/wp\/v2\/posts"}],"about":[{"href":"https:\/\/diarioavanzada.com.mx\/index.php?rest_route=\/wp\/v2\/types\/post"}],"author":[{"embeddable":true,"href":"https:\/\/diarioavanzada.com.mx\/index.php?rest_route=\/wp\/v2\/users\/7"}],"replies":[{"embeddable":true,"href":"https:\/\/diarioavanzada.com.mx\/index.php?rest_route=%2Fwp%2Fv2%2Fcomments&post=89084"}],"version-history":[{"count":0,"href":"https:\/\/diarioavanzada.com.mx\/index.php?rest_route=\/wp\/v2\/posts\/89084\/revisions"}],"wp:featuredmedia":[{"embeddable":true,"href":"https:\/\/diarioavanzada.com.mx\/index.php?rest_route=\/wp\/v2\/media\/89083"}],"wp:attachment":[{"href":"https:\/\/diarioavanzada.com.mx\/index.php?rest_route=%2Fwp%2Fv2%2Fmedia&parent=89084"}],"wp:term":[{"taxonomy":"category","embeddable":true,"href":"https:\/\/diarioavanzada.com.mx\/index.php?rest_route=%2Fwp%2Fv2%2Fcategories&post=89084"},{"taxonomy":"post_tag","embeddable":true,"href":"https:\/\/diarioavanzada.com.mx\/index.php?rest_route=%2Fwp%2Fv2%2Ftags&post=89084"}],"curies":[{"name":"wp","href":"https:\/\/api.w.org\/{rel}","templated":true}]}}