{"id":89060,"date":"2025-06-04T20:21:32","date_gmt":"2025-06-05T02:21:32","guid":{"rendered":"https:\/\/diarioavanzada.com.mx\/?p=89060"},"modified":"2025-06-04T20:21:32","modified_gmt":"2025-06-05T02:21:32","slug":"el-alcalde-riult-rivera-anuncia-que-celebraran-los-500-anos-de-la-fundacion-de-la-villa-de-san-sebastian-de-la-provincia-de-colima","status":"publish","type":"post","link":"https:\/\/diarioavanzada.com.mx\/?p=89060","title":{"rendered":"El alcalde Riult Rivera, anuncia que celebrar\u00e1n los 500 a\u00f1os de la fundaci\u00f3n de la Villa de San Sebasti\u00e1n de la provincia de Colima"},"content":{"rendered":"\n<p class=\"wp-block-paragraph\"><em>Tom\u00f3 la protesta a las y los integrantes del Comit\u00e9 Ciudadano; lo encabeza Jos\u00e9 Salazar Avi\u00f1a.<\/em><\/p>\n\n\n\n<p class=\"wp-block-paragraph\"><em>\u201cTrabajaremos para colaborar en la investigaci\u00f3n y divulgaci\u00f3n hist\u00f3rica; apoyar en el dise\u00f1o de una celebraci\u00f3n cultural y art\u00edstica vibrante\u201d: Salazar Avi\u00f1a<\/em><\/p>\n\n\n\n<p class=\"wp-block-paragraph\">Colima, M\u00e9xico, Comunicado (04\/06\/2025).- El Presidente Municipal de Colima, Riult Rivera Guti\u00e9rrez, tom\u00f3 la protesta a las y los integrantes del Comit\u00e9 Ciudadano, que se integr\u00f3 para celebrar el 500 aniversario de la fundaci\u00f3n de la Villa de San Sebasti\u00e1n de la provincia de Colima, al frente del cual qued\u00f3 como Coordinador General Jos\u00e9 Salazar Avi\u00f1a.<br>En el evento celebrado en el Auditorio \u201cManuel \u00c1lvarez\u201d, de la Presidencia Municipal de Colima el alcalde Riult Rivera, destac\u00f3 que la fundaci\u00f3n de la Villa de San Sebasti\u00e1n de la provincia de Colima, se tiene registrada el 20 de enero de 1527.<br>En su mensaje el alcalde de Colima dijo que tiene la certeza de que este Comit\u00e9 Ciudadano estar\u00e1 organizando diversas acciones y actividades, con el tinte para el cual se est\u00e1 conformando este Comit\u00e9 Ciudadano, que es con la intenci\u00f3n de la conmemoraci\u00f3n de los 500 a\u00f1os de la fundaci\u00f3n de nuestra villa, se\u00f1alando que esta fecha no puede pasar desapercibida, \u201cpues son 500 a\u00f1os de historia, de arraigo y florecimiento, con pro y contras, pero al fin de cuentas, nuestra actual realidad\u201d.<br>Riult Rivera dijo que eso hay que tenerlo presente y conmemorarlo, \u201cpor eso buena tarea se est\u00e1n echando encima quienes conforman este Comit\u00e9 Ciudadano, donde todos son gente comprometida, gente que realmente est\u00e1 convencida de los trabajos que tenemos que desarrollar\u201d<br>El presidente municipal de Colima, indic\u00f3 que el trabajo que se habr\u00e1 de desarrollar se llevar\u00e1 varios meses y que se habr\u00e1 de convertir en acciones y en actividades para poder generar un acervo hist\u00f3rico en favor de los 500 a\u00f1os de la fundaci\u00f3n de la Villa de San Sebasti\u00e1n de la provincia de Colima.<br>Recalc\u00f3 que este compromiso conlleva una gran responsabilidad, \u201cpero m\u00e1s, la voluntad es muy valiosa en esta ocasi\u00f3n, ya que es un comit\u00e9 que estar\u00e1 trabajando en forma voluntaria, porque aman y creen en esta bendita tierra\u201d.<br>Antes de concluir Riult Rivera, destac\u00f3 que \u00e9l tambi\u00e9n se suma a este compromiso, con total voluntad, de estar en misma frecuencia, para que los planteamientos se conviertan en realidades y lo que hace muchos a\u00f1os se inici\u00f3, hoy se siga construyendo, en bien y para bien y que la cultura siga floreciendo y document\u00e1ndose en su historia, ya que en esa coincidencia est\u00e1 nuestra propia identidad\u201d, dijo.<br>Por su parte el Coordinador General de este Comit\u00e9 Ciudadano, Jos\u00e9 Salazar Avi\u00f1a, destac\u00f3 que esta encomienda la asume con humildad y un profundo sentido del deber, pero sobre todo, con enorme entusiasmo.<br>Dijo que en la tarea encomendada \u201ctrabajaremos para colaborar en la investigaci\u00f3n y divulgaci\u00f3n hist\u00f3rica; apoyar en el dise\u00f1o de una celebraci\u00f3n cultural y art\u00edstica vibrante; fomentar una amplia participaci\u00f3n ciudadana y comunitaria; as\u00ed como impulsar el desarrollo tur\u00edstico y econ\u00f3mico, pero fundamentalmente, para ayudar a construir un legado tangible e intangible que se concrete en proyectos de mejora de nuestra infraestructura\u201d, se\u00f1al\u00f3 Salazar Avi\u00f1a.<\/p>\n\n\n\n<figure class=\"wp-block-image size-large\"><img loading=\"lazy\" decoding=\"async\" width=\"1024\" height=\"683\" src=\"https:\/\/diarioavanzada.com.mx\/wp-content\/uploads\/2025\/06\/2ae1705e-24d5-4229-935e-356a6b93b81f-1-1024x683.jpg\" class=\"wp-image-89055\" srcset=\"https:\/\/diarioavanzada.com.mx\/wp-content\/uploads\/2025\/06\/2ae1705e-24d5-4229-935e-356a6b93b81f-1-1024x683.jpg 1024w, https:\/\/diarioavanzada.com.mx\/wp-content\/uploads\/2025\/06\/2ae1705e-24d5-4229-935e-356a6b93b81f-1-300x200.jpg 300w, https:\/\/diarioavanzada.com.mx\/wp-content\/uploads\/2025\/06\/2ae1705e-24d5-4229-935e-356a6b93b81f-1-768x512.jpg 768w, https:\/\/diarioavanzada.com.mx\/wp-content\/uploads\/2025\/06\/2ae1705e-24d5-4229-935e-356a6b93b81f-1.jpg 1280w\" sizes=\"auto, (max-width: 1024px) 100vw, 1024px\" \/><\/figure>\n\n\n\n<figure class=\"wp-block-image size-large\"><img loading=\"lazy\" decoding=\"async\" width=\"1024\" height=\"682\" src=\"https:\/\/diarioavanzada.com.mx\/wp-content\/uploads\/2025\/06\/f363600f-b187-462a-aeb3-c9be3bf34c6c-1-1024x682.jpg\" class=\"wp-image-89056\" srcset=\"https:\/\/diarioavanzada.com.mx\/wp-content\/uploads\/2025\/06\/f363600f-b187-462a-aeb3-c9be3bf34c6c-1-1024x682.jpg 1024w, https:\/\/diarioavanzada.com.mx\/wp-content\/uploads\/2025\/06\/f363600f-b187-462a-aeb3-c9be3bf34c6c-1-300x200.jpg 300w, https:\/\/diarioavanzada.com.mx\/wp-content\/uploads\/2025\/06\/f363600f-b187-462a-aeb3-c9be3bf34c6c-1-768x512.jpg 768w, https:\/\/diarioavanzada.com.mx\/wp-content\/uploads\/2025\/06\/f363600f-b187-462a-aeb3-c9be3bf34c6c-1-1536x1023.jpg 1536w, https:\/\/diarioavanzada.com.mx\/wp-content\/uploads\/2025\/06\/f363600f-b187-462a-aeb3-c9be3bf34c6c-1.jpg 1600w\" sizes=\"auto, (max-width: 1024px) 100vw, 1024px\" \/><\/figure>\n\n\n\n<figure class=\"wp-block-image size-large\"><img loading=\"lazy\" decoding=\"async\" width=\"1024\" height=\"682\" src=\"https:\/\/diarioavanzada.com.mx\/wp-content\/uploads\/2025\/06\/7ef7c864-e369-4e9f-8455-90db733f60f1-1-1024x682.jpg\" class=\"wp-image-89057\" srcset=\"https:\/\/diarioavanzada.com.mx\/wp-content\/uploads\/2025\/06\/7ef7c864-e369-4e9f-8455-90db733f60f1-1-1024x682.jpg 1024w, https:\/\/diarioavanzada.com.mx\/wp-content\/uploads\/2025\/06\/7ef7c864-e369-4e9f-8455-90db733f60f1-1-300x200.jpg 300w, https:\/\/diarioavanzada.com.mx\/wp-content\/uploads\/2025\/06\/7ef7c864-e369-4e9f-8455-90db733f60f1-1-768x512.jpg 768w, https:\/\/diarioavanzada.com.mx\/wp-content\/uploads\/2025\/06\/7ef7c864-e369-4e9f-8455-90db733f60f1-1-1536x1023.jpg 1536w, https:\/\/diarioavanzada.com.mx\/wp-content\/uploads\/2025\/06\/7ef7c864-e369-4e9f-8455-90db733f60f1-1.jpg 1600w\" sizes=\"auto, (max-width: 1024px) 100vw, 1024px\" \/><\/figure>\n\n\n\n<figure class=\"wp-block-image size-large\"><img loading=\"lazy\" decoding=\"async\" width=\"1024\" height=\"682\" src=\"https:\/\/diarioavanzada.com.mx\/wp-content\/uploads\/2025\/06\/f099a837-156a-4be1-934a-3a9b90c8f602-1-1024x682.jpg\" class=\"wp-image-89058\" srcset=\"https:\/\/diarioavanzada.com.mx\/wp-content\/uploads\/2025\/06\/f099a837-156a-4be1-934a-3a9b90c8f602-1-1024x682.jpg 1024w, https:\/\/diarioavanzada.com.mx\/wp-content\/uploads\/2025\/06\/f099a837-156a-4be1-934a-3a9b90c8f602-1-300x200.jpg 300w, https:\/\/diarioavanzada.com.mx\/wp-content\/uploads\/2025\/06\/f099a837-156a-4be1-934a-3a9b90c8f602-1-768x512.jpg 768w, https:\/\/diarioavanzada.com.mx\/wp-content\/uploads\/2025\/06\/f099a837-156a-4be1-934a-3a9b90c8f602-1-1536x1023.jpg 1536w, https:\/\/diarioavanzada.com.mx\/wp-content\/uploads\/2025\/06\/f099a837-156a-4be1-934a-3a9b90c8f602-1.jpg 1600w\" sizes=\"auto, (max-width: 1024px) 100vw, 1024px\" \/><\/figure>\n<div class=\"fb-background-color\">\n\t\t\t  <div \n\t\t\t  \tclass = \"fb-comments\" \n\t\t\t  \tdata-href = \"https:\/\/diarioavanzada.com.mx\/?p=89060\"\n\t\t\t  \tdata-numposts = \"10\"\n\t\t\t  \tdata-lazy = \"true\"\n\t\t\t\tdata-colorscheme = \"light\"\n\t\t\t\tdata-order-by = \"social\"\n\t\t\t\tdata-mobile=true>\n\t\t\t  <\/div><\/div>\n\t\t  <style>\n\t\t    .fb-background-color {\n\t\t\t\tbackground:  !important;\n\t\t\t}\n\t\t\t.fb_iframe_widget_fluid_desktop iframe {\n\t\t\t    width: 100% !important;\n\t\t\t}\n\t\t  <\/style>\n\t\t  ","protected":false},"excerpt":{"rendered":"<p>Tom\u00f3 la protesta a las y los integrantes del Comit\u00e9 Ciudadano; lo encabeza Jos\u00e9 Salazar Avi\u00f1a. \u201cTrabajaremos para colaborar en la investigaci\u00f3n y divulgaci\u00f3n hist\u00f3rica; apoyar en el dise\u00f1o de una celebraci\u00f3n cultural y art\u00edstica vibrante\u201d: Salazar Avi\u00f1a Colima, M\u00e9xico, Comunicado (04\/06\/2025).- El Presidente Municipal de Colima, Riult Rivera Guti\u00e9rrez, tom\u00f3 la protesta a las [&hellip;]<\/p>\n","protected":false},"author":7,"featured_media":89059,"comment_status":"closed","ping_status":"closed","sticky":false,"template":"","format":"standard","meta":{"_coblocks_attr":"","_coblocks_dimensions":"","_coblocks_responsive_height":"","_coblocks_accordion_ie_support":"","_crdt_document":"","advanced_seo_description":"","jetpack_seo_html_title":"","jetpack_seo_noindex":false,"_jetpack_memberships_contains_paid_content":false,"footnotes":""},"categories":[19,209,7],"tags":[],"class_list":["post-89060","post","type-post","status-publish","format-standard","has-post-thumbnail","hentry","category-colima","category-importantes","category-noticias"],"jetpack_featured_media_url":"https:\/\/diarioavanzada.com.mx\/wp-content\/uploads\/2025\/06\/927a609d-721b-45b1-992b-0336e7816a86-1.jpg","jetpack-related-posts":[],"jetpack_sharing_enabled":true,"amp_enabled":true,"_links":{"self":[{"href":"https:\/\/diarioavanzada.com.mx\/index.php?rest_route=\/wp\/v2\/posts\/89060","targetHints":{"allow":["GET"]}}],"collection":[{"href":"https:\/\/diarioavanzada.com.mx\/index.php?rest_route=\/wp\/v2\/posts"}],"about":[{"href":"https:\/\/diarioavanzada.com.mx\/index.php?rest_route=\/wp\/v2\/types\/post"}],"author":[{"embeddable":true,"href":"https:\/\/diarioavanzada.com.mx\/index.php?rest_route=\/wp\/v2\/users\/7"}],"replies":[{"embeddable":true,"href":"https:\/\/diarioavanzada.com.mx\/index.php?rest_route=%2Fwp%2Fv2%2Fcomments&post=89060"}],"version-history":[{"count":0,"href":"https:\/\/diarioavanzada.com.mx\/index.php?rest_route=\/wp\/v2\/posts\/89060\/revisions"}],"wp:featuredmedia":[{"embeddable":true,"href":"https:\/\/diarioavanzada.com.mx\/index.php?rest_route=\/wp\/v2\/media\/89059"}],"wp:attachment":[{"href":"https:\/\/diarioavanzada.com.mx\/index.php?rest_route=%2Fwp%2Fv2%2Fmedia&parent=89060"}],"wp:term":[{"taxonomy":"category","embeddable":true,"href":"https:\/\/diarioavanzada.com.mx\/index.php?rest_route=%2Fwp%2Fv2%2Fcategories&post=89060"},{"taxonomy":"post_tag","embeddable":true,"href":"https:\/\/diarioavanzada.com.mx\/index.php?rest_route=%2Fwp%2Fv2%2Ftags&post=89060"}],"curies":[{"name":"wp","href":"https:\/\/api.w.org\/{rel}","templated":true}]}}