{"id":89017,"date":"2025-06-04T19:58:01","date_gmt":"2025-06-05T01:58:01","guid":{"rendered":"https:\/\/diarioavanzada.com.mx\/?p=89017"},"modified":"2025-06-04T19:58:04","modified_gmt":"2025-06-05T01:58:04","slug":"integra-bachillerato-11-a-estudiantes-de-secundaria-y-primaria-en-su-feria-de-ciencias","status":"publish","type":"post","link":"https:\/\/diarioavanzada.com.mx\/?p=89017","title":{"rendered":"Integra Bachillerato 11 a estudiantes de secundaria y primaria en su feria de ciencias"},"content":{"rendered":"\n<p class=\"wp-block-paragraph\" id=\"block-6873de56-7ea6-499d-99b5-944658023721\"><em>El evento reuni\u00f3 a estudiantes, docentes y visitantes de escuelas primarias y secundarias del municipio, quienes pudieron conocer los proyectos desarrollados en las asignaturas de F\u00edsica, Qu\u00edmica, Biolog\u00eda y Electromec\u00e1nica.<\/em><\/p>\n\n\n\n<p class=\"wp-block-paragraph\">Colima, M\u00e9xico, Comunicado (04\/06\/2025).- Con el objetivo de fomentar el inter\u00e9s por la investigaci\u00f3n desde una edad temprana, el Bachillerato 11 de la Universidad de Colima, ubicado en Minatitl\u00e1n, llev\u00f3 a cabo en estos d\u00edas la s\u00e9ptima edici\u00f3n de su \u201cFeria de Ciencias\u201d.<\/p>\n\n\n\n<p class=\"wp-block-paragraph\">El evento reuni\u00f3 a estudiantes, docentes y visitantes de escuelas primarias y secundarias del municipio, quienes pudieron conocer los proyectos desarrollados en las asignaturas de F\u00edsica, Qu\u00edmica, Biolog\u00eda y Electromec\u00e1nica.<\/p>\n\n\n\n<p class=\"wp-block-paragraph\">Durante la jornada, se presentaron diversos trabajos que reflejaron el esfuerzo, la creatividad y el compromiso del alumnado, los cuales abordaron problemas actuales y fen\u00f3menos cient\u00edficos mediante modelos, maquetas y experimentos.<\/p>\n\n\n\n<p class=\"wp-block-paragraph\">Como parte de esta actividad, se cont\u00f3 con la participaci\u00f3n de estudiantes de las escuelas primarias \u201cDr. Miguel Galindo\u201d y \u201cJes\u00fas Mancilla Rodr\u00edguez\u201d, as\u00ed como de la Secundaria T\u00e9cnica No. 12 de Minatitl\u00e1n. Las y los alumnos visitantes se mostraron entusiastas y participativos, evidenciando un genuino inter\u00e9s por el mundo de la ciencia.<\/p>\n\n\n\n<p class=\"wp-block-paragraph\">En el mensaje de bienvenida, el director del plantel, Absal\u00f3n Mancilla, subray\u00f3 que esta feria representa una muestra del compromiso institucional por acercar la Universidad a la sociedad.<\/p>\n\n\n\n<p class=\"wp-block-paragraph\">\u201cNuestro rector nos ha instruido a llevar el quehacer universitario a las comunidades, a mostrar lo que se realiza dentro de nuestras aulas y laboratorios. Esta feria es una forma de abrirnos, de compartir y de sembrar la semilla del conocimiento en las nuevas generaciones\u201d, expres\u00f3.<\/p>\n\n\n\n<p class=\"wp-block-paragraph\">Por su parte, Carlos Alberto Montes Carbajal, delegado del campus Villa de \u00c1lvarez y representante del rector Christian Jorge Torres Ortiz Zerme\u00f1o, se\u00f1al\u00f3 que promover la ciencia implica tambi\u00e9n promover el pensamiento cr\u00edtico, la creatividad, la colaboraci\u00f3n y la b\u00fasqueda de soluciones para transformar el entorno.<\/p>\n\n\n\n<p class=\"wp-block-paragraph\">\u201cLa ciencia no solo se aprende en libros o laboratorios; tambi\u00e9n se vive en ferias como \u00e9sta, donde cada experimento es una historia y cada explicaci\u00f3n, una oportunidad para inspirar. Esta feria representa un espacio fundamental para sembrar la semilla de la investigaci\u00f3n cient\u00edfica en las juventudes, desde una edad temprana\u201d, afirm\u00f3.<\/p>\n\n\n\n<figure class=\"wp-block-image size-large\"><img loading=\"lazy\" decoding=\"async\" width=\"1024\" height=\"683\" src=\"https:\/\/diarioavanzada.com.mx\/wp-content\/uploads\/2025\/06\/Feria-de-ciencias-en-el-Bachillerato-11-de-Mina-1024x683.jpg\" alt=\"\" class=\"wp-image-89019\" srcset=\"https:\/\/diarioavanzada.com.mx\/wp-content\/uploads\/2025\/06\/Feria-de-ciencias-en-el-Bachillerato-11-de-Mina-1024x683.jpg 1024w, https:\/\/diarioavanzada.com.mx\/wp-content\/uploads\/2025\/06\/Feria-de-ciencias-en-el-Bachillerato-11-de-Mina-300x200.jpg 300w, https:\/\/diarioavanzada.com.mx\/wp-content\/uploads\/2025\/06\/Feria-de-ciencias-en-el-Bachillerato-11-de-Mina-768x512.jpg 768w, https:\/\/diarioavanzada.com.mx\/wp-content\/uploads\/2025\/06\/Feria-de-ciencias-en-el-Bachillerato-11-de-Mina-1536x1024.jpg 1536w, https:\/\/diarioavanzada.com.mx\/wp-content\/uploads\/2025\/06\/Feria-de-ciencias-en-el-Bachillerato-11-de-Mina-2048x1365.jpg 2048w, https:\/\/diarioavanzada.com.mx\/wp-content\/uploads\/2025\/06\/Feria-de-ciencias-en-el-Bachillerato-11-de-Mina-1200x800.jpg 1200w\" sizes=\"auto, (max-width: 1024px) 100vw, 1024px\" \/><\/figure>\n\n\n\n<figure class=\"wp-block-image size-large\"><img loading=\"lazy\" decoding=\"async\" width=\"1024\" height=\"683\" src=\"https:\/\/diarioavanzada.com.mx\/wp-content\/uploads\/2025\/06\/Feria-de-ciencias-en-el-Bachillerato-11-de-Mina_b-1024x683.jpg\" alt=\"\" class=\"wp-image-89020\" srcset=\"https:\/\/diarioavanzada.com.mx\/wp-content\/uploads\/2025\/06\/Feria-de-ciencias-en-el-Bachillerato-11-de-Mina_b-1024x683.jpg 1024w, https:\/\/diarioavanzada.com.mx\/wp-content\/uploads\/2025\/06\/Feria-de-ciencias-en-el-Bachillerato-11-de-Mina_b-300x200.jpg 300w, https:\/\/diarioavanzada.com.mx\/wp-content\/uploads\/2025\/06\/Feria-de-ciencias-en-el-Bachillerato-11-de-Mina_b-768x512.jpg 768w, https:\/\/diarioavanzada.com.mx\/wp-content\/uploads\/2025\/06\/Feria-de-ciencias-en-el-Bachillerato-11-de-Mina_b-1536x1024.jpg 1536w, https:\/\/diarioavanzada.com.mx\/wp-content\/uploads\/2025\/06\/Feria-de-ciencias-en-el-Bachillerato-11-de-Mina_b-2048x1366.jpg 2048w, https:\/\/diarioavanzada.com.mx\/wp-content\/uploads\/2025\/06\/Feria-de-ciencias-en-el-Bachillerato-11-de-Mina_b-1200x800.jpg 1200w\" sizes=\"auto, (max-width: 1024px) 100vw, 1024px\" \/><\/figure>\n\n\n\n<figure class=\"wp-block-image size-large\"><img loading=\"lazy\" decoding=\"async\" width=\"1024\" height=\"683\" src=\"https:\/\/diarioavanzada.com.mx\/wp-content\/uploads\/2025\/06\/Feria-de-ciencias-en-el-Bachillerato-11-de-Mina_a-1024x683.jpg\" alt=\"\" class=\"wp-image-89021\" srcset=\"https:\/\/diarioavanzada.com.mx\/wp-content\/uploads\/2025\/06\/Feria-de-ciencias-en-el-Bachillerato-11-de-Mina_a-1024x683.jpg 1024w, https:\/\/diarioavanzada.com.mx\/wp-content\/uploads\/2025\/06\/Feria-de-ciencias-en-el-Bachillerato-11-de-Mina_a-300x200.jpg 300w, https:\/\/diarioavanzada.com.mx\/wp-content\/uploads\/2025\/06\/Feria-de-ciencias-en-el-Bachillerato-11-de-Mina_a-768x512.jpg 768w, https:\/\/diarioavanzada.com.mx\/wp-content\/uploads\/2025\/06\/Feria-de-ciencias-en-el-Bachillerato-11-de-Mina_a-1536x1024.jpg 1536w, https:\/\/diarioavanzada.com.mx\/wp-content\/uploads\/2025\/06\/Feria-de-ciencias-en-el-Bachillerato-11-de-Mina_a-2048x1366.jpg 2048w, https:\/\/diarioavanzada.com.mx\/wp-content\/uploads\/2025\/06\/Feria-de-ciencias-en-el-Bachillerato-11-de-Mina_a-1200x800.jpg 1200w\" sizes=\"auto, (max-width: 1024px) 100vw, 1024px\" \/><\/figure>\n\n\n\n<figure class=\"wp-block-image size-large\"><img loading=\"lazy\" decoding=\"async\" width=\"1024\" height=\"682\" src=\"https:\/\/diarioavanzada.com.mx\/wp-content\/uploads\/2025\/06\/Feria-de-ciencias-en-el-Bachillerato-11-de-Mina_c-1024x682.jpg\" alt=\"\" class=\"wp-image-89022\" srcset=\"https:\/\/diarioavanzada.com.mx\/wp-content\/uploads\/2025\/06\/Feria-de-ciencias-en-el-Bachillerato-11-de-Mina_c-1024x682.jpg 1024w, https:\/\/diarioavanzada.com.mx\/wp-content\/uploads\/2025\/06\/Feria-de-ciencias-en-el-Bachillerato-11-de-Mina_c-300x200.jpg 300w, https:\/\/diarioavanzada.com.mx\/wp-content\/uploads\/2025\/06\/Feria-de-ciencias-en-el-Bachillerato-11-de-Mina_c-768x512.jpg 768w, https:\/\/diarioavanzada.com.mx\/wp-content\/uploads\/2025\/06\/Feria-de-ciencias-en-el-Bachillerato-11-de-Mina_c-1536x1024.jpg 1536w, https:\/\/diarioavanzada.com.mx\/wp-content\/uploads\/2025\/06\/Feria-de-ciencias-en-el-Bachillerato-11-de-Mina_c-2048x1365.jpg 2048w, https:\/\/diarioavanzada.com.mx\/wp-content\/uploads\/2025\/06\/Feria-de-ciencias-en-el-Bachillerato-11-de-Mina_c-1200x800.jpg 1200w\" sizes=\"auto, (max-width: 1024px) 100vw, 1024px\" \/><\/figure>\n\n\n\n<p class=\"wp-block-paragraph\"><\/p>\n<div class=\"fb-background-color\">\n\t\t\t  <div \n\t\t\t  \tclass = \"fb-comments\" \n\t\t\t  \tdata-href = \"https:\/\/diarioavanzada.com.mx\/?p=89017\"\n\t\t\t  \tdata-numposts = \"10\"\n\t\t\t  \tdata-lazy = \"true\"\n\t\t\t\tdata-colorscheme = \"light\"\n\t\t\t\tdata-order-by = \"social\"\n\t\t\t\tdata-mobile=true>\n\t\t\t  <\/div><\/div>\n\t\t  <style>\n\t\t    .fb-background-color {\n\t\t\t\tbackground:  !important;\n\t\t\t}\n\t\t\t.fb_iframe_widget_fluid_desktop iframe {\n\t\t\t    width: 100% !important;\n\t\t\t}\n\t\t  <\/style>\n\t\t  ","protected":false},"excerpt":{"rendered":"<p>El evento reuni\u00f3 a estudiantes, docentes y visitantes de escuelas primarias y secundarias del municipio, quienes pudieron conocer los proyectos desarrollados en las asignaturas de F\u00edsica, Qu\u00edmica, Biolog\u00eda y Electromec\u00e1nica. Colima, M\u00e9xico, Comunicado (04\/06\/2025).- Con el objetivo de fomentar el inter\u00e9s por la investigaci\u00f3n desde una edad temprana, el Bachillerato 11 de la Universidad de [&hellip;]<\/p>\n","protected":false},"author":7,"featured_media":89024,"comment_status":"closed","ping_status":"closed","sticky":false,"template":"","format":"standard","meta":{"_coblocks_attr":"","_coblocks_dimensions":"","_coblocks_responsive_height":"","_coblocks_accordion_ie_support":"","_crdt_document":"","advanced_seo_description":"","jetpack_seo_html_title":"","jetpack_seo_noindex":false,"_jetpack_memberships_contains_paid_content":false,"footnotes":""},"categories":[19,209],"tags":[],"class_list":["post-89017","post","type-post","status-publish","format-standard","has-post-thumbnail","hentry","category-colima","category-importantes"],"jetpack_featured_media_url":"https:\/\/diarioavanzada.com.mx\/wp-content\/uploads\/2025\/06\/Feria-de-ciencias-en-el-Bachillerato-11-de-Mina_d.jpg","jetpack-related-posts":[],"jetpack_sharing_enabled":true,"amp_enabled":true,"_links":{"self":[{"href":"https:\/\/diarioavanzada.com.mx\/index.php?rest_route=\/wp\/v2\/posts\/89017","targetHints":{"allow":["GET"]}}],"collection":[{"href":"https:\/\/diarioavanzada.com.mx\/index.php?rest_route=\/wp\/v2\/posts"}],"about":[{"href":"https:\/\/diarioavanzada.com.mx\/index.php?rest_route=\/wp\/v2\/types\/post"}],"author":[{"embeddable":true,"href":"https:\/\/diarioavanzada.com.mx\/index.php?rest_route=\/wp\/v2\/users\/7"}],"replies":[{"embeddable":true,"href":"https:\/\/diarioavanzada.com.mx\/index.php?rest_route=%2Fwp%2Fv2%2Fcomments&post=89017"}],"version-history":[{"count":3,"href":"https:\/\/diarioavanzada.com.mx\/index.php?rest_route=\/wp\/v2\/posts\/89017\/revisions"}],"predecessor-version":[{"id":89025,"href":"https:\/\/diarioavanzada.com.mx\/index.php?rest_route=\/wp\/v2\/posts\/89017\/revisions\/89025"}],"wp:featuredmedia":[{"embeddable":true,"href":"https:\/\/diarioavanzada.com.mx\/index.php?rest_route=\/wp\/v2\/media\/89024"}],"wp:attachment":[{"href":"https:\/\/diarioavanzada.com.mx\/index.php?rest_route=%2Fwp%2Fv2%2Fmedia&parent=89017"}],"wp:term":[{"taxonomy":"category","embeddable":true,"href":"https:\/\/diarioavanzada.com.mx\/index.php?rest_route=%2Fwp%2Fv2%2Fcategories&post=89017"},{"taxonomy":"post_tag","embeddable":true,"href":"https:\/\/diarioavanzada.com.mx\/index.php?rest_route=%2Fwp%2Fv2%2Ftags&post=89017"}],"curies":[{"name":"wp","href":"https:\/\/api.w.org\/{rel}","templated":true}]}}