{"id":8901,"date":"2019-12-02T09:20:25","date_gmt":"2019-12-02T14:20:25","guid":{"rendered":"https:\/\/diarioavanzada.com.mx\/?p=8901"},"modified":"2019-12-02T13:07:32","modified_gmt":"2019-12-02T18:07:32","slug":"presupuestan-menos-recursos-para-fomento-economico-en-colima-y-desarrollo-rural","status":"publish","type":"post","link":"https:\/\/diarioavanzada.com.mx\/?p=8901","title":{"rendered":"Presupuestan menos recursos para fomento econ\u00f3mico en Colima y desarrollo rural"},"content":{"rendered":"\n<p class=\"wp-block-paragraph\">Colima, M\u00e9xico, Avanzada (02\/11\/2019).- Para el siguiente a\u00f1o, el gobierno del Estado de Colima tendr\u00e1 un presupuesto de 17 mil 024 millones de pesos, un 6.1 por ciento menos que los 18 mil 137 millones de pesos ejercidos en este 2019.<\/p>\n\n\n\n<p class=\"wp-block-paragraph\">El recorte de poco m\u00e1s de mil millones impacta en los recursos econ\u00f3micos de las secretar\u00edas del Gobierno del Estado, quienes tendr\u00e1n menos dinero que el ejercido este a\u00f1o. Una de las dependencias m\u00e1s afectadas es la Secretar\u00eda de Desarrollo Rural, que est\u00e1 a cargo de Agust\u00edn Morales, la cual pasar\u00e1 de 646 millones 806 mil pesos ejercidos este a\u00f1o a s\u00f3lo 185 millones 108 mil pesos el pr\u00f3ximo. <\/p>\n\n\n\n<p class=\"wp-block-paragraph\">Sin embargo, la que tuvo una reducci\u00f3n de m\u00e1s de mil millones de su presupuesto fue la de Infraestructura y Desarrollo Urbano, la cual pas\u00f3 de un presupuesto de mil 266 millones 85 mil pesos en el 2019 a 171 millones 624 mil 453 pesos en el 2020. <\/p>\n\n\n\n<p class=\"wp-block-paragraph\">La secretar\u00eda de Fomento Econ\u00f3mico pas\u00f3 de un presupuesto de 104 millones 510 mil pesos a 66 millones 27 mil pesos. <\/p>\n\n\n\n<p class=\"wp-block-paragraph\">La secretar\u00eda de Turismo perdi\u00f3 casi el 50 por ciento del presupuesto de este a\u00f1o, pues de 112 millones de pesos s\u00f3lo ejercer\u00e1 en el 2020, 52 millones 872 mil pesos.\u00a0 La secretar\u00eda de Cultura es otra de las que ejercer\u00e1 14 millones de pesos en el 2020. <\/p>\n\n\n\n<p class=\"wp-block-paragraph\">La Oficina del gobernador, registra un recorte de 40 millones de pesos, en comparaci\u00f3n con el presupuesto de 2019. <\/p>\n\n\n\n<p class=\"wp-block-paragraph\">La secretar\u00eda de Planeaci\u00f3n y Finanzas tendr\u00e1 179 millones 309 mil pesos, cuando este a\u00f1o ejerci\u00f3 186 millones 70 mil pesos, la reducci\u00f3n es de aproximadamente 7 millones de pesos. <\/p>\n\n\n\n<p class=\"wp-block-paragraph\">LAS BENEFICIADAS: <\/p>\n\n\n\n<p class=\"wp-block-paragraph\">La secretar\u00eda de Desarrollo Social tendr\u00e1 un incremento de poco m\u00e1s de 8 millones de pesos; en tanto, la Secretar\u00eda General de Gobierno tuvo 633 millones 726 mil pesos y ejercer\u00e1 637 millones 770 mil pesos. Tambi\u00e9n hay ligeros aumentos en Salud, Educaci\u00f3n. <\/p>\n\n\n\n<p class=\"wp-block-paragraph\">De acuerdo a la explicaci\u00f3n de los diputados, en el presupuesto de 2020, se hicieron reasignaciones presupuestales para recortar a algunas dependencias recursos econ\u00f3micos y aumentar en rumbos prioritarios, por ejemplo, La Universidad de Colima y el Instituto Tecnol\u00f3gico de Colima tendr\u00e1n m\u00e1s recursos que en el 2019, as\u00ed como la Fiscal\u00eda General del Estado.<br><\/p>\n\n\n\n<p class=\"wp-block-paragraph\"><\/p>\n\n\n\n<p class=\"wp-block-paragraph\">LAS BENEFICIADAS:<\/p>\n<div class=\"fb-background-color\">\n\t\t\t  <div \n\t\t\t  \tclass = \"fb-comments\" \n\t\t\t  \tdata-href = \"https:\/\/diarioavanzada.com.mx\/?p=8901\"\n\t\t\t  \tdata-numposts = \"10\"\n\t\t\t  \tdata-lazy = \"true\"\n\t\t\t\tdata-colorscheme = \"light\"\n\t\t\t\tdata-order-by = \"social\"\n\t\t\t\tdata-mobile=true>\n\t\t\t  <\/div><\/div>\n\t\t  <style>\n\t\t    .fb-background-color {\n\t\t\t\tbackground:  !important;\n\t\t\t}\n\t\t\t.fb_iframe_widget_fluid_desktop iframe {\n\t\t\t    width: 100% !important;\n\t\t\t}\n\t\t  <\/style>\n\t\t  ","protected":false},"excerpt":{"rendered":"<p>Colima, M\u00e9xico, Avanzada (02\/11\/2019).- Para el siguiente a\u00f1o, el gobierno del Estado de Colima tendr\u00e1 un presupuesto de 17 mil 024 millones de pesos, un 6.1 por ciento menos que los 18 mil 137 millones de pesos ejercidos en este 2019. El recorte de poco m\u00e1s de mil millones impacta en los recursos econ\u00f3micos de [&hellip;]<\/p>\n","protected":false},"author":5,"featured_media":8902,"comment_status":"closed","ping_status":"closed","sticky":false,"template":"","format":"standard","meta":{"_coblocks_attr":"","_coblocks_dimensions":"","_coblocks_responsive_height":"","_coblocks_accordion_ie_support":"","_crdt_document":"","advanced_seo_description":"","jetpack_seo_html_title":"","jetpack_seo_noindex":false,"_jetpack_memberships_contains_paid_content":false,"footnotes":""},"categories":[19],"tags":[210],"class_list":["post-8901","post","type-post","status-publish","format-standard","has-post-thumbnail","hentry","category-colima","tag-portada"],"jetpack_featured_media_url":"https:\/\/diarioavanzada.com.mx\/wp-content\/uploads\/2019\/12\/Baja-presupesto.jpg","jetpack-related-posts":[],"jetpack_sharing_enabled":true,"amp_enabled":true,"_links":{"self":[{"href":"https:\/\/diarioavanzada.com.mx\/index.php?rest_route=\/wp\/v2\/posts\/8901","targetHints":{"allow":["GET"]}}],"collection":[{"href":"https:\/\/diarioavanzada.com.mx\/index.php?rest_route=\/wp\/v2\/posts"}],"about":[{"href":"https:\/\/diarioavanzada.com.mx\/index.php?rest_route=\/wp\/v2\/types\/post"}],"author":[{"embeddable":true,"href":"https:\/\/diarioavanzada.com.mx\/index.php?rest_route=\/wp\/v2\/users\/5"}],"replies":[{"embeddable":true,"href":"https:\/\/diarioavanzada.com.mx\/index.php?rest_route=%2Fwp%2Fv2%2Fcomments&post=8901"}],"version-history":[{"count":0,"href":"https:\/\/diarioavanzada.com.mx\/index.php?rest_route=\/wp\/v2\/posts\/8901\/revisions"}],"wp:featuredmedia":[{"embeddable":true,"href":"https:\/\/diarioavanzada.com.mx\/index.php?rest_route=\/wp\/v2\/media\/8902"}],"wp:attachment":[{"href":"https:\/\/diarioavanzada.com.mx\/index.php?rest_route=%2Fwp%2Fv2%2Fmedia&parent=8901"}],"wp:term":[{"taxonomy":"category","embeddable":true,"href":"https:\/\/diarioavanzada.com.mx\/index.php?rest_route=%2Fwp%2Fv2%2Fcategories&post=8901"},{"taxonomy":"post_tag","embeddable":true,"href":"https:\/\/diarioavanzada.com.mx\/index.php?rest_route=%2Fwp%2Fv2%2Ftags&post=8901"}],"curies":[{"name":"wp","href":"https:\/\/api.w.org\/{rel}","templated":true}]}}