{"id":8896,"date":"2019-12-02T08:17:05","date_gmt":"2019-12-02T13:17:05","guid":{"rendered":"https:\/\/diarioavanzada.com.mx\/?p=8896"},"modified":"2019-12-02T08:17:06","modified_gmt":"2019-12-02T13:17:06","slug":"oficina-del-gobernador-dispondra-de-750-mil-pesos-diarios-en-2020","status":"publish","type":"post","link":"https:\/\/diarioavanzada.com.mx\/?p=8896","title":{"rendered":"Oficina del Gobernador dispondr\u00e1 de 750 mil pesos diarios en 2020"},"content":{"rendered":"\n<p class=\"wp-block-paragraph\">Colima, M\u00e9xico, Avanzada (02\/11\/2019).- Pese al recorte de 40 millones de pesos, en el 2020, la&nbsp;Oficina&nbsp;del&nbsp;Gobernador, Ignacio Peralta S\u00e1nchez tendr\u00e1n un presupuesto de 309 millones 576 mil 256 pesos, de los cuales, 256 millones 622 mil 276 pesos estar\u00e1n destinados exclusivamente para el despacho del titular del Ejecutivo.<\/p>\n\n\n\n<p class=\"wp-block-paragraph\">Lo anterior se desprende del Presupuesto de Egresos para el siguiente a\u00f1o, el cual fue aprobado por los diputados locales de las distintas fracciones parlamentarias y que entrar\u00e1 en vigor el pr\u00f3ximo primero de enero.<\/p>\n\n\n\n<p class=\"wp-block-paragraph\">Por las cantidades aprobadas, la oficina del titular del ejecutivo dispondr\u00e1 de poco m\u00e1s de 750 mil pesos diarios durante los 365 d\u00edas del a\u00f1o. &nbsp;<\/p>\n\n\n\n<p class=\"wp-block-paragraph\">En el documento se establece que de los 309 millones 576 mil pesos asignados a la&nbsp;Oficina&nbsp;del mandatario, Ignacio Peralta S\u00e1nchez, 16 millones 780 mil pesos ser\u00e1n para comunicaci\u00f3n social, dependencia que tendr\u00e1 casi 3 millones de pesos menos que este a\u00f1o; 20 millones 821 mil pesos para la Administraci\u00f3n general de la&nbsp;Oficina&nbsp;del&nbsp;gobernador.<\/p>\n\n\n\n<p class=\"wp-block-paragraph\">Mientras que 256 millones 622 mil 276 pesos ser\u00e1n para el despacho del ejecutivo, es decir, dispondr\u00e1 de poco m\u00e1s 750 mil pesos diarios para gastarlos en las actividades que esa \u00e1rea considere pertinentes, pues en el presupuesto de Egresos no est\u00e1 desglosado los rubros en los que se invertir\u00eda.<\/p>\n\n\n\n<p class=\"wp-block-paragraph\">Aunque los actuales diputados le recortaron 42 millones a la&nbsp;oficina&nbsp;del&nbsp;gobernador&nbsp;en comparaci\u00f3n con el presupuesto que ejerce actualmente, la disminuci\u00f3n no permiti\u00f3 que se igualara el presupuesto que ejerci\u00f3 en 2017, cuando se le asignaron 287 millones 611 mil pesos.<\/p>\n<div class=\"fb-background-color\">\n\t\t\t  <div \n\t\t\t  \tclass = \"fb-comments\" \n\t\t\t  \tdata-href = \"https:\/\/diarioavanzada.com.mx\/?p=8896\"\n\t\t\t  \tdata-numposts = \"10\"\n\t\t\t  \tdata-lazy = \"true\"\n\t\t\t\tdata-colorscheme = \"light\"\n\t\t\t\tdata-order-by = \"social\"\n\t\t\t\tdata-mobile=true>\n\t\t\t  <\/div><\/div>\n\t\t  <style>\n\t\t    .fb-background-color {\n\t\t\t\tbackground:  !important;\n\t\t\t}\n\t\t\t.fb_iframe_widget_fluid_desktop iframe {\n\t\t\t    width: 100% !important;\n\t\t\t}\n\t\t  <\/style>\n\t\t  ","protected":false},"excerpt":{"rendered":"<p>Colima, M\u00e9xico, Avanzada (02\/11\/2019).- Pese al recorte de 40 millones de pesos, en el 2020, la&nbsp;Oficina&nbsp;del&nbsp;Gobernador, Ignacio Peralta S\u00e1nchez tendr\u00e1n un presupuesto de 309 millones 576 mil 256 pesos, de los cuales, 256 millones 622 mil 276 pesos estar\u00e1n destinados exclusivamente para el despacho del titular del Ejecutivo. Lo anterior se desprende del Presupuesto de [&hellip;]<\/p>\n","protected":false},"author":5,"featured_media":6880,"comment_status":"closed","ping_status":"closed","sticky":false,"template":"","format":"standard","meta":{"_coblocks_attr":"","_coblocks_dimensions":"","_coblocks_responsive_height":"","_coblocks_accordion_ie_support":"","_crdt_document":"","advanced_seo_description":"","jetpack_seo_html_title":"","jetpack_seo_noindex":false,"_jetpack_memberships_contains_paid_content":false,"footnotes":""},"categories":[19],"tags":[210],"class_list":["post-8896","post","type-post","status-publish","format-standard","has-post-thumbnail","hentry","category-colima","tag-portada"],"jetpack_featured_media_url":"https:\/\/diarioavanzada.com.mx\/wp-content\/uploads\/2019\/08\/Gobernador-votacio\u0301n.jpg","jetpack-related-posts":[],"jetpack_sharing_enabled":true,"amp_enabled":true,"_links":{"self":[{"href":"https:\/\/diarioavanzada.com.mx\/index.php?rest_route=\/wp\/v2\/posts\/8896","targetHints":{"allow":["GET"]}}],"collection":[{"href":"https:\/\/diarioavanzada.com.mx\/index.php?rest_route=\/wp\/v2\/posts"}],"about":[{"href":"https:\/\/diarioavanzada.com.mx\/index.php?rest_route=\/wp\/v2\/types\/post"}],"author":[{"embeddable":true,"href":"https:\/\/diarioavanzada.com.mx\/index.php?rest_route=\/wp\/v2\/users\/5"}],"replies":[{"embeddable":true,"href":"https:\/\/diarioavanzada.com.mx\/index.php?rest_route=%2Fwp%2Fv2%2Fcomments&post=8896"}],"version-history":[{"count":0,"href":"https:\/\/diarioavanzada.com.mx\/index.php?rest_route=\/wp\/v2\/posts\/8896\/revisions"}],"wp:featuredmedia":[{"embeddable":true,"href":"https:\/\/diarioavanzada.com.mx\/index.php?rest_route=\/wp\/v2\/media\/6880"}],"wp:attachment":[{"href":"https:\/\/diarioavanzada.com.mx\/index.php?rest_route=%2Fwp%2Fv2%2Fmedia&parent=8896"}],"wp:term":[{"taxonomy":"category","embeddable":true,"href":"https:\/\/diarioavanzada.com.mx\/index.php?rest_route=%2Fwp%2Fv2%2Fcategories&post=8896"},{"taxonomy":"post_tag","embeddable":true,"href":"https:\/\/diarioavanzada.com.mx\/index.php?rest_route=%2Fwp%2Fv2%2Ftags&post=8896"}],"curies":[{"name":"wp","href":"https:\/\/api.w.org\/{rel}","templated":true}]}}