{"id":88916,"date":"2025-06-04T07:43:14","date_gmt":"2025-06-04T13:43:14","guid":{"rendered":"https:\/\/diarioavanzada.com.mx\/?p=88916"},"modified":"2025-06-04T07:43:14","modified_gmt":"2025-06-04T13:43:14","slug":"se-esperan-lluvias-calor-extremo-y-oleaje-elevado-este-miercoles-en-colima","status":"publish","type":"post","link":"https:\/\/diarioavanzada.com.mx\/?p=88916","title":{"rendered":"Se esperan lluvias, calor extremo y oleaje elevado este mi\u00e9rcoles en Colima"},"content":{"rendered":"\n<p class=\"p1 wp-block-paragraph\">Colima, M\u00e9xico, Avanzada (04\/06\/2025).- El estado de Colima registrar\u00e1 este mi\u00e9rcoles condiciones meteorol\u00f3gicas adversas debido a la combinaci\u00f3n de diversos sistemas atmosf\u00e9ricos que afectan al occidente del pa\u00eds, inform\u00f3 el Servicio Meteorol\u00f3gico Nacional.<\/p>\n\n\n\n<p class=\"p1 wp-block-paragraph\">De acuerdo con el pron\u00f3stico, se prev\u00e9n lluvias puntuales fuertes en territorio colimense, acompa\u00f1adas de descargas el\u00e9ctricas, rachas de viento y posible ca\u00edda de granizo. Estas precipitaciones podr\u00edan provocar incrementos en r\u00edos y arroyos, deslaves, inundaciones y encharcamientos, adem\u00e1s de visibilidad reducida en zonas urbanas y rurales.<\/p>\n\n\n\n<p class=\"p1 wp-block-paragraph\">En paralelo, persistir\u00e1 la onda de calor que mantiene temperaturas m\u00e1ximas de entre 35 y 40 grados Celsius, lo que mantendr\u00e1 el ambiente muy caluroso en gran parte del estado.<\/p>\n\n\n\n<p class=\"p1 wp-block-paragraph\">Asimismo, se prev\u00e9 oleaje elevado de 1.5 a 2.5 metros de altura en las costas de Colima, por lo que autoridades mar\u00edtimas y de protecci\u00f3n civil exhortan a extremar precauciones en zonas costeras, sobre todo para embarcaciones menores y actividades recreativas.<\/p>\n\n\n\n<p class=\"p1 wp-block-paragraph\">Estas condiciones son consecuencia del ingreso de aire h\u00famedo proveniente del oc\u00e9ano Pac\u00edfico, en combinaci\u00f3n con un canal de baja presi\u00f3n y una circulaci\u00f3n anticicl\u00f3nica en niveles medios de la atm\u00f3sfera, que potencia las temperaturas elevadas.<\/p>\n\n\n\n<p class=\"p1 wp-block-paragraph\">El SMN reiter\u00f3 su llamado a la poblaci\u00f3n para mantenerse informada a trav\u00e9s de fuentes oficiales y atender las recomendaciones de Protecci\u00f3n Civil, especialmente en zonas propensas a deslaves e inundaciones.<\/p>\n\n\n\n<p class=\"p1 wp-block-paragraph\">Adem\u00e1s de Colima, otros estados del Pac\u00edfico centro como Jalisco y Michoac\u00e1n tambi\u00e9n presentar\u00e1n lluvias intensas, calor extremo y fuerte oleaje a lo largo del d\u00eda.<\/p>\n<div class=\"fb-background-color\">\n\t\t\t  <div \n\t\t\t  \tclass = \"fb-comments\" \n\t\t\t  \tdata-href = \"https:\/\/diarioavanzada.com.mx\/?p=88916\"\n\t\t\t  \tdata-numposts = \"10\"\n\t\t\t  \tdata-lazy = \"true\"\n\t\t\t\tdata-colorscheme = \"light\"\n\t\t\t\tdata-order-by = \"social\"\n\t\t\t\tdata-mobile=true>\n\t\t\t  <\/div><\/div>\n\t\t  <style>\n\t\t    .fb-background-color {\n\t\t\t\tbackground:  !important;\n\t\t\t}\n\t\t\t.fb_iframe_widget_fluid_desktop iframe {\n\t\t\t    width: 100% !important;\n\t\t\t}\n\t\t  <\/style>\n\t\t  ","protected":false},"excerpt":{"rendered":"<p>Colima, M\u00e9xico, Avanzada (04\/06\/2025).- El estado de Colima registrar\u00e1 este mi\u00e9rcoles condiciones meteorol\u00f3gicas adversas debido a la combinaci\u00f3n de diversos sistemas atmosf\u00e9ricos que afectan al occidente del pa\u00eds, inform\u00f3 el Servicio Meteorol\u00f3gico Nacional. De acuerdo con el pron\u00f3stico, se prev\u00e9n lluvias puntuales fuertes en territorio colimense, acompa\u00f1adas de descargas el\u00e9ctricas, rachas de viento y posible [&hellip;]<\/p>\n","protected":false},"author":7,"featured_media":88915,"comment_status":"closed","ping_status":"closed","sticky":false,"template":"","format":"standard","meta":{"_coblocks_attr":"","_coblocks_dimensions":"","_coblocks_responsive_height":"","_coblocks_accordion_ie_support":"","_crdt_document":"","advanced_seo_description":"","jetpack_seo_html_title":"","jetpack_seo_noindex":false,"_jetpack_memberships_contains_paid_content":false,"footnotes":""},"categories":[19,7,29],"tags":[],"class_list":["post-88916","post","type-post","status-publish","format-standard","has-post-thumbnail","hentry","category-colima","category-noticias","category-sociedad"],"jetpack_featured_media_url":"https:\/\/diarioavanzada.com.mx\/wp-content\/uploads\/2025\/06\/img_8814-1.jpg","jetpack-related-posts":[],"jetpack_sharing_enabled":true,"amp_enabled":true,"_links":{"self":[{"href":"https:\/\/diarioavanzada.com.mx\/index.php?rest_route=\/wp\/v2\/posts\/88916","targetHints":{"allow":["GET"]}}],"collection":[{"href":"https:\/\/diarioavanzada.com.mx\/index.php?rest_route=\/wp\/v2\/posts"}],"about":[{"href":"https:\/\/diarioavanzada.com.mx\/index.php?rest_route=\/wp\/v2\/types\/post"}],"author":[{"embeddable":true,"href":"https:\/\/diarioavanzada.com.mx\/index.php?rest_route=\/wp\/v2\/users\/7"}],"replies":[{"embeddable":true,"href":"https:\/\/diarioavanzada.com.mx\/index.php?rest_route=%2Fwp%2Fv2%2Fcomments&post=88916"}],"version-history":[{"count":0,"href":"https:\/\/diarioavanzada.com.mx\/index.php?rest_route=\/wp\/v2\/posts\/88916\/revisions"}],"wp:featuredmedia":[{"embeddable":true,"href":"https:\/\/diarioavanzada.com.mx\/index.php?rest_route=\/wp\/v2\/media\/88915"}],"wp:attachment":[{"href":"https:\/\/diarioavanzada.com.mx\/index.php?rest_route=%2Fwp%2Fv2%2Fmedia&parent=88916"}],"wp:term":[{"taxonomy":"category","embeddable":true,"href":"https:\/\/diarioavanzada.com.mx\/index.php?rest_route=%2Fwp%2Fv2%2Fcategories&post=88916"},{"taxonomy":"post_tag","embeddable":true,"href":"https:\/\/diarioavanzada.com.mx\/index.php?rest_route=%2Fwp%2Fv2%2Ftags&post=88916"}],"curies":[{"name":"wp","href":"https:\/\/api.w.org\/{rel}","templated":true}]}}