{"id":88899,"date":"2025-06-03T20:39:11","date_gmt":"2025-06-04T02:39:11","guid":{"rendered":"https:\/\/diarioavanzada.com.mx\/?p=88899"},"modified":"2025-06-03T20:48:23","modified_gmt":"2025-06-04T02:48:23","slug":"el-puerto-de-manzanillo-perdio-150-mdd-por-culpa-de-los-cuates-de-la-cabeza-senadora","status":"publish","type":"post","link":"https:\/\/diarioavanzada.com.mx\/?p=88899","title":{"rendered":"El puerto de Manzanillo perdi\u00f3 150 MDD por culpa de los \u201ccuates de la cabeza\u201d: Senadora"},"content":{"rendered":"\n<p class=\"p1 wp-block-paragraph\">Colima, M\u00e9xico, Avanzada (03\/06\/2025).- La senadora de la Rep\u00fablica, Mely Romero Celis, denunci\u00f3 p\u00fablicamente que el colapso operativo en el puerto de Manzanillo, que ya ha generado p\u00e9rdidas superiores a los 150 millones de d\u00f3lares, es consecuencia directa de la designaci\u00f3n de funcionarios sin experiencia por parte del gobierno federal, a quienes calific\u00f3 como \u201ccuates de la cabeza\u201d.<\/p>\n\n\n\n<p class=\"p1 wp-block-paragraph\">Durante un pronunciamiento ante medios de comunicaci\u00f3n, Romero se\u00f1al\u00f3 que la crisis comenz\u00f3 entre el 2 y el 14 de mayo tras una manifestaci\u00f3n de trabajadores de la aduana, pero lo que agrav\u00f3 la situaci\u00f3n fue la incapacidad de las autoridades federales para restablecer el funcionamiento normal del recinto portuario.<\/p>\n\n\n\n<p class=\"p1 wp-block-paragraph\">\u201cLo que sucedi\u00f3 en Manzanillo es que no se le dio la tarea a quienes ya tuviesen suficiente experiencia en el tema\u201d, advirti\u00f3, al tiempo que responsabiliz\u00f3 al gobierno federal de haber nombrado a personas sin preparaci\u00f3n adecuada, lo que ha derivado en una par\u00e1lisis operativa que pone en riesgo contratos millonarios, empleos y la competitividad del puerto m\u00e1s importante del pa\u00eds en movimiento de contenedores.<\/p>\n\n\n\n<p class=\"p1 wp-block-paragraph\">La legisladora colimense destac\u00f3 que los retrasos en las operaciones portuarias han alcanzado hasta las 72 horas para revisiones que normalmente se realizan en tres, afectando directamente a transportistas, empresas log\u00edsticas y al comercio exterior. \u201cHay filas interminables de tr\u00e1ileres, choferes varados sin agua ni alimentos, y un impacto econ\u00f3mico que puede prolongarse por a\u00f1os\u201d, advirti\u00f3.<\/p>\n\n\n\n<p class=\"p1 wp-block-paragraph\">Romero sostuvo que la situaci\u00f3n refleja una falla estructural en la administraci\u00f3n p\u00fablica federal, donde no se toman decisiones t\u00e9cnicas, sino pol\u00edticas, como ocurre tambi\u00e9n \u2014dijo\u2014 en el sistema de salud y en el campo, donde la ineficiencia administrativa ha sustituido la capacidad operativa.<\/p>\n\n\n\n<p class=\"p1 wp-block-paragraph\">La senadora pidi\u00f3 que tanto la presidencia de la Rep\u00fablica como las autoridades federales y estatales act\u00faen de inmediato, inyectando recursos, contratando personal capacitado y ampliando la infraestructura actual del puerto. De lo contrario, advirti\u00f3, \u201cManzanillo podr\u00eda perder su lugar como eje estrat\u00e9gico de comercio internacional\u201d.<\/p>\n\n\n\n<p class=\"p1 wp-block-paragraph\"><\/p>\n<div class=\"fb-background-color\">\n\t\t\t  <div \n\t\t\t  \tclass = \"fb-comments\" \n\t\t\t  \tdata-href = \"https:\/\/diarioavanzada.com.mx\/?p=88899\"\n\t\t\t  \tdata-numposts = \"10\"\n\t\t\t  \tdata-lazy = \"true\"\n\t\t\t\tdata-colorscheme = \"light\"\n\t\t\t\tdata-order-by = \"social\"\n\t\t\t\tdata-mobile=true>\n\t\t\t  <\/div><\/div>\n\t\t  <style>\n\t\t    .fb-background-color {\n\t\t\t\tbackground:  !important;\n\t\t\t}\n\t\t\t.fb_iframe_widget_fluid_desktop iframe {\n\t\t\t    width: 100% !important;\n\t\t\t}\n\t\t  <\/style>\n\t\t  ","protected":false},"excerpt":{"rendered":"<p>Colima, M\u00e9xico, Avanzada (03\/06\/2025).- La senadora de la Rep\u00fablica, Mely Romero Celis, denunci\u00f3 p\u00fablicamente que el colapso operativo en el puerto de Manzanillo, que ya ha generado p\u00e9rdidas superiores a los 150 millones de d\u00f3lares, es consecuencia directa de la designaci\u00f3n de funcionarios sin experiencia por parte del gobierno federal, a quienes calific\u00f3 como \u201ccuates [&hellip;]<\/p>\n","protected":false},"author":7,"featured_media":88900,"comment_status":"closed","ping_status":"closed","sticky":false,"template":"","format":"standard","meta":{"_coblocks_attr":"","_coblocks_dimensions":"","_coblocks_responsive_height":"","_coblocks_accordion_ie_support":"","_crdt_document":"","advanced_seo_description":"","jetpack_seo_html_title":"","jetpack_seo_noindex":false,"_jetpack_memberships_contains_paid_content":false,"footnotes":""},"categories":[19,209,7],"tags":[210],"class_list":["post-88899","post","type-post","status-publish","format-standard","has-post-thumbnail","hentry","category-colima","category-importantes","category-noticias","tag-portada"],"jetpack_featured_media_url":"https:\/\/diarioavanzada.com.mx\/wp-content\/uploads\/2025\/06\/img_3127-1.jpg","jetpack-related-posts":[],"jetpack_sharing_enabled":true,"amp_enabled":true,"_links":{"self":[{"href":"https:\/\/diarioavanzada.com.mx\/index.php?rest_route=\/wp\/v2\/posts\/88899","targetHints":{"allow":["GET"]}}],"collection":[{"href":"https:\/\/diarioavanzada.com.mx\/index.php?rest_route=\/wp\/v2\/posts"}],"about":[{"href":"https:\/\/diarioavanzada.com.mx\/index.php?rest_route=\/wp\/v2\/types\/post"}],"author":[{"embeddable":true,"href":"https:\/\/diarioavanzada.com.mx\/index.php?rest_route=\/wp\/v2\/users\/7"}],"replies":[{"embeddable":true,"href":"https:\/\/diarioavanzada.com.mx\/index.php?rest_route=%2Fwp%2Fv2%2Fcomments&post=88899"}],"version-history":[{"count":3,"href":"https:\/\/diarioavanzada.com.mx\/index.php?rest_route=\/wp\/v2\/posts\/88899\/revisions"}],"predecessor-version":[{"id":88903,"href":"https:\/\/diarioavanzada.com.mx\/index.php?rest_route=\/wp\/v2\/posts\/88899\/revisions\/88903"}],"wp:featuredmedia":[{"embeddable":true,"href":"https:\/\/diarioavanzada.com.mx\/index.php?rest_route=\/wp\/v2\/media\/88900"}],"wp:attachment":[{"href":"https:\/\/diarioavanzada.com.mx\/index.php?rest_route=%2Fwp%2Fv2%2Fmedia&parent=88899"}],"wp:term":[{"taxonomy":"category","embeddable":true,"href":"https:\/\/diarioavanzada.com.mx\/index.php?rest_route=%2Fwp%2Fv2%2Fcategories&post=88899"},{"taxonomy":"post_tag","embeddable":true,"href":"https:\/\/diarioavanzada.com.mx\/index.php?rest_route=%2Fwp%2Fv2%2Ftags&post=88899"}],"curies":[{"name":"wp","href":"https:\/\/api.w.org\/{rel}","templated":true}]}}