{"id":88815,"date":"2025-06-03T15:57:32","date_gmt":"2025-06-03T21:57:32","guid":{"rendered":"https:\/\/diarioavanzada.com.mx\/?p=88815"},"modified":"2025-06-03T15:58:44","modified_gmt":"2025-06-03T21:58:44","slug":"tragedia-en-nuevo-leon-vuelca-autobus-y-deja-11-muertos-y-19-heridos","status":"publish","type":"post","link":"https:\/\/diarioavanzada.com.mx\/?p=88815","title":{"rendered":"Nuevo Le\u00f3n: Volcadura de autob\u00fas deja 11 muertos y 19 heridos"},"content":{"rendered":"\n<p class=\"p1 wp-block-paragraph\"><em>Un autob\u00fas tur\u00edstico que viajaba de Escobedo a Tampico volc\u00f3 en la carretera nacional 85, en Hualahuises, Nuevo Le\u00f3n, dejando 11 personas muertas y 19 lesionadas. Autoridades contin\u00faan investigando las causas del accidente.<\/em><\/p>\n\n\n\n<p class=\"p1 wp-block-paragraph\">Nuevo Le\u00f3n, M\u00e9xico, Avanzada (03\/06\/2025).- Un autob\u00fas de turismo que viajaba con rumbo a Tampico desde el municipio de Escobedo volc\u00f3 durante la madrugada de este martes sobre la carretera nacional 85, en el tramo comprendido entre Montemorelos y Hualahuises, dejando un saldo fatal de 11 personas fallecidas y al menos 19 heridas.<\/p>\n\n\n\n<p class=\"p1 wp-block-paragraph\">El accidente ocurri\u00f3 a la altura del kil\u00f3metro 169, en la Congregaci\u00f3n La Laja, dentro del municipio de Hualahuises. Debido a la magnitud del percance, la circulaci\u00f3n fue cerrada completamente en ambos sentidos por varias horas, aunque el paso hacia Tamaulipas fue restablecido m\u00e1s tarde en la ma\u00f1ana.<\/p>\n\n\n\n<p class=\"p1 wp-block-paragraph\">Protecci\u00f3n Civil de Nuevo Le\u00f3n inform\u00f3 que al sitio acudieron m\u00faltiples cuerpos de emergencia, incluidos param\u00e9dicos del CRUM, Cruz Roja, bomberos y unidades de Protecci\u00f3n Civil de Linares, General Ter\u00e1n y Montemorelos, adem\u00e1s de personal estatal. Las labores de rescate y atenci\u00f3n m\u00e9dica se extendieron durante gran parte de la madrugada.<\/p>\n\n\n\n<p class=\"p1 wp-block-paragraph\">Im\u00e1genes difundidas por autoridades muestran el autob\u00fas volcado a un costado de la carretera y una fuerte movilizaci\u00f3n de unidades de emergencia en la zona, que fue acordonada para facilitar las maniobras de rescate y retiro del veh\u00edculo siniestrado.<\/p>\n\n\n\n<p class=\"p1 wp-block-paragraph\">La carretera nacional 85 es una de las principales v\u00edas de comunicaci\u00f3n entre el centro y el norte del pa\u00eds, lo que incrementa el tr\u00e1nsito y la necesidad de extremar precauciones. Las autoridades no han detallado las causas del accidente, pero se mantienen las investigaciones para determinar qu\u00e9 origin\u00f3 la volcadura.<\/p>\n\n\n\n<figure class=\"wp-block-image size-large\"><img loading=\"lazy\" decoding=\"async\" width=\"1024\" height=\"576\" src=\"https:\/\/diarioavanzada.com.mx\/wp-content\/uploads\/2025\/06\/img_3794-1-1024x576.jpg\" alt=\"\" class=\"wp-image-88810\" srcset=\"https:\/\/diarioavanzada.com.mx\/wp-content\/uploads\/2025\/06\/img_3794-1-1024x576.jpg 1024w, https:\/\/diarioavanzada.com.mx\/wp-content\/uploads\/2025\/06\/img_3794-1-300x169.jpg 300w, https:\/\/diarioavanzada.com.mx\/wp-content\/uploads\/2025\/06\/img_3794-1-768x432.jpg 768w, https:\/\/diarioavanzada.com.mx\/wp-content\/uploads\/2025\/06\/img_3794-1.jpg 1200w\" sizes=\"auto, (max-width: 1024px) 100vw, 1024px\" \/><\/figure>\n\n\n\n<figure class=\"wp-block-image size-large\"><img loading=\"lazy\" decoding=\"async\" width=\"1024\" height=\"547\" src=\"https:\/\/diarioavanzada.com.mx\/wp-content\/uploads\/2025\/06\/img_3793-1-1-1024x547.jpg\" alt=\"\" class=\"wp-image-88811\" srcset=\"https:\/\/diarioavanzada.com.mx\/wp-content\/uploads\/2025\/06\/img_3793-1-1-1024x547.jpg 1024w, https:\/\/diarioavanzada.com.mx\/wp-content\/uploads\/2025\/06\/img_3793-1-1-300x160.jpg 300w, https:\/\/diarioavanzada.com.mx\/wp-content\/uploads\/2025\/06\/img_3793-1-1-768x410.jpg 768w, https:\/\/diarioavanzada.com.mx\/wp-content\/uploads\/2025\/06\/img_3793-1-1.jpg 1200w\" sizes=\"auto, (max-width: 1024px) 100vw, 1024px\" \/><\/figure>\n\n\n\n<figure class=\"wp-block-image size-large\"><img loading=\"lazy\" decoding=\"async\" width=\"1024\" height=\"576\" src=\"https:\/\/diarioavanzada.com.mx\/wp-content\/uploads\/2025\/06\/img_3792-1-1024x576.jpg\" alt=\"\" class=\"wp-image-88812\" srcset=\"https:\/\/diarioavanzada.com.mx\/wp-content\/uploads\/2025\/06\/img_3792-1-1024x576.jpg 1024w, https:\/\/diarioavanzada.com.mx\/wp-content\/uploads\/2025\/06\/img_3792-1-300x169.jpg 300w, https:\/\/diarioavanzada.com.mx\/wp-content\/uploads\/2025\/06\/img_3792-1-768x432.jpg 768w, https:\/\/diarioavanzada.com.mx\/wp-content\/uploads\/2025\/06\/img_3792-1.jpg 1200w\" sizes=\"auto, (max-width: 1024px) 100vw, 1024px\" \/><\/figure>\n\n\n\n<figure class=\"wp-block-image size-large\"><img loading=\"lazy\" decoding=\"async\" width=\"425\" height=\"230\" src=\"https:\/\/diarioavanzada.com.mx\/wp-content\/uploads\/2025\/06\/img_3790.jpg\" alt=\"\" class=\"wp-image-88813\" srcset=\"https:\/\/diarioavanzada.com.mx\/wp-content\/uploads\/2025\/06\/img_3790.jpg 425w, https:\/\/diarioavanzada.com.mx\/wp-content\/uploads\/2025\/06\/img_3790-300x162.jpg 300w\" sizes=\"auto, (max-width: 425px) 100vw, 425px\" \/><\/figure>\n<div class=\"fb-background-color\">\n\t\t\t  <div \n\t\t\t  \tclass = \"fb-comments\" \n\t\t\t  \tdata-href = \"https:\/\/diarioavanzada.com.mx\/?p=88815\"\n\t\t\t  \tdata-numposts = \"10\"\n\t\t\t  \tdata-lazy = \"true\"\n\t\t\t\tdata-colorscheme = \"light\"\n\t\t\t\tdata-order-by = \"social\"\n\t\t\t\tdata-mobile=true>\n\t\t\t  <\/div><\/div>\n\t\t  <style>\n\t\t    .fb-background-color {\n\t\t\t\tbackground:  !important;\n\t\t\t}\n\t\t\t.fb_iframe_widget_fluid_desktop iframe {\n\t\t\t    width: 100% !important;\n\t\t\t}\n\t\t  <\/style>\n\t\t  ","protected":false},"excerpt":{"rendered":"<p>Un autob\u00fas tur\u00edstico que viajaba de Escobedo a Tampico volc\u00f3 en la carretera nacional 85, en Hualahuises, Nuevo Le\u00f3n, dejando 11 personas muertas y 19 lesionadas. Autoridades contin\u00faan investigando las causas del accidente. Nuevo Le\u00f3n, M\u00e9xico, Avanzada (03\/06\/2025).- Un autob\u00fas de turismo que viajaba con rumbo a Tampico desde el municipio de Escobedo volc\u00f3 durante [&hellip;]<\/p>\n","protected":false},"author":7,"featured_media":88814,"comment_status":"closed","ping_status":"closed","sticky":false,"template":"","format":"standard","meta":{"_coblocks_attr":"","_coblocks_dimensions":"","_coblocks_responsive_height":"","_coblocks_accordion_ie_support":"","_crdt_document":"","advanced_seo_description":"","jetpack_seo_html_title":"","jetpack_seo_noindex":false,"_jetpack_memberships_contains_paid_content":false,"footnotes":""},"categories":[22,7,231],"tags":[210],"class_list":["post-88815","post","type-post","status-publish","format-standard","has-post-thumbnail","hentry","category-nacion","category-noticias","category-seguridad","tag-portada"],"jetpack_featured_media_url":"https:\/\/diarioavanzada.com.mx\/wp-content\/uploads\/2025\/06\/img_3795-1.png","jetpack-related-posts":[],"jetpack_sharing_enabled":true,"amp_enabled":true,"_links":{"self":[{"href":"https:\/\/diarioavanzada.com.mx\/index.php?rest_route=\/wp\/v2\/posts\/88815","targetHints":{"allow":["GET"]}}],"collection":[{"href":"https:\/\/diarioavanzada.com.mx\/index.php?rest_route=\/wp\/v2\/posts"}],"about":[{"href":"https:\/\/diarioavanzada.com.mx\/index.php?rest_route=\/wp\/v2\/types\/post"}],"author":[{"embeddable":true,"href":"https:\/\/diarioavanzada.com.mx\/index.php?rest_route=\/wp\/v2\/users\/7"}],"replies":[{"embeddable":true,"href":"https:\/\/diarioavanzada.com.mx\/index.php?rest_route=%2Fwp%2Fv2%2Fcomments&post=88815"}],"version-history":[{"count":3,"href":"https:\/\/diarioavanzada.com.mx\/index.php?rest_route=\/wp\/v2\/posts\/88815\/revisions"}],"predecessor-version":[{"id":88818,"href":"https:\/\/diarioavanzada.com.mx\/index.php?rest_route=\/wp\/v2\/posts\/88815\/revisions\/88818"}],"wp:featuredmedia":[{"embeddable":true,"href":"https:\/\/diarioavanzada.com.mx\/index.php?rest_route=\/wp\/v2\/media\/88814"}],"wp:attachment":[{"href":"https:\/\/diarioavanzada.com.mx\/index.php?rest_route=%2Fwp%2Fv2%2Fmedia&parent=88815"}],"wp:term":[{"taxonomy":"category","embeddable":true,"href":"https:\/\/diarioavanzada.com.mx\/index.php?rest_route=%2Fwp%2Fv2%2Fcategories&post=88815"},{"taxonomy":"post_tag","embeddable":true,"href":"https:\/\/diarioavanzada.com.mx\/index.php?rest_route=%2Fwp%2Fv2%2Ftags&post=88815"}],"curies":[{"name":"wp","href":"https:\/\/api.w.org\/{rel}","templated":true}]}}