{"id":88793,"date":"2025-06-03T10:44:15","date_gmt":"2025-06-03T16:44:15","guid":{"rendered":"https:\/\/diarioavanzada.com.mx\/?p=88793"},"modified":"2025-06-03T10:44:15","modified_gmt":"2025-06-03T16:44:15","slug":"detienen-a-dos-policias-y-a-una-mujer-por-reclutar-a-dos-menores-para-el-crimen-organizado","status":"publish","type":"post","link":"https:\/\/diarioavanzada.com.mx\/?p=88793","title":{"rendered":"Detienen a dos polic\u00edas y a una mujer por reclutar a dos menores para el crimen organizado"},"content":{"rendered":"\n<p class=\"p1 wp-block-paragraph\"><em>Dos j\u00f3venes michoacanos fueron rescatados en la Central Nueva de Autobuses de Tlaquepaque cuando estaban a punto de ser trasladados, presuntamente, para ser integrados al crimen organizado. Una mujer y dos polic\u00edas municipales de San Crist\u00f3bal de la Barranca fueron detenidos y vinculados a proceso por trata de personas.<\/em><\/p>\n\n\n\n<p class=\"p1 wp-block-paragraph\">Jalisco, M\u00e9xico, Avanzada (03\/06\/2025).- Dos adolescentes originarios de Michoac\u00e1n estuvieron a punto de ser v\u00edctimas de una red de reclutamiento vinculada con la delincuencia organizada. La promesa de un empleo bien remunerado los llev\u00f3 hasta Jalisco, donde fueron interceptados por autoridades estatales que lograron frustrar el intento de traslado hacia un destino no especificado.<\/p>\n\n\n\n<p class=\"p1 wp-block-paragraph\">Los hechos ocurrieron en la Nueva Central de Autobuses de Tlaquepaque, una zona identificada como de alto riesgo debido al n\u00famero de desapariciones reportadas. Ah\u00ed, personal de c\u00e9lulas de b\u00fasqueda detect\u00f3 a dos polic\u00edas municipales de San Crist\u00f3bal de la Barranca que se encontraban fuera de su jurisdicci\u00f3n a bordo de una patrulla oficial y portando armas de fuego. Junto a ellos viajaba una mujer se\u00f1alada como la persona que habr\u00eda enga\u00f1ado a los j\u00f3venes con la oferta de un salario de 5 mil pesos semanales.<\/p>\n\n\n\n<p class=\"p1 wp-block-paragraph\">La intervenci\u00f3n de los agentes permiti\u00f3 rescatar a los menores y detener a los tres implicados. Posteriormente, un juez de control del centro de justicia de Puente Grande vincul\u00f3 a proceso a los dos polic\u00edas municipales, a quienes se les imput\u00f3 el delito de trata de personas. Como medida cautelar, se les impuso prisi\u00f3n preventiva por un a\u00f1o y se fij\u00f3 un plazo de cuatro meses para el cierre de la investigaci\u00f3n complementaria.<\/p>\n\n\n\n<p class=\"p1 wp-block-paragraph\">Las autoridades estatales investigan si este caso forma parte de una red m\u00e1s amplia dedicada al reclutamiento forzado de menores para grupos criminales en Jalisco.<\/p>\n<div class=\"fb-background-color\">\n\t\t\t  <div \n\t\t\t  \tclass = \"fb-comments\" \n\t\t\t  \tdata-href = \"https:\/\/diarioavanzada.com.mx\/?p=88793\"\n\t\t\t  \tdata-numposts = \"10\"\n\t\t\t  \tdata-lazy = \"true\"\n\t\t\t\tdata-colorscheme = \"light\"\n\t\t\t\tdata-order-by = \"social\"\n\t\t\t\tdata-mobile=true>\n\t\t\t  <\/div><\/div>\n\t\t  <style>\n\t\t    .fb-background-color {\n\t\t\t\tbackground:  !important;\n\t\t\t}\n\t\t\t.fb_iframe_widget_fluid_desktop iframe {\n\t\t\t    width: 100% !important;\n\t\t\t}\n\t\t  <\/style>\n\t\t  ","protected":false},"excerpt":{"rendered":"<p>Dos j\u00f3venes michoacanos fueron rescatados en la Central Nueva de Autobuses de Tlaquepaque cuando estaban a punto de ser trasladados, presuntamente, para ser integrados al crimen organizado. Una mujer y dos polic\u00edas municipales de San Crist\u00f3bal de la Barranca fueron detenidos y vinculados a proceso por trata de personas. Jalisco, M\u00e9xico, Avanzada (03\/06\/2025).- Dos adolescentes [&hellip;]<\/p>\n","protected":false},"author":7,"featured_media":88794,"comment_status":"closed","ping_status":"closed","sticky":false,"template":"","format":"standard","meta":{"_coblocks_attr":"","_coblocks_dimensions":"","_coblocks_responsive_height":"","_coblocks_accordion_ie_support":"","_crdt_document":"","advanced_seo_description":"","jetpack_seo_html_title":"","jetpack_seo_noindex":false,"_jetpack_memberships_contains_paid_content":false,"footnotes":""},"categories":[353,22,7,231],"tags":[210],"class_list":["post-88793","post","type-post","status-publish","format-standard","has-post-thumbnail","hentry","category-jalisco","category-nacion","category-noticias","category-seguridad","tag-portada"],"jetpack_featured_media_url":"https:\/\/diarioavanzada.com.mx\/wp-content\/uploads\/2025\/06\/img_3785-1.png","jetpack-related-posts":[],"jetpack_sharing_enabled":true,"amp_enabled":true,"_links":{"self":[{"href":"https:\/\/diarioavanzada.com.mx\/index.php?rest_route=\/wp\/v2\/posts\/88793","targetHints":{"allow":["GET"]}}],"collection":[{"href":"https:\/\/diarioavanzada.com.mx\/index.php?rest_route=\/wp\/v2\/posts"}],"about":[{"href":"https:\/\/diarioavanzada.com.mx\/index.php?rest_route=\/wp\/v2\/types\/post"}],"author":[{"embeddable":true,"href":"https:\/\/diarioavanzada.com.mx\/index.php?rest_route=\/wp\/v2\/users\/7"}],"replies":[{"embeddable":true,"href":"https:\/\/diarioavanzada.com.mx\/index.php?rest_route=%2Fwp%2Fv2%2Fcomments&post=88793"}],"version-history":[{"count":2,"href":"https:\/\/diarioavanzada.com.mx\/index.php?rest_route=\/wp\/v2\/posts\/88793\/revisions"}],"predecessor-version":[{"id":88797,"href":"https:\/\/diarioavanzada.com.mx\/index.php?rest_route=\/wp\/v2\/posts\/88793\/revisions\/88797"}],"wp:featuredmedia":[{"embeddable":true,"href":"https:\/\/diarioavanzada.com.mx\/index.php?rest_route=\/wp\/v2\/media\/88794"}],"wp:attachment":[{"href":"https:\/\/diarioavanzada.com.mx\/index.php?rest_route=%2Fwp%2Fv2%2Fmedia&parent=88793"}],"wp:term":[{"taxonomy":"category","embeddable":true,"href":"https:\/\/diarioavanzada.com.mx\/index.php?rest_route=%2Fwp%2Fv2%2Fcategories&post=88793"},{"taxonomy":"post_tag","embeddable":true,"href":"https:\/\/diarioavanzada.com.mx\/index.php?rest_route=%2Fwp%2Fv2%2Ftags&post=88793"}],"curies":[{"name":"wp","href":"https:\/\/api.w.org\/{rel}","templated":true}]}}