{"id":88783,"date":"2025-06-03T07:45:38","date_gmt":"2025-06-03T13:45:38","guid":{"rendered":"https:\/\/diarioavanzada.com.mx\/?p=88783"},"modified":"2025-06-03T07:45:38","modified_gmt":"2025-06-03T13:45:38","slug":"grupo-armado-embosca-a-cinco-policias-en-chiapas-quema-la-patrulla-con-ellos-adentro","status":"publish","type":"post","link":"https:\/\/diarioavanzada.com.mx\/?p=88783","title":{"rendered":"Grupo armado embosca a cinco polic\u00edas en Chiapas, quema la patrulla con ellos adentro"},"content":{"rendered":"\n<p class=\"wp-block-paragraph\"><em>Cinco polic\u00edas estatales murieron tras una emboscada en Frontera Comalapa, Chiapas, donde un grupo armado atac\u00f3 e incendi\u00f3 la patrulla en la que viajaban. El gobierno estatal despleg\u00f3 mil elementos en la zona y prometi\u00f3 una respuesta firme.<\/em><\/p>\n\n\n\n<p class=\"p1 wp-block-paragraph\">Chiapas, M\u00e9xico, Avanzada (03\/06\/2025).- Un ataque armado ocurrido este lunes por la tarde en el municipio de Frontera Comalapa, Chiapas, dej\u00f3 como saldo cinco polic\u00edas estatales muertos. Las v\u00edctimas, cuatro hombres y una mujer, fueron emboscadas mientras patrullaban una carretera a la altura del ejido Sabinalito.<\/p>\n\n\n\n<p class=\"p1 wp-block-paragraph\">Seg\u00fan los primeros informes, los agentes de la Polic\u00eda Estatal Preventiva (PEP) fueron sorprendidos por un grupo armado que utiliz\u00f3 armas de alto poder. El veh\u00edculo oficial en el que viajaban fue incendiado y qued\u00f3 completamente calcinado, sin que los oficiales tuvieran oportunidad de escapar.<\/p>\n\n\n\n<p class=\"p1 wp-block-paragraph\">Las autoridades estatales confirmaron los hechos y condenaron el ataque. El gobernador de Chiapas, Eduardo Ram\u00edrez, declar\u00f3 que habr\u00e1 una \u201crespuesta clara y contundente\u201d y asegur\u00f3 que su administraci\u00f3n no actuar\u00e1 con temor ante la violencia. \u201cNo voy a permitir que vuelva la violencia a Chiapas\u201d, afirm\u00f3.<\/p>\n\n\n\n<p class=\"p1 wp-block-paragraph\">Por su parte, el fiscal general del estado, Jorge Luis Llaven Abarca, inform\u00f3 que se abri\u00f3 una carpeta de investigaci\u00f3n y se despleg\u00f3 personal especializado en la zona para esclarecer lo ocurrido y garantizar que no haya impunidad.<\/p>\n\n\n\n<p class=\"p1 wp-block-paragraph\">En respuesta al ataque, la Secretar\u00eda de Seguridad del Pueblo anunci\u00f3 el env\u00edo de mil elementos de la PEP a la regi\u00f3n, con el objetivo de reforzar la vigilancia y brindar protecci\u00f3n a la poblaci\u00f3n local.<\/p>\n\n\n\n<p class=\"p1 wp-block-paragraph\">Hasta el momento, se desconoce qu\u00e9 grupo armado perpetr\u00f3 el ataque o cu\u00e1l fue su motivaci\u00f3n. Las autoridades contin\u00faan con las investigaciones.<\/p>\n<div class=\"fb-background-color\">\n\t\t\t  <div \n\t\t\t  \tclass = \"fb-comments\" \n\t\t\t  \tdata-href = \"https:\/\/diarioavanzada.com.mx\/?p=88783\"\n\t\t\t  \tdata-numposts = \"10\"\n\t\t\t  \tdata-lazy = \"true\"\n\t\t\t\tdata-colorscheme = \"light\"\n\t\t\t\tdata-order-by = \"social\"\n\t\t\t\tdata-mobile=true>\n\t\t\t  <\/div><\/div>\n\t\t  <style>\n\t\t    .fb-background-color {\n\t\t\t\tbackground:  !important;\n\t\t\t}\n\t\t\t.fb_iframe_widget_fluid_desktop iframe {\n\t\t\t    width: 100% !important;\n\t\t\t}\n\t\t  <\/style>\n\t\t  ","protected":false},"excerpt":{"rendered":"<p>Cinco polic\u00edas estatales murieron tras una emboscada en Frontera Comalapa, Chiapas, donde un grupo armado atac\u00f3 e incendi\u00f3 la patrulla en la que viajaban. El gobierno estatal despleg\u00f3 mil elementos en la zona y prometi\u00f3 una respuesta firme. Chiapas, M\u00e9xico, Avanzada (03\/06\/2025).- Un ataque armado ocurrido este lunes por la tarde en el municipio de [&hellip;]<\/p>\n","protected":false},"author":7,"featured_media":88782,"comment_status":"closed","ping_status":"closed","sticky":false,"template":"","format":"standard","meta":{"_coblocks_attr":"","_coblocks_dimensions":"","_coblocks_responsive_height":"","_coblocks_accordion_ie_support":"","_crdt_document":"","advanced_seo_description":"","jetpack_seo_html_title":"","jetpack_seo_noindex":false,"_jetpack_memberships_contains_paid_content":false,"footnotes":""},"categories":[22,7,231],"tags":[210],"class_list":["post-88783","post","type-post","status-publish","format-standard","has-post-thumbnail","hentry","category-nacion","category-noticias","category-seguridad","tag-portada"],"jetpack_featured_media_url":"https:\/\/diarioavanzada.com.mx\/wp-content\/uploads\/2025\/06\/img_3776-1.jpg","jetpack-related-posts":[],"jetpack_sharing_enabled":true,"amp_enabled":true,"_links":{"self":[{"href":"https:\/\/diarioavanzada.com.mx\/index.php?rest_route=\/wp\/v2\/posts\/88783","targetHints":{"allow":["GET"]}}],"collection":[{"href":"https:\/\/diarioavanzada.com.mx\/index.php?rest_route=\/wp\/v2\/posts"}],"about":[{"href":"https:\/\/diarioavanzada.com.mx\/index.php?rest_route=\/wp\/v2\/types\/post"}],"author":[{"embeddable":true,"href":"https:\/\/diarioavanzada.com.mx\/index.php?rest_route=\/wp\/v2\/users\/7"}],"replies":[{"embeddable":true,"href":"https:\/\/diarioavanzada.com.mx\/index.php?rest_route=%2Fwp%2Fv2%2Fcomments&post=88783"}],"version-history":[{"count":1,"href":"https:\/\/diarioavanzada.com.mx\/index.php?rest_route=\/wp\/v2\/posts\/88783\/revisions"}],"predecessor-version":[{"id":88785,"href":"https:\/\/diarioavanzada.com.mx\/index.php?rest_route=\/wp\/v2\/posts\/88783\/revisions\/88785"}],"wp:featuredmedia":[{"embeddable":true,"href":"https:\/\/diarioavanzada.com.mx\/index.php?rest_route=\/wp\/v2\/media\/88782"}],"wp:attachment":[{"href":"https:\/\/diarioavanzada.com.mx\/index.php?rest_route=%2Fwp%2Fv2%2Fmedia&parent=88783"}],"wp:term":[{"taxonomy":"category","embeddable":true,"href":"https:\/\/diarioavanzada.com.mx\/index.php?rest_route=%2Fwp%2Fv2%2Fcategories&post=88783"},{"taxonomy":"post_tag","embeddable":true,"href":"https:\/\/diarioavanzada.com.mx\/index.php?rest_route=%2Fwp%2Fv2%2Ftags&post=88783"}],"curies":[{"name":"wp","href":"https:\/\/api.w.org\/{rel}","templated":true}]}}