{"id":88780,"date":"2025-06-03T06:57:51","date_gmt":"2025-06-03T12:57:51","guid":{"rendered":"https:\/\/diarioavanzada.com.mx\/?p=88780"},"modified":"2025-06-03T06:57:51","modified_gmt":"2025-06-03T12:57:51","slug":"preven-lluvias-y-calor-extremo-en-colima","status":"publish","type":"post","link":"https:\/\/diarioavanzada.com.mx\/?p=88780","title":{"rendered":"Prev\u00e9n lluvias y calor extremo en Colima"},"content":{"rendered":"\n<p class=\"p1 wp-block-paragraph\">Colima, M\u00e9xico, Avanzada (03\/06\/2025).- Autoridades meteorol\u00f3gicas alertaron sobre condiciones clim\u00e1ticas adversas para este martes en Colima, donde se esperan lluvias fuertes acompa\u00f1adas de descargas el\u00e9ctricas, posibles granizadas, rachas de viento y oleaje elevado. Las precipitaciones podr\u00edan provocar deslaves, inundaciones, encharcamientos y reducci\u00f3n de visibilidad en tramos carreteros.<\/p>\n\n\n\n<p class=\"p1 wp-block-paragraph\">El pron\u00f3stico forma parte de un fen\u00f3meno generalizado en el Pac\u00edfico centro, donde tambi\u00e9n se prev\u00e9n lluvias muy fuertes en Michoac\u00e1n y fuertes en Jalisco. En contraste, se mantendr\u00e1n condiciones secas en Nayarit.<\/p>\n\n\n\n<p class=\"p1 wp-block-paragraph\">Adem\u00e1s de la lluvia, Colima seguir\u00e1 bajo los efectos de la onda de calor, con temperaturas m\u00e1ximas que podr\u00edan superar los 35 \u00b0C. El ambiente ser\u00e1 caluroso a muy caluroso por la tarde, aunque por la ma\u00f1ana se espera un clima m\u00e1s fresco, con bancos de niebla en algunas zonas del estado.<\/p>\n\n\n\n<p class=\"p1 wp-block-paragraph\">El viento ser\u00e1 de direcci\u00f3n variable con rachas de hasta 40 km\/h, y se prev\u00e9 oleaje de entre 1.5 y 2.5 metros de altura en las costas del estado, por lo que se recomienda precauci\u00f3n a quienes realizan actividades mar\u00edtimas o costeras.<\/p>\n\n\n\n<p class=\"p1 wp-block-paragraph\">El Servicio Meteorol\u00f3gico Nacional y Protecci\u00f3n Civil exhortan a la poblaci\u00f3n a mantenerse informada a trav\u00e9s de canales oficiales y seguir las recomendaciones para evitar riesgos durante este episodio de condiciones extremas.<\/p>\n<div class=\"fb-background-color\">\n\t\t\t  <div \n\t\t\t  \tclass = \"fb-comments\" \n\t\t\t  \tdata-href = \"https:\/\/diarioavanzada.com.mx\/?p=88780\"\n\t\t\t  \tdata-numposts = \"10\"\n\t\t\t  \tdata-lazy = \"true\"\n\t\t\t\tdata-colorscheme = \"light\"\n\t\t\t\tdata-order-by = \"social\"\n\t\t\t\tdata-mobile=true>\n\t\t\t  <\/div><\/div>\n\t\t  <style>\n\t\t    .fb-background-color {\n\t\t\t\tbackground:  !important;\n\t\t\t}\n\t\t\t.fb_iframe_widget_fluid_desktop iframe {\n\t\t\t    width: 100% !important;\n\t\t\t}\n\t\t  <\/style>\n\t\t  ","protected":false},"excerpt":{"rendered":"<p>Colima, M\u00e9xico, Avanzada (03\/06\/2025).- Autoridades meteorol\u00f3gicas alertaron sobre condiciones clim\u00e1ticas adversas para este martes en Colima, donde se esperan lluvias fuertes acompa\u00f1adas de descargas el\u00e9ctricas, posibles granizadas, rachas de viento y oleaje elevado. Las precipitaciones podr\u00edan provocar deslaves, inundaciones, encharcamientos y reducci\u00f3n de visibilidad en tramos carreteros. El pron\u00f3stico forma parte de un fen\u00f3meno generalizado [&hellip;]<\/p>\n","protected":false},"author":7,"featured_media":88779,"comment_status":"closed","ping_status":"closed","sticky":false,"template":"","format":"standard","meta":{"_coblocks_attr":"","_coblocks_dimensions":"","_coblocks_responsive_height":"","_coblocks_accordion_ie_support":"","_crdt_document":"","advanced_seo_description":"","jetpack_seo_html_title":"","jetpack_seo_noindex":false,"_jetpack_memberships_contains_paid_content":false,"footnotes":""},"categories":[19,7,29],"tags":[],"class_list":["post-88780","post","type-post","status-publish","format-standard","has-post-thumbnail","hentry","category-colima","category-noticias","category-sociedad"],"jetpack_featured_media_url":"https:\/\/diarioavanzada.com.mx\/wp-content\/uploads\/2025\/06\/img_3774-1.jpg","jetpack-related-posts":[],"jetpack_sharing_enabled":true,"amp_enabled":true,"_links":{"self":[{"href":"https:\/\/diarioavanzada.com.mx\/index.php?rest_route=\/wp\/v2\/posts\/88780","targetHints":{"allow":["GET"]}}],"collection":[{"href":"https:\/\/diarioavanzada.com.mx\/index.php?rest_route=\/wp\/v2\/posts"}],"about":[{"href":"https:\/\/diarioavanzada.com.mx\/index.php?rest_route=\/wp\/v2\/types\/post"}],"author":[{"embeddable":true,"href":"https:\/\/diarioavanzada.com.mx\/index.php?rest_route=\/wp\/v2\/users\/7"}],"replies":[{"embeddable":true,"href":"https:\/\/diarioavanzada.com.mx\/index.php?rest_route=%2Fwp%2Fv2%2Fcomments&post=88780"}],"version-history":[{"count":0,"href":"https:\/\/diarioavanzada.com.mx\/index.php?rest_route=\/wp\/v2\/posts\/88780\/revisions"}],"wp:featuredmedia":[{"embeddable":true,"href":"https:\/\/diarioavanzada.com.mx\/index.php?rest_route=\/wp\/v2\/media\/88779"}],"wp:attachment":[{"href":"https:\/\/diarioavanzada.com.mx\/index.php?rest_route=%2Fwp%2Fv2%2Fmedia&parent=88780"}],"wp:term":[{"taxonomy":"category","embeddable":true,"href":"https:\/\/diarioavanzada.com.mx\/index.php?rest_route=%2Fwp%2Fv2%2Fcategories&post=88780"},{"taxonomy":"post_tag","embeddable":true,"href":"https:\/\/diarioavanzada.com.mx\/index.php?rest_route=%2Fwp%2Fv2%2Ftags&post=88780"}],"curies":[{"name":"wp","href":"https:\/\/api.w.org\/{rel}","templated":true}]}}