{"id":88727,"date":"2025-06-02T18:34:11","date_gmt":"2025-06-03T00:34:11","guid":{"rendered":"https:\/\/diarioavanzada.com.mx\/?p=88727"},"modified":"2025-06-02T18:34:11","modified_gmt":"2025-06-03T00:34:11","slug":"rectoria-en-frecuencia-aborda-rector-avances-en-materia-climatica-y-tecnologica-en-la-udec","status":"publish","type":"post","link":"https:\/\/diarioavanzada.com.mx\/?p=88727","title":{"rendered":"Rector\u00eda en Frecuencia: Aborda rector avances en materia clim\u00e1tica y tecnol\u00f3gica en la UdeC"},"content":{"rendered":"\n<p class=\"wp-block-paragraph\"><em>\u201cCelebramos este aniversario con orgullo, reconociendo el trabajo profesional de todo el equipo, que no solo enriquece a la universidad, sino que tambi\u00e9n hace una invaluable contribuci\u00f3n social\u201d. Christian Torres Ortiz, rector.<\/em><\/p>\n\n\n\n<p class=\"wp-block-paragraph\">Colima, M\u00e9xico, Comunicado (02\/06\/2025).- Este lunes, en una nueva emisi\u00f3n de Rector\u00eda en Frecuencia, programa conducido por Marina V\u00e1zquez y Pepe Ferruzca desde las instalaciones de Universo 94.9, el rector de la Universidad de Colima, Christian Jorge Torres Ortiz Zerme\u00f1o comparti\u00f3 los temas m\u00e1s relevantes de la agenda universitaria de los \u00faltimos d\u00edas. Entre ellos, destac\u00f3 la participaci\u00f3n de la UdeC en la Cumbre de Rectores y Rectoras por la Acci\u00f3n Clim\u00e1tica y explic\u00f3 los motivos de su reciente visita al Tecnol\u00f3gico Nacional de Aguascalientes.<\/p>\n\n\n\n<p class=\"wp-block-paragraph\">Previo a ello, el rector felicit\u00f3 a la estaci\u00f3n de Radio Universitaria por su aniversario n\u00famero 23. \u201cLes felicito por la extraordinaria labor que hacen para la Universidad y para la sociedad. Somos una estaci\u00f3n de radio muy importante en el contexto estatal; una estaci\u00f3n seria, una estaci\u00f3n con una trayectoria, yo dir\u00eda, impecable\u201d.&nbsp;<\/p>\n\n\n\n<p class=\"wp-block-paragraph\"><strong>Cumbre por la acci\u00f3n clim\u00e1tica<\/strong><\/p>\n\n\n\n<p class=\"wp-block-paragraph\">Al respecto, el rector se\u00f1al\u00f3 que \u00e9sta fue una iniciativa generada por la Universidad Nacional Aut\u00f3noma de M\u00e9xico (UNAM) y el Tecnol\u00f3gico de Monterrey a universidades p\u00fablicas y privadas del pa\u00eds con el fin de reflexionar sobre el tema del cambio clim\u00e1tico y los da\u00f1os que el ser humano est\u00e1 caus\u00e1ndole al planeta. Destac\u00f3 la importancia de la participaci\u00f3n de la UdeC, ya que esta casa de estudios ha venido trabajando en el tema a trav\u00e9s del eje de gesti\u00f3n ambiental y sostenibilidad.<\/p>\n\n\n\n<p class=\"wp-block-paragraph\">En la reuni\u00f3n participaron 21 universidades, tanto p\u00fablicas como privadas de nuestro pa\u00eds. Christian Torres Ortiz se\u00f1al\u00f3 que es importante dar ese primer paso y estar dentro de las 21 universidades participantes. \u201cTenemos voluntad, tenemos una conciencia institucional sobre este tema, pero, sobre todo, tenemos acciones tomadas en la materia.<\/p>\n\n\n\n<p class=\"wp-block-paragraph\">Como resultado de esta Cumbre, el rector destac\u00f3 la firma de la Declaratoria Nacional del Compromiso Clim\u00e1tico, \u201cun compromiso que asumimos, ya no gobiernos nacionales ni gobiernos estatales, sino universidades, para abonar de manera contundente en el tema\u201d. Otro resultado importante es la creaci\u00f3n de la Red Mexicana de Universidades por la Acci\u00f3n Clim\u00e1tica. \u201cEsta red nos permitir\u00e1, en una primera instancia, identificarnos, conocer experiencias, preguntarnos qu\u00e9 estamos haciendo en este tema. Seguramente esta red dar\u00e1 resultados muy positivos, ya que establecimos compromisos para integrar la sostenibilidad en la gesti\u00f3n institucional, en la docencia, la investigaci\u00f3n y la vinculaci\u00f3n social\u201d.<\/p>\n\n\n\n<p class=\"wp-block-paragraph\">Por \u00faltimo, mencion\u00f3 el Congreso Nacional de Econom\u00eda Circular, en el que su gran objetivo \u201cfue llevar al Congreso local, a nuestro poder legislativo local, una iniciativa de ley sobre econom\u00eda circular\u201d.<\/p>\n\n\n\n<p class=\"wp-block-paragraph\"><strong>Visita al Instituto Tecnol\u00f3gico de Aguascalientes<\/strong><\/p>\n\n\n\n<p class=\"wp-block-paragraph\">De su reciente visita al Instituto Tecnol\u00f3gico de Aguascalientes, el rector coment\u00f3 que surgi\u00f3 debido a un planteamiento realizado a las universidades desde gobierno federal a trav\u00e9s de Mario Delgado, secretario de Educaci\u00f3n Federal, en el sentido de que tanto universidades p\u00fablicas como privadas exploren la posibilidad de crear programas que tengan que ver con semiconductores, los cuales son materiales esenciales para la electr\u00f3nica moderna.<\/p>\n\n\n\n<p class=\"wp-block-paragraph\">El Instituto Tecnol\u00f3gico de Aguascalientes, explic\u00f3, \u201ces la primera instituci\u00f3n de educaci\u00f3n superior en el pa\u00eds que tiene un laboratorio en semiconductores y cuenta con un programa en Ingenier\u00eda en Semiconductores, por lo que fuimos a conocer su experiencia. Queremos en la UdeC empezar en el pr\u00f3ximo a\u00f1o con un \u00e1rea de especializaci\u00f3n o un \u00e1rea terminal en semiconductores en alguna de nuestras ingenier\u00edas en semiconductores. Esto en el municipio de Manzanillo\u201d.<\/p>\n\n\n\n<p class=\"wp-block-paragraph\">A esta visita asisti\u00f3 tambi\u00e9n el secretario de Desarrollo Econ\u00f3mico del Estado, Francisco Rodr\u00edguez. \u201cAqu\u00ed se trata de sumar, de que sea una pol\u00edtica de Estado y que la Secretar\u00eda de Desarrollo Econ\u00f3mico y el propio gobierno de nuestro estado tengan presente el tema y seguramente en alg\u00fan momento vamos a poder sumar voluntades para fortalecer esta iniciativa\u201d.<\/p>\n\n\n\n<p class=\"wp-block-paragraph\"><strong>Convocatoria del Programa Acelera Ucol<\/strong><\/p>\n\n\n\n<p class=\"wp-block-paragraph\">Acelera Ucol, explic\u00f3 el rector, va dirigido a empresas ya consolidadas que buscan una nueva etapa de crecimiento. \u201cLas empresas inscritas recibir\u00e1n entrenamiento 100 % en l\u00ednea, retroalimentaci\u00f3n de un equipo de 7 mentores expertos en la materia, 10 sesiones de capacitaci\u00f3n en l\u00ednea, mentor\u00eda y asesor\u00eda personalizada para mejorar los modelos de negocios\u201d.<\/p>\n\n\n\n<p class=\"wp-block-paragraph\">Para quien se interese en el tema, coment\u00f3, la convocatoria cierra este pr\u00f3ximo viernes 6 de junio. Mayores informes en las redes sociales de la Coordinaci\u00f3n General de Vinculaci\u00f3n o en el tel\u00e9fono 312-316-1157.<\/p>\n\n\n\n<p class=\"wp-block-paragraph\"><strong>Proceso de Admisi\u00f3n 2025, a\u00fan en proceso<\/strong><\/p>\n\n\n\n<p class=\"wp-block-paragraph\">El rector comparti\u00f3 que este pr\u00f3ximo 17 de junio se llevar\u00e1 a cabo el examen CENEVAL para todos los aspirantes de Media Superior. En el caso de Educaci\u00f3n Superior, la siguiente fecha importante es del 16 al 20 de junio, fecha en la cual los aspirantes podr\u00e1n seleccionar su carrera.<\/p>\n\n\n\n<p class=\"wp-block-paragraph\">Los resultados definitivos se publicar\u00e1n el 11 de agosto para Superior y el 13 de agosto para Media Superior y Posgrado. El inicio del ciclo escolar ser\u00e1 el lunes 18 de agosto de 2025.&nbsp;<\/p>\n\n\n\n<p class=\"wp-block-paragraph\"><strong>Celebra Universo 94.9 23 a\u00f1os al aire<\/strong><\/p>\n\n\n\n<p class=\"wp-block-paragraph\">Una vez concluido Rector\u00eda en frecuencia, el rector asisti\u00f3 como invitado a una edici\u00f3n especial de <em>Sonidos e Ideas por la Paz<\/em>, por el 23 aniversario de la Estaci\u00f3n Universo 94.9, conducido por Monserrat Bernal y Rodrigo Mayoral Silva. Durante esta emisi\u00f3n, realizada en el edificio de la radiodifusora, Christian Torres Ortiz destac\u00f3 la importancia de tener una Radio Universitaria, sus aportes a la comunidad universitaria y a la sociedad en general, no sin antes felicitarles por su aniversario.<\/p>\n\n\n\n<p class=\"wp-block-paragraph\">\u201cEs una estaci\u00f3n de radio emblem\u00e1tica y llena de historias. No me cabe duda de que Universo es una estaci\u00f3n querida y respetada, gracias a sus contenidos distintos a la radio comercial. Celebramos este aniversario con orgullo, reconociendo el trabajo profesional de todo el equipo, que no solo enriquece a la Universidad, sino que tambi\u00e9n hace una invaluable contribuci\u00f3n social\u201d, a\u00f1adi\u00f3.<\/p>\n\n\n\n<p class=\"wp-block-paragraph\">\u201cUniverso FM -dijo por \u00faltimo- trasciende lo acad\u00e9mico: es un espacio formativo para diversas disciplinas, no solo para Letras y Comunicaci\u00f3n. Adem\u00e1s, cumple una funci\u00f3n social clave: informar con seriedad y oportunidad y refleja el compromiso de la Universidad con la docencia, la investigaci\u00f3n y la extensi\u00f3n, impactando positivamente en la sociedad\u201d.<\/p>\n\n\n\n<p class=\"wp-block-paragraph\">Antes de retirarse, el rector parti\u00f3 el pastel de aniversario con las y los trabajadores de Universo 94.9.<\/p>\n\n\n\n<figure class=\"wp-block-image size-large\"><img loading=\"lazy\" decoding=\"async\" width=\"1024\" height=\"704\" src=\"https:\/\/diarioavanzada.com.mx\/wp-content\/uploads\/2025\/06\/Rectoria-en-frecuencia-y-23-anos-de-Universo-94.9_Rector-Armonia-en-el-tiempo-1024x704.jpg\" alt=\"\" class=\"wp-image-88729\" srcset=\"https:\/\/diarioavanzada.com.mx\/wp-content\/uploads\/2025\/06\/Rectoria-en-frecuencia-y-23-anos-de-Universo-94.9_Rector-Armonia-en-el-tiempo-1024x704.jpg 1024w, https:\/\/diarioavanzada.com.mx\/wp-content\/uploads\/2025\/06\/Rectoria-en-frecuencia-y-23-anos-de-Universo-94.9_Rector-Armonia-en-el-tiempo-300x206.jpg 300w, https:\/\/diarioavanzada.com.mx\/wp-content\/uploads\/2025\/06\/Rectoria-en-frecuencia-y-23-anos-de-Universo-94.9_Rector-Armonia-en-el-tiempo-768x528.jpg 768w, https:\/\/diarioavanzada.com.mx\/wp-content\/uploads\/2025\/06\/Rectoria-en-frecuencia-y-23-anos-de-Universo-94.9_Rector-Armonia-en-el-tiempo-1200x825.jpg 1200w, https:\/\/diarioavanzada.com.mx\/wp-content\/uploads\/2025\/06\/Rectoria-en-frecuencia-y-23-anos-de-Universo-94.9_Rector-Armonia-en-el-tiempo.jpg 1206w\" sizes=\"auto, (max-width: 1024px) 100vw, 1024px\" \/><\/figure>\n\n\n\n<figure class=\"wp-block-image size-large\"><img loading=\"lazy\" decoding=\"async\" width=\"1024\" height=\"683\" src=\"https:\/\/diarioavanzada.com.mx\/wp-content\/uploads\/2025\/06\/Rectoria-en-frecuencia-y-23-anos-de-Universo-94.9_Rectoria-en-frecuencia-1024x683.jpg\" alt=\"\" class=\"wp-image-88730\" srcset=\"https:\/\/diarioavanzada.com.mx\/wp-content\/uploads\/2025\/06\/Rectoria-en-frecuencia-y-23-anos-de-Universo-94.9_Rectoria-en-frecuencia-1024x683.jpg 1024w, https:\/\/diarioavanzada.com.mx\/wp-content\/uploads\/2025\/06\/Rectoria-en-frecuencia-y-23-anos-de-Universo-94.9_Rectoria-en-frecuencia-300x200.jpg 300w, https:\/\/diarioavanzada.com.mx\/wp-content\/uploads\/2025\/06\/Rectoria-en-frecuencia-y-23-anos-de-Universo-94.9_Rectoria-en-frecuencia-768x512.jpg 768w, https:\/\/diarioavanzada.com.mx\/wp-content\/uploads\/2025\/06\/Rectoria-en-frecuencia-y-23-anos-de-Universo-94.9_Rectoria-en-frecuencia-1200x800.jpg 1200w, https:\/\/diarioavanzada.com.mx\/wp-content\/uploads\/2025\/06\/Rectoria-en-frecuencia-y-23-anos-de-Universo-94.9_Rectoria-en-frecuencia.jpg 1224w\" sizes=\"auto, (max-width: 1024px) 100vw, 1024px\" \/><\/figure>\n\n\n\n<figure class=\"wp-block-image size-large\"><img loading=\"lazy\" decoding=\"async\" width=\"1024\" height=\"643\" src=\"https:\/\/diarioavanzada.com.mx\/wp-content\/uploads\/2025\/06\/Rectoria-en-frecuencia-y-23-anos-de-Universo-94.9_Rector_a-1024x643.jpg\" alt=\"\" class=\"wp-image-88731\" srcset=\"https:\/\/diarioavanzada.com.mx\/wp-content\/uploads\/2025\/06\/Rectoria-en-frecuencia-y-23-anos-de-Universo-94.9_Rector_a-1024x643.jpg 1024w, https:\/\/diarioavanzada.com.mx\/wp-content\/uploads\/2025\/06\/Rectoria-en-frecuencia-y-23-anos-de-Universo-94.9_Rector_a-300x188.jpg 300w, https:\/\/diarioavanzada.com.mx\/wp-content\/uploads\/2025\/06\/Rectoria-en-frecuencia-y-23-anos-de-Universo-94.9_Rector_a-768x482.jpg 768w, https:\/\/diarioavanzada.com.mx\/wp-content\/uploads\/2025\/06\/Rectoria-en-frecuencia-y-23-anos-de-Universo-94.9_Rector_a-1200x754.jpg 1200w, https:\/\/diarioavanzada.com.mx\/wp-content\/uploads\/2025\/06\/Rectoria-en-frecuencia-y-23-anos-de-Universo-94.9_Rector_a.jpg 1261w\" sizes=\"auto, (max-width: 1024px) 100vw, 1024px\" \/><\/figure>\n\n\n\n<figure class=\"wp-block-image size-large\"><img loading=\"lazy\" decoding=\"async\" width=\"1024\" height=\"704\" src=\"https:\/\/diarioavanzada.com.mx\/wp-content\/uploads\/2025\/06\/Rectoria-en-frecuencia-y-23-anos-de-Universo-94.9_Rector-Marina-Vazquez-1024x704.jpg\" alt=\"\" class=\"wp-image-88733\" srcset=\"https:\/\/diarioavanzada.com.mx\/wp-content\/uploads\/2025\/06\/Rectoria-en-frecuencia-y-23-anos-de-Universo-94.9_Rector-Marina-Vazquez-1024x704.jpg 1024w, https:\/\/diarioavanzada.com.mx\/wp-content\/uploads\/2025\/06\/Rectoria-en-frecuencia-y-23-anos-de-Universo-94.9_Rector-Marina-Vazquez-300x206.jpg 300w, https:\/\/diarioavanzada.com.mx\/wp-content\/uploads\/2025\/06\/Rectoria-en-frecuencia-y-23-anos-de-Universo-94.9_Rector-Marina-Vazquez-768x528.jpg 768w, https:\/\/diarioavanzada.com.mx\/wp-content\/uploads\/2025\/06\/Rectoria-en-frecuencia-y-23-anos-de-Universo-94.9_Rector-Marina-Vazquez-1200x825.jpg 1200w, https:\/\/diarioavanzada.com.mx\/wp-content\/uploads\/2025\/06\/Rectoria-en-frecuencia-y-23-anos-de-Universo-94.9_Rector-Marina-Vazquez.jpg 1206w\" sizes=\"auto, (max-width: 1024px) 100vw, 1024px\" \/><\/figure>\n<div class=\"fb-background-color\">\n\t\t\t  <div \n\t\t\t  \tclass = \"fb-comments\" \n\t\t\t  \tdata-href = \"https:\/\/diarioavanzada.com.mx\/?p=88727\"\n\t\t\t  \tdata-numposts = \"10\"\n\t\t\t  \tdata-lazy = \"true\"\n\t\t\t\tdata-colorscheme = \"light\"\n\t\t\t\tdata-order-by = \"social\"\n\t\t\t\tdata-mobile=true>\n\t\t\t  <\/div><\/div>\n\t\t  <style>\n\t\t    .fb-background-color {\n\t\t\t\tbackground:  !important;\n\t\t\t}\n\t\t\t.fb_iframe_widget_fluid_desktop iframe {\n\t\t\t    width: 100% !important;\n\t\t\t}\n\t\t  <\/style>\n\t\t  ","protected":false},"excerpt":{"rendered":"<p>\u201cCelebramos este aniversario con orgullo, reconociendo el trabajo profesional de todo el equipo, que no solo enriquece a la universidad, sino que tambi\u00e9n hace una invaluable contribuci\u00f3n social\u201d. Christian Torres Ortiz, rector. Colima, M\u00e9xico, Comunicado (02\/06\/2025).- Este lunes, en una nueva emisi\u00f3n de Rector\u00eda en Frecuencia, programa conducido por Marina V\u00e1zquez y Pepe Ferruzca desde [&hellip;]<\/p>\n","protected":false},"author":7,"featured_media":88740,"comment_status":"closed","ping_status":"closed","sticky":false,"template":"","format":"standard","meta":{"_coblocks_attr":"","_coblocks_dimensions":"","_coblocks_responsive_height":"","_coblocks_accordion_ie_support":"","_crdt_document":"","advanced_seo_description":"","jetpack_seo_html_title":"","jetpack_seo_noindex":false,"_jetpack_memberships_contains_paid_content":false,"footnotes":""},"categories":[19,209,7],"tags":[],"class_list":["post-88727","post","type-post","status-publish","format-standard","has-post-thumbnail","hentry","category-colima","category-importantes","category-noticias"],"jetpack_featured_media_url":"https:\/\/diarioavanzada.com.mx\/wp-content\/uploads\/2025\/06\/54670fd3-28b0-4c97-ba46-479e38aa7d3a-4-1.jpg","jetpack-related-posts":[],"jetpack_sharing_enabled":true,"amp_enabled":true,"_links":{"self":[{"href":"https:\/\/diarioavanzada.com.mx\/index.php?rest_route=\/wp\/v2\/posts\/88727","targetHints":{"allow":["GET"]}}],"collection":[{"href":"https:\/\/diarioavanzada.com.mx\/index.php?rest_route=\/wp\/v2\/posts"}],"about":[{"href":"https:\/\/diarioavanzada.com.mx\/index.php?rest_route=\/wp\/v2\/types\/post"}],"author":[{"embeddable":true,"href":"https:\/\/diarioavanzada.com.mx\/index.php?rest_route=\/wp\/v2\/users\/7"}],"replies":[{"embeddable":true,"href":"https:\/\/diarioavanzada.com.mx\/index.php?rest_route=%2Fwp%2Fv2%2Fcomments&post=88727"}],"version-history":[{"count":3,"href":"https:\/\/diarioavanzada.com.mx\/index.php?rest_route=\/wp\/v2\/posts\/88727\/revisions"}],"predecessor-version":[{"id":88734,"href":"https:\/\/diarioavanzada.com.mx\/index.php?rest_route=\/wp\/v2\/posts\/88727\/revisions\/88734"}],"wp:featuredmedia":[{"embeddable":true,"href":"https:\/\/diarioavanzada.com.mx\/index.php?rest_route=\/wp\/v2\/media\/88740"}],"wp:attachment":[{"href":"https:\/\/diarioavanzada.com.mx\/index.php?rest_route=%2Fwp%2Fv2%2Fmedia&parent=88727"}],"wp:term":[{"taxonomy":"category","embeddable":true,"href":"https:\/\/diarioavanzada.com.mx\/index.php?rest_route=%2Fwp%2Fv2%2Fcategories&post=88727"},{"taxonomy":"post_tag","embeddable":true,"href":"https:\/\/diarioavanzada.com.mx\/index.php?rest_route=%2Fwp%2Fv2%2Ftags&post=88727"}],"curies":[{"name":"wp","href":"https:\/\/api.w.org\/{rel}","templated":true}]}}