{"id":88698,"date":"2025-06-02T16:08:03","date_gmt":"2025-06-02T22:08:03","guid":{"rendered":"https:\/\/diarioavanzada.com.mx\/?p=88698"},"modified":"2025-06-02T16:17:21","modified_gmt":"2025-06-02T22:17:21","slug":"nuestra-colima-entre-sonrisas-feminicidios-becas-y-ninos-heridos","status":"publish","type":"post","link":"https:\/\/diarioavanzada.com.mx\/?p=88698","title":{"rendered":"\u201cNuestra Colima\u201d: entre sonrisas, feminicidios, becas y ni\u00f1os heridos"},"content":{"rendered":"\n<p class=\"p1 wp-block-paragraph\">Colima, M\u00e9xico, Avanzada.- (02\/06\/2025).- Desde su campa\u00f1a electoral, la actual gobernadora de Colima ha sostenido un discurso marcado por el feminismo. Se autodenomin\u00f3 como la impulsora de un \u201cgobierno feminista\u201d porque, seg\u00fan dijo, \u201ces tiempo de mujeres\u201d. Incluso ha insistido en llamar al estado \u201cnuestra Colima\u201d, como una forma de feminizar y apropiarse simb\u00f3licamente del territorio. Pero mientras su gobierno se dedica a repartir becas, tomarse fotograf\u00edas y promover mensajes de felicidad, amor y energ\u00eda en redes sociales, la violencia contra las mujeres, los ni\u00f1os \u2014y contra la poblaci\u00f3n en general\u2014 no cesa.<\/p>\n\n\n\n<p class=\"p1 wp-block-paragraph\">En tan solo 13 d\u00edas, del 19 de mayo al 1 de junio, fueron asesinadas 20 personas en el estado de Colima. Entre ellas, cuatro mujeres v\u00edctimas de ataques armados y tres menores de edad que resultaron heridos al presenciar o quedar atrapados en estos hechos violentos.<\/p>\n\n\n\n<p class=\"p1 wp-block-paragraph\">El caso m\u00e1s reciente ocurri\u00f3 el 1 de junio, cuando una mujer fue asesinada a balazos en la calle Anacahuita de la colonia Prados del Sur, en la ciudad de Colima. En el mismo ataque, una menor de edad result\u00f3 herida.<\/p>\n\n\n\n<p class=\"p1 wp-block-paragraph\">El 28 de mayo se confirm\u00f3 el fallecimiento de Alejandra Sarai Garc\u00eda Casta\u00f1eda, colaboradora del H. Ayuntamiento de Colima. Fue v\u00edctima de un ataque armado la noche del jueves 23 frente a su domicilio. Aunque fue trasladada de inmediato a la Cl\u00ednica #1 del IMSS, no logr\u00f3 sobrevivir.<\/p>\n\n\n\n<p class=\"p1 wp-block-paragraph\">El 26 de mayo, una mujer de 65 a\u00f1os fue brutalmente asesinada dentro de su vivienda, frente a dos menores de 5 y 10 a\u00f1os, quienes tambi\u00e9n resultaron heridos. Un acto de violencia que marcar\u00e1 sus vidas para siempre y que pone en evidencia la vulnerabilidad en la que viven muchas familias colimenses.<\/p>\n\n\n\n<p class=\"p1 wp-block-paragraph\">D\u00edas antes, el 24 de mayo, otra mujer fue asesinada con disparos de arma de fuego en la colonia Las Fuentes, tambi\u00e9n en Colima.<\/p>\n\n\n\n<p class=\"p1 wp-block-paragraph\">Estos cr\u00edmenes no son hechos aislados. Se suman a un clima general de inseguridad que se ha normalizado mientras el discurso gubernamental elige enfocarse en la entrega repetitiva de becas \u2014como la \u201cColibeca\u201d\u2014 y en publicaciones optimistas que proyectan un estado feliz, en paz y lleno de energ\u00eda positiva.<\/p>\n\n\n\n<p class=\"p1 wp-block-paragraph\">Pero para los menores que vieron morir a su madre, abuela o t\u00eda, no hay beca que repare el trauma ni publicaci\u00f3n que maquille la realidad. La omisi\u00f3n sistem\u00e1tica de estos temas en los discursos oficiales ha generado creciente indignaci\u00f3n entre la poblaci\u00f3n, que exige coherencia entre la narrativa y la acci\u00f3n p\u00fablica.<\/p>\n\n\n\n<p class=\"p1 wp-block-paragraph\">Si este es un gobierno feminista, como se ha proclamado desde el inicio, la violencia contra las mujeres no puede seguir siendo ignorada. No basta con palabras, colores ni esl\u00f3ganes. Porque en esta \u201cnuestra Colima\u201d que duele, los asesinatos siguen siendo una constante. Y mientras la sangre sigue corriendo en las calles, el silencio oficial tambi\u00e9n mata.<\/p>\n<div class=\"fb-background-color\">\n\t\t\t  <div \n\t\t\t  \tclass = \"fb-comments\" \n\t\t\t  \tdata-href = \"https:\/\/diarioavanzada.com.mx\/?p=88698\"\n\t\t\t  \tdata-numposts = \"10\"\n\t\t\t  \tdata-lazy = \"true\"\n\t\t\t\tdata-colorscheme = \"light\"\n\t\t\t\tdata-order-by = \"social\"\n\t\t\t\tdata-mobile=true>\n\t\t\t  <\/div><\/div>\n\t\t  <style>\n\t\t    .fb-background-color {\n\t\t\t\tbackground:  !important;\n\t\t\t}\n\t\t\t.fb_iframe_widget_fluid_desktop iframe {\n\t\t\t    width: 100% !important;\n\t\t\t}\n\t\t  <\/style>\n\t\t  ","protected":false},"excerpt":{"rendered":"<p>Colima, M\u00e9xico, Avanzada.- (02\/06\/2025).- Desde su campa\u00f1a electoral, la actual gobernadora de Colima ha sostenido un discurso marcado por el feminismo. Se autodenomin\u00f3 como la impulsora de un \u201cgobierno feminista\u201d porque, seg\u00fan dijo, \u201ces tiempo de mujeres\u201d. Incluso ha insistido en llamar al estado \u201cnuestra Colima\u201d, como una forma de feminizar y apropiarse simb\u00f3licamente del [&hellip;]<\/p>\n","protected":false},"author":7,"featured_media":88702,"comment_status":"closed","ping_status":"closed","sticky":false,"template":"","format":"standard","meta":{"_coblocks_attr":"","_coblocks_dimensions":"","_coblocks_responsive_height":"","_coblocks_accordion_ie_support":"","_crdt_document":"","advanced_seo_description":"","jetpack_seo_html_title":"","jetpack_seo_noindex":false,"_jetpack_memberships_contains_paid_content":false,"footnotes":""},"categories":[19,209,7,231],"tags":[210],"class_list":["post-88698","post","type-post","status-publish","format-standard","has-post-thumbnail","hentry","category-colima","category-importantes","category-noticias","category-seguridad","tag-portada"],"jetpack_featured_media_url":"https:\/\/diarioavanzada.com.mx\/wp-content\/uploads\/2025\/06\/img_3849-1.jpg","jetpack-related-posts":[],"jetpack_sharing_enabled":true,"amp_enabled":true,"_links":{"self":[{"href":"https:\/\/diarioavanzada.com.mx\/index.php?rest_route=\/wp\/v2\/posts\/88698","targetHints":{"allow":["GET"]}}],"collection":[{"href":"https:\/\/diarioavanzada.com.mx\/index.php?rest_route=\/wp\/v2\/posts"}],"about":[{"href":"https:\/\/diarioavanzada.com.mx\/index.php?rest_route=\/wp\/v2\/types\/post"}],"author":[{"embeddable":true,"href":"https:\/\/diarioavanzada.com.mx\/index.php?rest_route=\/wp\/v2\/users\/7"}],"replies":[{"embeddable":true,"href":"https:\/\/diarioavanzada.com.mx\/index.php?rest_route=%2Fwp%2Fv2%2Fcomments&post=88698"}],"version-history":[{"count":5,"href":"https:\/\/diarioavanzada.com.mx\/index.php?rest_route=\/wp\/v2\/posts\/88698\/revisions"}],"predecessor-version":[{"id":88707,"href":"https:\/\/diarioavanzada.com.mx\/index.php?rest_route=\/wp\/v2\/posts\/88698\/revisions\/88707"}],"wp:featuredmedia":[{"embeddable":true,"href":"https:\/\/diarioavanzada.com.mx\/index.php?rest_route=\/wp\/v2\/media\/88702"}],"wp:attachment":[{"href":"https:\/\/diarioavanzada.com.mx\/index.php?rest_route=%2Fwp%2Fv2%2Fmedia&parent=88698"}],"wp:term":[{"taxonomy":"category","embeddable":true,"href":"https:\/\/diarioavanzada.com.mx\/index.php?rest_route=%2Fwp%2Fv2%2Fcategories&post=88698"},{"taxonomy":"post_tag","embeddable":true,"href":"https:\/\/diarioavanzada.com.mx\/index.php?rest_route=%2Fwp%2Fv2%2Ftags&post=88698"}],"curies":[{"name":"wp","href":"https:\/\/api.w.org\/{rel}","templated":true}]}}