{"id":88696,"date":"2025-06-02T15:42:40","date_gmt":"2025-06-02T21:42:40","guid":{"rendered":"https:\/\/diarioavanzada.com.mx\/?p=88696"},"modified":"2025-06-02T15:42:56","modified_gmt":"2025-06-02T21:42:56","slug":"sheinbaum-desmiente-reunion-con-expresidente-es-la-mejor-presidenta-del-mundo-amlo","status":"publish","type":"post","link":"https:\/\/diarioavanzada.com.mx\/?p=88696","title":{"rendered":"Sheinbaum desmiente reuni\u00f3n con expresidente; Es \u201cla mejor presidenta del mundo\u201d: AMLO"},"content":{"rendered":"\n<p class=\"p1 wp-block-paragraph\">M\u00e9xico, Avanzada (02\/06\/2025).- Durante la conferencia de prensa celebrada este lunes, la presidenta Claudia Sheinbaum neg\u00f3 categ\u00f3ricamente los rumores que circulaban acerca de una supuesta reuni\u00f3n privada con el expresidente Andr\u00e9s Manuel L\u00f3pez Obrador en el s\u00f3tano de la Secretar\u00eda de Gobernaci\u00f3n. La mandataria aclar\u00f3 que no se ten\u00eda conocimiento previo sobre la salida de L\u00f3pez Obrador para emitir su voto. Expres\u00f3 su satisfacci\u00f3n por haberlo visto en buen estado de salud.<\/p>\n\n\n\n<p class=\"p1 wp-block-paragraph\">Por otra parte, en su reaparici\u00f3n p\u00fablica tras ocho meses de ausencia, L\u00f3pez Obrador acudi\u00f3 el domingo 1 de junio a emitir su voto en la hist\u00f3rica elecci\u00f3n judicial y aprovech\u00f3 la ocasi\u00f3n para elogiar a la presidenta Sheinbaum, a quien calific\u00f3 como \u201cla mejor presidenta del mundo\u201d. Desde Palenque, Chiapas, el expresidente manifest\u00f3 su satisfacci\u00f3n por el desarrollo de la jornada electoral, calific\u00e1ndola de \u201chist\u00f3rica\u201d y destacando la participaci\u00f3n ciudadana en un M\u00e9xico \u201clibre y democr\u00e1tico\u201d.<\/p>\n\n\n\n<p class=\"p1 wp-block-paragraph\">La presidenta Sheinbaum expres\u00f3 su gratitud ante las palabras de L\u00f3pez Obrador, calific\u00e1ndolas como emotivas y significativas, y reiter\u00f3 su benepl\u00e1cito por verlo ejercer su derecho al voto.<\/p>\n<div class=\"fb-background-color\">\n\t\t\t  <div \n\t\t\t  \tclass = \"fb-comments\" \n\t\t\t  \tdata-href = \"https:\/\/diarioavanzada.com.mx\/?p=88696\"\n\t\t\t  \tdata-numposts = \"10\"\n\t\t\t  \tdata-lazy = \"true\"\n\t\t\t\tdata-colorscheme = \"light\"\n\t\t\t\tdata-order-by = \"social\"\n\t\t\t\tdata-mobile=true>\n\t\t\t  <\/div><\/div>\n\t\t  <style>\n\t\t    .fb-background-color {\n\t\t\t\tbackground:  !important;\n\t\t\t}\n\t\t\t.fb_iframe_widget_fluid_desktop iframe {\n\t\t\t    width: 100% !important;\n\t\t\t}\n\t\t  <\/style>\n\t\t  ","protected":false},"excerpt":{"rendered":"<p>M\u00e9xico, Avanzada (02\/06\/2025).- Durante la conferencia de prensa celebrada este lunes, la presidenta Claudia Sheinbaum neg\u00f3 categ\u00f3ricamente los rumores que circulaban acerca de una supuesta reuni\u00f3n privada con el expresidente Andr\u00e9s Manuel L\u00f3pez Obrador en el s\u00f3tano de la Secretar\u00eda de Gobernaci\u00f3n. La mandataria aclar\u00f3 que no se ten\u00eda conocimiento previo sobre la salida de [&hellip;]<\/p>\n","protected":false},"author":7,"featured_media":88695,"comment_status":"closed","ping_status":"closed","sticky":false,"template":"","format":"standard","meta":{"_coblocks_attr":"","_coblocks_dimensions":"","_coblocks_responsive_height":"","_coblocks_accordion_ie_support":"","_crdt_document":"","advanced_seo_description":"","jetpack_seo_html_title":"","jetpack_seo_noindex":false,"_jetpack_memberships_contains_paid_content":false,"footnotes":""},"categories":[19,209],"tags":[210],"class_list":["post-88696","post","type-post","status-publish","format-standard","has-post-thumbnail","hentry","category-colima","category-importantes","tag-portada"],"jetpack_featured_media_url":"https:\/\/diarioavanzada.com.mx\/wp-content\/uploads\/2025\/06\/img_3845-1.jpg","jetpack-related-posts":[],"jetpack_sharing_enabled":true,"amp_enabled":true,"_links":{"self":[{"href":"https:\/\/diarioavanzada.com.mx\/index.php?rest_route=\/wp\/v2\/posts\/88696","targetHints":{"allow":["GET"]}}],"collection":[{"href":"https:\/\/diarioavanzada.com.mx\/index.php?rest_route=\/wp\/v2\/posts"}],"about":[{"href":"https:\/\/diarioavanzada.com.mx\/index.php?rest_route=\/wp\/v2\/types\/post"}],"author":[{"embeddable":true,"href":"https:\/\/diarioavanzada.com.mx\/index.php?rest_route=\/wp\/v2\/users\/7"}],"replies":[{"embeddable":true,"href":"https:\/\/diarioavanzada.com.mx\/index.php?rest_route=%2Fwp%2Fv2%2Fcomments&post=88696"}],"version-history":[{"count":1,"href":"https:\/\/diarioavanzada.com.mx\/index.php?rest_route=\/wp\/v2\/posts\/88696\/revisions"}],"predecessor-version":[{"id":88697,"href":"https:\/\/diarioavanzada.com.mx\/index.php?rest_route=\/wp\/v2\/posts\/88696\/revisions\/88697"}],"wp:featuredmedia":[{"embeddable":true,"href":"https:\/\/diarioavanzada.com.mx\/index.php?rest_route=\/wp\/v2\/media\/88695"}],"wp:attachment":[{"href":"https:\/\/diarioavanzada.com.mx\/index.php?rest_route=%2Fwp%2Fv2%2Fmedia&parent=88696"}],"wp:term":[{"taxonomy":"category","embeddable":true,"href":"https:\/\/diarioavanzada.com.mx\/index.php?rest_route=%2Fwp%2Fv2%2Fcategories&post=88696"},{"taxonomy":"post_tag","embeddable":true,"href":"https:\/\/diarioavanzada.com.mx\/index.php?rest_route=%2Fwp%2Fv2%2Ftags&post=88696"}],"curies":[{"name":"wp","href":"https:\/\/api.w.org\/{rel}","templated":true}]}}