{"id":88694,"date":"2025-06-02T14:31:07","date_gmt":"2025-06-02T20:31:07","guid":{"rendered":"https:\/\/diarioavanzada.com.mx\/?p=88694"},"modified":"2025-06-02T14:31:07","modified_gmt":"2025-06-02T20:31:07","slug":"fallece-alcalde-de-metlatonoc-tras-ataque-armado-exigen-justicia","status":"publish","type":"post","link":"https:\/\/diarioavanzada.com.mx\/?p=88694","title":{"rendered":"Fallece alcalde de Metlat\u00f3noc tras ataque armado; exigen justicia"},"content":{"rendered":"\n<p class=\"wp-block-paragraph\">Guerrero, M\u00e9xico, Avanzada (02\/06\/2025).- Luego de permanecer tres d\u00edas intubado a consecuencia de las heridas que sufri\u00f3 durante un ataque armado, falleci\u00f3 el alcalde de Metlat\u00f3noc, Isa\u00edas Rojas Ram\u00edrez, confirmaron este lunes autoridades estatales.<\/p>\n\n\n\n<p class=\"wp-block-paragraph\">El edil, militante del Partido del Trabajo (PT), fue atacado el pasado mi\u00e9rcoles junto con su esposa, Almari Gonz\u00e1lez, cuando transitaban por la Autopista del Sol, en el tramo cercano a los t\u00faneles de Huiziltepec, en el municipio de Eduardo Neri. De acuerdo con los primeros reportes, hombres armados intentaron detener su camioneta en un aparente intento de asalto. Al no detenerse, los agresores abrieron fuego. Rojas Ram\u00edrez recibi\u00f3 tres impactos de bala: uno en el t\u00f3rax y dos en el abdomen. A pesar de ello, logr\u00f3 conducir hasta Chilpancingo para pedir auxilio. Su esposa result\u00f3 con una herida superficial.<\/p>\n\n\n\n<p class=\"wp-block-paragraph\">El presidente municipal fue internado de emergencia y se mantuvo en estado grave durante tres d\u00edas, hasta que finalmente perdi\u00f3 la vida este fin de semana.<\/p>\n\n\n\n<p class=\"wp-block-paragraph\">La diputada del PT en Guerrero, Leticia Mosso Hern\u00e1ndez, expres\u00f3 su pesar por el deceso y lanz\u00f3 un llamado en\u00e9rgico a las autoridades para evitar que el crimen quede impune.<br \/>\u201cIsa\u00edas fue un hombre \u00edntegro, comprometido con las causas del pueblo y con el desarrollo de los pueblos originarios de la Monta\u00f1a. Su labor al frente del ayuntamiento fue ejemplo de entrega, sensibilidad y firmeza\u201d, declar\u00f3.<br \/>\u201c\u00a1Exigimos justicia! No podemos permitir que hechos como este sigan enlutando a nuestros pueblos\u201d, remat\u00f3 la legisladora.<\/p>\n\n\n\n<p class=\"wp-block-paragraph\">Por su parte, la gobernadora Evelyn Salgado Pineda lament\u00f3 la muerte del edil y asegur\u00f3 que desde el primer momento instruy\u00f3 a las dependencias de salud, gobernaci\u00f3n y seguridad para brindar apoyo al alcalde.<br \/>\u201cReitero mi llamado a la Fiscal\u00eda General del Estado para que los hechos se esclarezcan a la brevedad y no queden impunes\u201d, manifest\u00f3.<\/p>\n\n\n\n<p class=\"wp-block-paragraph\">Hasta el momento, las autoridades no han informado sobre personas detenidas por estos hechos. Organizaciones sociales y partidos pol\u00edticos han exigido resultados en las investigaciones, en una regi\u00f3n hist\u00f3ricamente golpeada por la violencia e impunidad.<\/p>\n<div class=\"fb-background-color\">\n\t\t\t  <div \n\t\t\t  \tclass = \"fb-comments\" \n\t\t\t  \tdata-href = \"https:\/\/diarioavanzada.com.mx\/?p=88694\"\n\t\t\t  \tdata-numposts = \"10\"\n\t\t\t  \tdata-lazy = \"true\"\n\t\t\t\tdata-colorscheme = \"light\"\n\t\t\t\tdata-order-by = \"social\"\n\t\t\t\tdata-mobile=true>\n\t\t\t  <\/div><\/div>\n\t\t  <style>\n\t\t    .fb-background-color {\n\t\t\t\tbackground:  !important;\n\t\t\t}\n\t\t\t.fb_iframe_widget_fluid_desktop iframe {\n\t\t\t    width: 100% !important;\n\t\t\t}\n\t\t  <\/style>\n\t\t  ","protected":false},"excerpt":{"rendered":"<p>Guerrero, M\u00e9xico, Avanzada (02\/06\/2025).- Luego de permanecer tres d\u00edas intubado a consecuencia de las heridas que sufri\u00f3 durante un ataque armado, falleci\u00f3 el alcalde de Metlat\u00f3noc, Isa\u00edas Rojas Ram\u00edrez, confirmaron este lunes autoridades estatales. El edil, militante del Partido del Trabajo (PT), fue atacado el pasado mi\u00e9rcoles junto con su esposa, Almari Gonz\u00e1lez, cuando transitaban [&hellip;]<\/p>\n","protected":false},"author":7,"featured_media":88236,"comment_status":"closed","ping_status":"closed","sticky":false,"template":"","format":"standard","meta":{"_coblocks_attr":"","_coblocks_dimensions":"","_coblocks_responsive_height":"","_coblocks_accordion_ie_support":"","_crdt_document":"","advanced_seo_description":"","jetpack_seo_html_title":"","jetpack_seo_noindex":false,"_jetpack_memberships_contains_paid_content":false,"footnotes":""},"categories":[209,22,7,231],"tags":[210],"class_list":["post-88694","post","type-post","status-publish","format-standard","has-post-thumbnail","hentry","category-importantes","category-nacion","category-noticias","category-seguridad","tag-portada"],"jetpack_featured_media_url":"https:\/\/diarioavanzada.com.mx\/wp-content\/uploads\/2025\/05\/img_3666-1.png","jetpack-related-posts":[],"jetpack_sharing_enabled":true,"amp_enabled":true,"_links":{"self":[{"href":"https:\/\/diarioavanzada.com.mx\/index.php?rest_route=\/wp\/v2\/posts\/88694","targetHints":{"allow":["GET"]}}],"collection":[{"href":"https:\/\/diarioavanzada.com.mx\/index.php?rest_route=\/wp\/v2\/posts"}],"about":[{"href":"https:\/\/diarioavanzada.com.mx\/index.php?rest_route=\/wp\/v2\/types\/post"}],"author":[{"embeddable":true,"href":"https:\/\/diarioavanzada.com.mx\/index.php?rest_route=\/wp\/v2\/users\/7"}],"replies":[{"embeddable":true,"href":"https:\/\/diarioavanzada.com.mx\/index.php?rest_route=%2Fwp%2Fv2%2Fcomments&post=88694"}],"version-history":[{"count":0,"href":"https:\/\/diarioavanzada.com.mx\/index.php?rest_route=\/wp\/v2\/posts\/88694\/revisions"}],"wp:featuredmedia":[{"embeddable":true,"href":"https:\/\/diarioavanzada.com.mx\/index.php?rest_route=\/wp\/v2\/media\/88236"}],"wp:attachment":[{"href":"https:\/\/diarioavanzada.com.mx\/index.php?rest_route=%2Fwp%2Fv2%2Fmedia&parent=88694"}],"wp:term":[{"taxonomy":"category","embeddable":true,"href":"https:\/\/diarioavanzada.com.mx\/index.php?rest_route=%2Fwp%2Fv2%2Fcategories&post=88694"},{"taxonomy":"post_tag","embeddable":true,"href":"https:\/\/diarioavanzada.com.mx\/index.php?rest_route=%2Fwp%2Fv2%2Ftags&post=88694"}],"curies":[{"name":"wp","href":"https:\/\/api.w.org\/{rel}","templated":true}]}}