{"id":88640,"date":"2025-06-02T06:27:10","date_gmt":"2025-06-02T12:27:10","guid":{"rendered":"https:\/\/diarioavanzada.com.mx\/?p=88640"},"modified":"2025-06-02T06:28:21","modified_gmt":"2025-06-02T12:28:21","slug":"el-estrepitoso-fracaso-de-la-eleccion-judicial","status":"publish","type":"post","link":"https:\/\/diarioavanzada.com.mx\/?p=88640","title":{"rendered":"El estrepitoso fracaso de la elecci\u00f3n judicial"},"content":{"rendered":"\n<p class=\"s3 wp-block-paragraph\"><strong>Editorial<\/strong><\/p>\n\n\n\n<p class=\"s3 wp-block-paragraph\">La elecci\u00f3n judicial en M\u00e9xico&nbsp;dej\u00f3 una marca imborrable en la historia pol\u00edtica del pa\u00eds, no por su \u00e9xito, sino por su rotundo fracaso en t\u00e9rminos de participaci\u00f3n ciudadana. Seg\u00fan el Instituto Nacional Electoral (INE), la participaci\u00f3n ciudadana se ubic\u00f3 entre el 12.57% y el 13.32%, cifras que no solo son bajas en s\u00ed mismas, sino que tambi\u00e9n resultan decepcionantes cuando se comparan con otros eventos electorales y consultas p\u00fablicas recientes.<\/p>\n\n\n\n<p class=\"s3 wp-block-paragraph\">Por ejemplo, la consulta para la revocaci\u00f3n de mandato realizada en 2022 alcanz\u00f3 un porcentaje de participaci\u00f3n del 17.8%, lo que sugiere que la elecci\u00f3n judicial no logr\u00f3 captar el inter\u00e9s o la confianza de la ciudadan\u00eda en la misma medida.<\/p>\n\n\n\n<p class=\"s3 wp-block-paragraph\">Este bajo nivel de participaci\u00f3n plantea serias preguntas sobre la legitimidad y la representatividad de los resultados obtenidos. La elecci\u00f3n judicial es un proceso crucial que afecta directamente la administraci\u00f3n de justicia y la confianza en el sistema judicial de un pa\u00eds.<\/p>\n\n\n\n<p class=\"s3 wp-block-paragraph\">Sin embargo, la apat\u00eda y el desinter\u00e9s mostrados por la mayor\u00eda de los ciudadanos sugieren una falta de conexi\u00f3n entre la ciudadan\u00eda y el proceso electoral en s\u00ed mismo. Esto puede deberse a una variedad de factores, incluyendo la percepci\u00f3n de la ciudadan\u00eda sobre la relevancia del proceso, la falta de informaci\u00f3n adecuada, o incluso la desconfianza en las instituciones electorales y judiciales.<\/p>\n\n\n\n<p class=\"s3 wp-block-paragraph\">Otro aspecto que merece atenci\u00f3n es el costo asociado con la organizaci\u00f3n de esta elecci\u00f3n. Se aprobaron m\u00e1s de 7 mil millones de pesos para el trabajo del INE en este proceso. Esta cantidad es significativa y contrasta abruptamente con la baja participaci\u00f3n registrada.<\/p>\n\n\n\n<p class=\"s3 wp-block-paragraph\">La comparaci\u00f3n entre el gasto p\u00fablico destinado a la elecci\u00f3n y los resultados obtenidos invita a reflexionar sobre la eficiencia y la efectividad del uso de los recursos p\u00fablicos. Mientras se invierten sumas considerables en procesos electorales, existen otras \u00e1reas prioritarias que demandan atenci\u00f3n y recursos, como la salud p\u00fablica.<\/p>\n\n\n\n<p class=\"s3 wp-block-paragraph\">En este contexto, resulta ilustrativo considerar las necesidades urgentes en el sector salud, donde el gobierno federal podr\u00eda haber destinado parte de esos recursos a la adquisici\u00f3n&nbsp;de medicamentos esenciales para hospitales y para el tratamiento de enfermedades graves, como el c\u00e1ncer infantil.<\/p>\n\n\n\n<p class=\"s3 wp-block-paragraph\">La priorizaci\u00f3n de recursos p\u00fablicos deber\u00eda reflejar las necesidades m\u00e1s apremiantes de la sociedad, y la comparaci\u00f3n entre el gasto en elecciones y las carencias en servicios b\u00e1sicos como la salud pone de relieve la necesidad de una evaluaci\u00f3n cr\u00edtica sobre c\u00f3mo se asignan los recursos.<\/p>\n\n\n\n<p class=\"s3 wp-block-paragraph\">No obstante, desde el punto de vista pol\u00edtico la&nbsp;elecci\u00f3n judicial realizada el domingo&nbsp;podr\u00eda ser considerada un \u00e9xito para sus promotores, el expresidente Andr\u00e9s Manuel L\u00f3pez Obrador y la actual presidenta, Claudia Sheinbaum Pardo, pues independientemente del porcentaje de participaci\u00f3n sus resultados son legales y este mecanismo fue el conducto id\u00f3neo para que el Poder Ejecutivo mexicano, en manos de la 4T, controle ahora tambi\u00e9n al Poder Judicial, luego de que ya dominaba al Poder Legislativo.<\/p>\n\n\n\n<p class=\"s3 wp-block-paragraph\">Sin embargo, al margen de lo anterior la elecci\u00f3n judicial&nbsp;puso&nbsp;de manifiesto desaf\u00edos significativos en t\u00e9rminos de participaci\u00f3n ciudadana y eficiencia en el uso de recursos p\u00fablicos. La baja participaci\u00f3n registrada y el alto costo del proceso electoral son indicadores de que es necesario revisar y mejorar los mecanismos de participaci\u00f3n ciudadana y la gesti\u00f3n de los recursos p\u00fablicos. Solo a trav\u00e9s de un an\u00e1lisis cr\u00edtico y reflexivo de estos resultados ser\u00e1 posible implementar cambios que fortalezcan la democracia y la confianza en las instituciones p\u00fablicas.<\/p>\n<div class=\"fb-background-color\">\n\t\t\t  <div \n\t\t\t  \tclass = \"fb-comments\" \n\t\t\t  \tdata-href = \"https:\/\/diarioavanzada.com.mx\/?p=88640\"\n\t\t\t  \tdata-numposts = \"10\"\n\t\t\t  \tdata-lazy = \"true\"\n\t\t\t\tdata-colorscheme = \"light\"\n\t\t\t\tdata-order-by = \"social\"\n\t\t\t\tdata-mobile=true>\n\t\t\t  <\/div><\/div>\n\t\t  <style>\n\t\t    .fb-background-color {\n\t\t\t\tbackground:  !important;\n\t\t\t}\n\t\t\t.fb_iframe_widget_fluid_desktop iframe {\n\t\t\t    width: 100% !important;\n\t\t\t}\n\t\t  <\/style>\n\t\t  ","protected":false},"excerpt":{"rendered":"<p>Editorial La elecci\u00f3n judicial en M\u00e9xico&nbsp;dej\u00f3 una marca imborrable en la historia pol\u00edtica del pa\u00eds, no por su \u00e9xito, sino por su rotundo fracaso en t\u00e9rminos de participaci\u00f3n ciudadana. Seg\u00fan el Instituto Nacional Electoral (INE), la participaci\u00f3n ciudadana se ubic\u00f3 entre el 12.57% y el 13.32%, cifras que no solo son bajas en s\u00ed mismas, [&hellip;]<\/p>\n","protected":false},"author":7,"featured_media":88639,"comment_status":"closed","ping_status":"closed","sticky":false,"template":"","format":"standard","meta":{"_coblocks_attr":"","_coblocks_dimensions":"","_coblocks_responsive_height":"","_coblocks_accordion_ie_support":"","_crdt_document":"","advanced_seo_description":"","jetpack_seo_html_title":"","jetpack_seo_noindex":false,"_jetpack_memberships_contains_paid_content":false,"footnotes":""},"categories":[19,209,7,24],"tags":[210],"class_list":["post-88640","post","type-post","status-publish","format-standard","has-post-thumbnail","hentry","category-colima","category-importantes","category-noticias","category-opinion","tag-portada"],"jetpack_featured_media_url":"https:\/\/diarioavanzada.com.mx\/wp-content\/uploads\/2025\/06\/img_3793-1.jpg","jetpack-related-posts":[],"jetpack_sharing_enabled":true,"amp_enabled":true,"_links":{"self":[{"href":"https:\/\/diarioavanzada.com.mx\/index.php?rest_route=\/wp\/v2\/posts\/88640","targetHints":{"allow":["GET"]}}],"collection":[{"href":"https:\/\/diarioavanzada.com.mx\/index.php?rest_route=\/wp\/v2\/posts"}],"about":[{"href":"https:\/\/diarioavanzada.com.mx\/index.php?rest_route=\/wp\/v2\/types\/post"}],"author":[{"embeddable":true,"href":"https:\/\/diarioavanzada.com.mx\/index.php?rest_route=\/wp\/v2\/users\/7"}],"replies":[{"embeddable":true,"href":"https:\/\/diarioavanzada.com.mx\/index.php?rest_route=%2Fwp%2Fv2%2Fcomments&post=88640"}],"version-history":[{"count":3,"href":"https:\/\/diarioavanzada.com.mx\/index.php?rest_route=\/wp\/v2\/posts\/88640\/revisions"}],"predecessor-version":[{"id":88643,"href":"https:\/\/diarioavanzada.com.mx\/index.php?rest_route=\/wp\/v2\/posts\/88640\/revisions\/88643"}],"wp:featuredmedia":[{"embeddable":true,"href":"https:\/\/diarioavanzada.com.mx\/index.php?rest_route=\/wp\/v2\/media\/88639"}],"wp:attachment":[{"href":"https:\/\/diarioavanzada.com.mx\/index.php?rest_route=%2Fwp%2Fv2%2Fmedia&parent=88640"}],"wp:term":[{"taxonomy":"category","embeddable":true,"href":"https:\/\/diarioavanzada.com.mx\/index.php?rest_route=%2Fwp%2Fv2%2Fcategories&post=88640"},{"taxonomy":"post_tag","embeddable":true,"href":"https:\/\/diarioavanzada.com.mx\/index.php?rest_route=%2Fwp%2Fv2%2Ftags&post=88640"}],"curies":[{"name":"wp","href":"https:\/\/api.w.org\/{rel}","templated":true}]}}