{"id":88624,"date":"2025-06-01T20:50:52","date_gmt":"2025-06-02T02:50:52","guid":{"rendered":"https:\/\/diarioavanzada.com.mx\/?p=88624"},"modified":"2025-06-01T20:50:54","modified_gmt":"2025-06-02T02:50:54","slug":"cuatro-milpas-celebra-25-anos-de-vida-con-exiliadas-de-la-gloria","status":"publish","type":"post","link":"https:\/\/diarioavanzada.com.mx\/?p=88624","title":{"rendered":"Cuatro Milpas celebra 25 a\u00f1os de \u00a0vida con Exiliadas de la gloria"},"content":{"rendered":"\n<p class=\"wp-block-paragraph\"><em>\u201cLos textos son fuertes, pero eso es lo que est\u00e1 pasando en nuestra actualidad, vemos muchos muertos en las calles. Tenemos que defendernos y cuidarnos entre todas y todos\u201d: Nadia Flores.<\/em><\/p>\n\n\n\n<p class=\"wp-block-paragraph\">Colima, M\u00e9xico, Comunicado (01\/06\/2025).- En el marco de las actividades por su 25 aniversario, la Compa\u00f1\u00eda de Teatro \u201cCuatro Milpas\u201d present\u00f3 este fin de semana, en el Teatro Universitario \u201cCnel. Pedro Torres Ortiz\u201d, la puesta en escena \u201cExiliadas de la Gloria\u201d, obra dirigida y escrita por Janet Pinela, quien se inspira en tres personajes del dramaturgo y poeta alem\u00e1n Bertolt Brecht (1898-1956).<\/p>\n\n\n\n<p class=\"wp-block-paragraph\">La obra aborda la vida de tres mujeres, interpretadas por Lupita Ch\u00e1vez, Nadia Flores y Flor Larios, que sobreviven a una \u00e9poca y una ciudad marcada por la violencia y la brutalidad. Las tres se encuentran en un teatro abandonado.<\/p>\n\n\n\n<p class=\"wp-block-paragraph\">Durante el desarrollo de la obra -que explora el recurso del teatro dentro del teatro y rompe constantemente la cuarta pared al hacer que las actrices se dirijan directamente al p\u00fablico-, las protagonistas comparten sus historias de vida y revelan las cicatrices que les ha dejado la p\u00e9rdida de la fe, de la dignidad y los seres que amaron. Al mismo tiempo, resaltan su esperanza, su resiliencia y la profunda necesidad de conectar con los dem\u00e1s.<\/p>\n\n\n\n<p class=\"wp-block-paragraph\">Al hablar en entrevista sobre su papel como Santa Juana de los Mataderos, la actriz Lupita Ch\u00e1vez se\u00f1al\u00f3 que su experiencia ha sido algo ambigua. Por una parte, ha sido una obra que ha disfrutado mucho llevando a escena, pero a la vez le ha resultado exigente y agotadora. \u201cHa sido una obra excitante que me ha llevado a un encuentro con el personaje, pero tambi\u00e9n con la actriz que interpreta al personaje\u201d.<\/p>\n\n\n\n<p class=\"wp-block-paragraph\">Por su parte, la actriz Nadia Flores, quien da vida a Madre Coraje, se\u00f1al\u00f3 que la obra reflexiona sobre la lucha de las mujeres y aunque sus personajes fueron creados por Bertolt Brecht entre las d\u00e9cadas de 1930 y 1940, en la actualidad se siguen viviendo muchas situaciones similares. <a>\u201cLos textos son fuertes, pero eso es lo que est\u00e1 pasando en nuestra actualidad, vemos muchos muertos en las calles. Tenemos que defendernos y cuidarnos entre todas y todos\u201d.<\/a><\/p>\n\n\n\n<p class=\"wp-block-paragraph\">Enfatiz\u00f3 que, con esta obra, Cuatro Milpas \u201cbusca crear conciencia sobre la importancia de informarnos, saber a d\u00f3nde acudir si nos encontramos viviendo situaciones dif\u00edciles; apoyarnos las unas a las otras y cuidarnos, porque estamos en un mundo bastante complicado en el que hay desapariciones de mujeres todos los d\u00edas\u201d.<\/p>\n\n\n\n<p class=\"wp-block-paragraph\">Al hablar sobre la puesta en escena, la actriz Flor Larios destac\u00f3 el trabajo de adaptaci\u00f3n de los personajes y, en su caso particular, de Jenny la de los Tugurios, a la cual interpreta y est\u00e1 inspirada en Jenny Diver, de <em>La \u00f3pera de los tres centavos<\/em>. \u201cCon Jenny buscamos una voz femenina con diversos matices, por un lado, de vulnerabilidad, pero tambi\u00e9n de mucha fortaleza. Adem\u00e1s, como actriz fue un personaje muy exigente en el manejo esc\u00e9nico, corporal y vocal, porque recordemos que Bertolt Brecht integraba en su teatro \u00f3pera, baile y m\u00fasica\u201d.<\/p>\n\n\n\n<p class=\"wp-block-paragraph\">La actriz se\u00f1al\u00f3 que el teatro es muy importante para abordar este tipo de temas que nos tocan a todos como sociedad, porque es un arte que crea comuni\u00f3n entre los actores y el espectador. \u201cVivimos en una sociedad, como en el caso de Colima, donde lamentablemente los \u00edndices de violencia aumentan todo el tiempo y el teatro es pertinente para hacernos reflexionar y decirnos: no estamos solos, juntos podemos hacer algo. Tambi\u00e9n es un llamado a la uni\u00f3n y a la empat\u00eda por los otros\u201d.<\/p>\n\n\n\n<p class=\"wp-block-paragraph\">Finalmente dijo que la compa\u00f1\u00eda se encuentra actualmente en un proceso de creaci\u00f3n y aunque no tienen fechas exactas de estreno, dijo, en los meses de septiembre y octubre ver\u00e1n la luz nuevas propuestas. En este sentido, invit\u00f3 a los amantes del teatro a estar atentos y atentas de sus redes sociales, donde dar\u00e1n m\u00e1s informaci\u00f3n. \u201cCon este tipo de obras queremos resaltar que el teatro, si bien es un espect\u00e1culo y es entretenimiento, tambi\u00e9n nos sirve para reflexionar y emana como una expresi\u00f3n que surge de la propia comunidad\u201d.<\/p>\n\n\n\n<p class=\"wp-block-paragraph\">En el estreno de esta puesta en escena estuvo presente el coordinador general de Extensi\u00f3n Universitaria, Carlos Ram\u00edrez Vuelvas en representaci\u00f3n del Rector de la Universidad de Colima, Christian Jorge Torres Ortiz Zerme\u00f1o.<\/p>\n\n\n\n<figure class=\"wp-block-image size-large\"><img loading=\"lazy\" decoding=\"async\" width=\"1024\" height=\"676\" src=\"https:\/\/diarioavanzada.com.mx\/wp-content\/uploads\/2025\/06\/Cuatro-Milpas_Exiliadas-de-la-gloria_b-1024x676.jpg\" alt=\"\" class=\"wp-image-88629\" srcset=\"https:\/\/diarioavanzada.com.mx\/wp-content\/uploads\/2025\/06\/Cuatro-Milpas_Exiliadas-de-la-gloria_b-1024x676.jpg 1024w, https:\/\/diarioavanzada.com.mx\/wp-content\/uploads\/2025\/06\/Cuatro-Milpas_Exiliadas-de-la-gloria_b-300x198.jpg 300w, https:\/\/diarioavanzada.com.mx\/wp-content\/uploads\/2025\/06\/Cuatro-Milpas_Exiliadas-de-la-gloria_b-768x507.jpg 768w, https:\/\/diarioavanzada.com.mx\/wp-content\/uploads\/2025\/06\/Cuatro-Milpas_Exiliadas-de-la-gloria_b-1536x1013.jpg 1536w, https:\/\/diarioavanzada.com.mx\/wp-content\/uploads\/2025\/06\/Cuatro-Milpas_Exiliadas-de-la-gloria_b-2048x1351.jpg 2048w, https:\/\/diarioavanzada.com.mx\/wp-content\/uploads\/2025\/06\/Cuatro-Milpas_Exiliadas-de-la-gloria_b-1200x792.jpg 1200w\" sizes=\"auto, (max-width: 1024px) 100vw, 1024px\" \/><\/figure>\n\n\n\n<figure class=\"wp-block-image size-large\"><img loading=\"lazy\" decoding=\"async\" width=\"1024\" height=\"683\" src=\"https:\/\/diarioavanzada.com.mx\/wp-content\/uploads\/2025\/06\/Cuatro-Milpas_Exiliadas-de-la-gloria_h-1024x683.jpg\" alt=\"\" class=\"wp-image-88630\" srcset=\"https:\/\/diarioavanzada.com.mx\/wp-content\/uploads\/2025\/06\/Cuatro-Milpas_Exiliadas-de-la-gloria_h-1024x683.jpg 1024w, https:\/\/diarioavanzada.com.mx\/wp-content\/uploads\/2025\/06\/Cuatro-Milpas_Exiliadas-de-la-gloria_h-300x200.jpg 300w, https:\/\/diarioavanzada.com.mx\/wp-content\/uploads\/2025\/06\/Cuatro-Milpas_Exiliadas-de-la-gloria_h-768x512.jpg 768w, https:\/\/diarioavanzada.com.mx\/wp-content\/uploads\/2025\/06\/Cuatro-Milpas_Exiliadas-de-la-gloria_h-1536x1024.jpg 1536w, https:\/\/diarioavanzada.com.mx\/wp-content\/uploads\/2025\/06\/Cuatro-Milpas_Exiliadas-de-la-gloria_h-2048x1366.jpg 2048w, https:\/\/diarioavanzada.com.mx\/wp-content\/uploads\/2025\/06\/Cuatro-Milpas_Exiliadas-de-la-gloria_h-1200x800.jpg 1200w\" sizes=\"auto, (max-width: 1024px) 100vw, 1024px\" \/><\/figure>\n\n\n\n<figure class=\"wp-block-image size-large\"><img loading=\"lazy\" decoding=\"async\" width=\"1024\" height=\"674\" src=\"https:\/\/diarioavanzada.com.mx\/wp-content\/uploads\/2025\/06\/Cuatro-Milpas_Exiliadas-de-la-gloria_n-1024x674.jpg\" alt=\"\" class=\"wp-image-88631\" srcset=\"https:\/\/diarioavanzada.com.mx\/wp-content\/uploads\/2025\/06\/Cuatro-Milpas_Exiliadas-de-la-gloria_n-1024x674.jpg 1024w, https:\/\/diarioavanzada.com.mx\/wp-content\/uploads\/2025\/06\/Cuatro-Milpas_Exiliadas-de-la-gloria_n-300x197.jpg 300w, https:\/\/diarioavanzada.com.mx\/wp-content\/uploads\/2025\/06\/Cuatro-Milpas_Exiliadas-de-la-gloria_n-768x505.jpg 768w, https:\/\/diarioavanzada.com.mx\/wp-content\/uploads\/2025\/06\/Cuatro-Milpas_Exiliadas-de-la-gloria_n-1536x1011.jpg 1536w, https:\/\/diarioavanzada.com.mx\/wp-content\/uploads\/2025\/06\/Cuatro-Milpas_Exiliadas-de-la-gloria_n-2048x1348.jpg 2048w, https:\/\/diarioavanzada.com.mx\/wp-content\/uploads\/2025\/06\/Cuatro-Milpas_Exiliadas-de-la-gloria_n-1200x790.jpg 1200w\" sizes=\"auto, (max-width: 1024px) 100vw, 1024px\" \/><\/figure>\n<div class=\"fb-background-color\">\n\t\t\t  <div \n\t\t\t  \tclass = \"fb-comments\" \n\t\t\t  \tdata-href = \"https:\/\/diarioavanzada.com.mx\/?p=88624\"\n\t\t\t  \tdata-numposts = \"10\"\n\t\t\t  \tdata-lazy = \"true\"\n\t\t\t\tdata-colorscheme = \"light\"\n\t\t\t\tdata-order-by = \"social\"\n\t\t\t\tdata-mobile=true>\n\t\t\t  <\/div><\/div>\n\t\t  <style>\n\t\t    .fb-background-color {\n\t\t\t\tbackground:  !important;\n\t\t\t}\n\t\t\t.fb_iframe_widget_fluid_desktop iframe {\n\t\t\t    width: 100% !important;\n\t\t\t}\n\t\t  <\/style>\n\t\t  ","protected":false},"excerpt":{"rendered":"<p>\u201cLos textos son fuertes, pero eso es lo que est\u00e1 pasando en nuestra actualidad, vemos muchos muertos en las calles. Tenemos que defendernos y cuidarnos entre todas y todos\u201d: Nadia Flores. Colima, M\u00e9xico, Comunicado (01\/06\/2025).- En el marco de las actividades por su 25 aniversario, la Compa\u00f1\u00eda de Teatro \u201cCuatro Milpas\u201d present\u00f3 este fin de [&hellip;]<\/p>\n","protected":false},"author":7,"featured_media":88633,"comment_status":"closed","ping_status":"closed","sticky":false,"template":"","format":"standard","meta":{"_coblocks_attr":"","_coblocks_dimensions":"","_coblocks_responsive_height":"","_coblocks_accordion_ie_support":"","_crdt_document":"","advanced_seo_description":"","jetpack_seo_html_title":"","jetpack_seo_noindex":false,"_jetpack_memberships_contains_paid_content":false,"footnotes":""},"categories":[19,209],"tags":[],"class_list":["post-88624","post","type-post","status-publish","format-standard","has-post-thumbnail","hentry","category-colima","category-importantes"],"jetpack_featured_media_url":"https:\/\/diarioavanzada.com.mx\/wp-content\/uploads\/2025\/06\/Cuatro-Milpas_Exiliadas-de-la-gloria_p.jpg","jetpack-related-posts":[],"jetpack_sharing_enabled":true,"amp_enabled":true,"_links":{"self":[{"href":"https:\/\/diarioavanzada.com.mx\/index.php?rest_route=\/wp\/v2\/posts\/88624","targetHints":{"allow":["GET"]}}],"collection":[{"href":"https:\/\/diarioavanzada.com.mx\/index.php?rest_route=\/wp\/v2\/posts"}],"about":[{"href":"https:\/\/diarioavanzada.com.mx\/index.php?rest_route=\/wp\/v2\/types\/post"}],"author":[{"embeddable":true,"href":"https:\/\/diarioavanzada.com.mx\/index.php?rest_route=\/wp\/v2\/users\/7"}],"replies":[{"embeddable":true,"href":"https:\/\/diarioavanzada.com.mx\/index.php?rest_route=%2Fwp%2Fv2%2Fcomments&post=88624"}],"version-history":[{"count":4,"href":"https:\/\/diarioavanzada.com.mx\/index.php?rest_route=\/wp\/v2\/posts\/88624\/revisions"}],"predecessor-version":[{"id":88634,"href":"https:\/\/diarioavanzada.com.mx\/index.php?rest_route=\/wp\/v2\/posts\/88624\/revisions\/88634"}],"wp:featuredmedia":[{"embeddable":true,"href":"https:\/\/diarioavanzada.com.mx\/index.php?rest_route=\/wp\/v2\/media\/88633"}],"wp:attachment":[{"href":"https:\/\/diarioavanzada.com.mx\/index.php?rest_route=%2Fwp%2Fv2%2Fmedia&parent=88624"}],"wp:term":[{"taxonomy":"category","embeddable":true,"href":"https:\/\/diarioavanzada.com.mx\/index.php?rest_route=%2Fwp%2Fv2%2Fcategories&post=88624"},{"taxonomy":"post_tag","embeddable":true,"href":"https:\/\/diarioavanzada.com.mx\/index.php?rest_route=%2Fwp%2Fv2%2Ftags&post=88624"}],"curies":[{"name":"wp","href":"https:\/\/api.w.org\/{rel}","templated":true}]}}