{"id":88550,"date":"2025-06-01T20:31:58","date_gmt":"2025-06-02T02:31:58","guid":{"rendered":"https:\/\/diarioavanzada.com.mx\/?p=88550"},"modified":"2025-06-01T20:32:02","modified_gmt":"2025-06-02T02:32:02","slug":"guitarromania-el-festival-que-ha-puesto-a-colima-en-el-mapa-de-la-guitarra-clasica-internacional","status":"publish","type":"post","link":"https:\/\/diarioavanzada.com.mx\/?p=88550","title":{"rendered":"Guitarroman\u00eda: el festival que ha puesto a Colima en el mapa de la guitarra cl\u00e1sica internacional"},"content":{"rendered":"\n<p class=\"wp-block-paragraph\"><em>Su objetivo principal es fomentar eventos musicales de alta calidad que permitan al p\u00fablico y a los estudiantes conocer nuevas t\u00e9cnicas, repertorios y enfoques en torno a la guitarra cl\u00e1sica.<\/em><\/p>\n\n\n\n<p class=\"wp-block-paragraph\">Colima, M\u00e9xico, Comunicado (01\/06\/2025).- Con la participaci\u00f3n de artistas de seis pa\u00edses y una agenda de conciertos, clases magistrales y concursos, del 3 al 7 de junio se llevar\u00e1 a cabo en la ciudad de Colima la edici\u00f3n n\u00famero 19 del Festival Guitarroman\u00eda, uno de los encuentros m\u00e1s importantes de guitarra cl\u00e1sica en M\u00e9xico y un referente formativo y art\u00edstico para guitarristas en formaci\u00f3n.<\/p>\n\n\n\n<p class=\"wp-block-paragraph\">Organizado por la Universidad de Colima a trav\u00e9s del Instituto Universitario de Bellas Artes (IUBA) y el Cuerpo Acad\u00e9mico 108, \u201cEducaci\u00f3n, Gesti\u00f3n Cultural y Producci\u00f3n Art\u00edstica\u201d, y con el apoyo de la Coordinaci\u00f3n General de Extensi\u00f3n y la Direcci\u00f3n General de Difusi\u00f3n Cultural, el festival tambi\u00e9n cuenta con la colaboraci\u00f3n del Gobierno del Estado de Colima, mediante la Subsecretar\u00eda de Cultura, y del Ayuntamiento de Colima. La direcci\u00f3n general del evento est\u00e1 a cargo del compositor y guitarrista Simone Iannarelli, catedr\u00e1tico del IUBA.<\/p>\n\n\n\n<p class=\"wp-block-paragraph\">Desde su creaci\u00f3n, Guitarroman\u00eda ha ofrecido m\u00e1s de 138 conciertos y recitales, y ha recibido a m\u00e1s de 200 artistas invitados provenientes de 23 pa\u00edses, entre int\u00e9rpretes, conferencistas y maestros. A lo largo de casi dos d\u00e9cadas, el festival ha generado un espacio vital para el intercambio art\u00edstico, la formaci\u00f3n musical especializada y la proyecci\u00f3n del talento joven.<\/p>\n\n\n\n<p class=\"wp-block-paragraph\">Su objetivo principal es ofrecer eventos musicales de alta calidad que permitan al p\u00fablico y a los estudiantes conocer nuevas t\u00e9cnicas, repertorios y enfoques en torno a la guitarra cl\u00e1sica.<\/p>\n\n\n\n<p class=\"wp-block-paragraph\">Para muchos m\u00fasicos en formaci\u00f3n del pa\u00eds, Guitarroman\u00eda representa una de las pocas oportunidades en M\u00e9xico para convivir, aprender e interactuar con grandes referentes del instrumento. Ha sido tambi\u00e9n un semillero de talentos colimenses, que encuentran en este espacio una plataforma para proyectar sus carreras en la escena nacional e internacional. El festival ha logrado posicionar a Colima como un punto de encuentro internacional para la guitarra, con impacto acad\u00e9mico, cultural y art\u00edstico.<\/p>\n\n\n\n<p class=\"wp-block-paragraph\"><strong>Programaci\u00f3n internacional y actividades<\/strong><\/p>\n\n\n\n<p class=\"wp-block-paragraph\">En su edici\u00f3n 2025, Guitarroman\u00eda contar\u00e1 con la participaci\u00f3n de artistas de M\u00e9xico, Costa Rica, Per\u00fa, Canad\u00e1, Alemania y Singapur. La programaci\u00f3n incluye cinco conciertos de gala en el Teatro Hidalgo, a las 20:00 horas, y tres conciertos vespertinos con entrada libre en la Pinacoteca Universitaria, a las 5 de la tarde.<\/p>\n\n\n\n<p class=\"wp-block-paragraph\">Adem\u00e1s, se llevar\u00e1 a cabo el Concurso de Int\u00e9rpretes \u201cCiudad de Colima\u201d, los d\u00edas 7 y 8 de junio, de 9:00 a 16:00 horas, en las instalaciones de la Escuela de M\u00fasica del IUBA. Tambi\u00e9n se impartir\u00e1n clases magistrales con los artistas invitados, de 10:00 a 14:00 horas.<\/p>\n\n\n\n<p class=\"wp-block-paragraph\"><strong>Conciertos destacados<\/strong><\/p>\n\n\n\n<p class=\"wp-block-paragraph\">Entre los recitales m\u00e1s esperados se encuentran los del d\u00fao canadiense Chromad\u00fao, el peruano Juan Carlos Arancibia, el costarricense Adri\u00e1n Montero, el singapurense Kevin Loh, as\u00ed como los mexicanos Carlos Viramontes, Pablo Garibay y el Cuarteto de Cuerdas \u201cJos\u00e9 White\u201d, entre otros.<\/p>\n\n\n\n<p class=\"wp-block-paragraph\">El festival tambi\u00e9n incluir\u00e1 una presentaci\u00f3n especial del Octeto de Guitarras del IUBA y el Coro del Departamento de M\u00fasica, que ofrecer\u00e1n un concierto colectivo el s\u00e1bado 7 de junio.<\/p>\n\n\n\n<p class=\"wp-block-paragraph\"><strong>Costos y accesos<\/strong><\/p>\n\n\n\n<p class=\"wp-block-paragraph\">La entrada general a los conciertos de gala tiene una cuota de recuperaci\u00f3n de $100.00 pesos, con 50 % de descuento para integrantes de la Red UCOL. Tambi\u00e9n est\u00e1 disponible un pase especial para los cinco conciertos por $200.00 pesos. Los boletos pueden adquirirse en la taquilla antes de cada funci\u00f3n o en las oficinas administrativas del IUBA, ubicadas en la calle Manuel Gallardo Zamora #99. Informes al tel\u00e9fono: 312 316 1175.<\/p>\n\n\n\n<p class=\"wp-block-paragraph\">Toda la programaci\u00f3n se puede seguir en las redes sociales de Guitarroman\u00eda y del IUBA UdeC en Facebook e Instagram.<\/p>\n\n\n\n<p class=\"wp-block-paragraph\"><\/p>\n<div class=\"fb-background-color\">\n\t\t\t  <div \n\t\t\t  \tclass = \"fb-comments\" \n\t\t\t  \tdata-href = \"https:\/\/diarioavanzada.com.mx\/?p=88550\"\n\t\t\t  \tdata-numposts = \"10\"\n\t\t\t  \tdata-lazy = \"true\"\n\t\t\t\tdata-colorscheme = \"light\"\n\t\t\t\tdata-order-by = \"social\"\n\t\t\t\tdata-mobile=true>\n\t\t\t  <\/div><\/div>\n\t\t  <style>\n\t\t    .fb-background-color {\n\t\t\t\tbackground:  !important;\n\t\t\t}\n\t\t\t.fb_iframe_widget_fluid_desktop iframe {\n\t\t\t    width: 100% !important;\n\t\t\t}\n\t\t  <\/style>\n\t\t  ","protected":false},"excerpt":{"rendered":"<p>Su objetivo principal es fomentar eventos musicales de alta calidad que permitan al p\u00fablico y a los estudiantes conocer nuevas t\u00e9cnicas, repertorios y enfoques en torno a la guitarra cl\u00e1sica. Colima, M\u00e9xico, Comunicado (01\/06\/2025).- Con la participaci\u00f3n de artistas de seis pa\u00edses y una agenda de conciertos, clases magistrales y concursos, del 3 al 7 [&hellip;]<\/p>\n","protected":false},"author":7,"featured_media":88600,"comment_status":"closed","ping_status":"closed","sticky":false,"template":"","format":"standard","meta":{"_coblocks_attr":"","_coblocks_dimensions":"","_coblocks_responsive_height":"","_coblocks_accordion_ie_support":"","_crdt_document":"","advanced_seo_description":"","jetpack_seo_html_title":"","jetpack_seo_noindex":false,"_jetpack_memberships_contains_paid_content":false,"footnotes":""},"categories":[19,209,7],"tags":[],"class_list":["post-88550","post","type-post","status-publish","format-standard","has-post-thumbnail","hentry","category-colima","category-importantes","category-noticias"],"jetpack_featured_media_url":"https:\/\/diarioavanzada.com.mx\/wp-content\/uploads\/2025\/06\/guitarromania.jpg","jetpack-related-posts":[],"jetpack_sharing_enabled":true,"amp_enabled":true,"_links":{"self":[{"href":"https:\/\/diarioavanzada.com.mx\/index.php?rest_route=\/wp\/v2\/posts\/88550","targetHints":{"allow":["GET"]}}],"collection":[{"href":"https:\/\/diarioavanzada.com.mx\/index.php?rest_route=\/wp\/v2\/posts"}],"about":[{"href":"https:\/\/diarioavanzada.com.mx\/index.php?rest_route=\/wp\/v2\/types\/post"}],"author":[{"embeddable":true,"href":"https:\/\/diarioavanzada.com.mx\/index.php?rest_route=\/wp\/v2\/users\/7"}],"replies":[{"embeddable":true,"href":"https:\/\/diarioavanzada.com.mx\/index.php?rest_route=%2Fwp%2Fv2%2Fcomments&post=88550"}],"version-history":[{"count":2,"href":"https:\/\/diarioavanzada.com.mx\/index.php?rest_route=\/wp\/v2\/posts\/88550\/revisions"}],"predecessor-version":[{"id":88596,"href":"https:\/\/diarioavanzada.com.mx\/index.php?rest_route=\/wp\/v2\/posts\/88550\/revisions\/88596"}],"wp:featuredmedia":[{"embeddable":true,"href":"https:\/\/diarioavanzada.com.mx\/index.php?rest_route=\/wp\/v2\/media\/88600"}],"wp:attachment":[{"href":"https:\/\/diarioavanzada.com.mx\/index.php?rest_route=%2Fwp%2Fv2%2Fmedia&parent=88550"}],"wp:term":[{"taxonomy":"category","embeddable":true,"href":"https:\/\/diarioavanzada.com.mx\/index.php?rest_route=%2Fwp%2Fv2%2Fcategories&post=88550"},{"taxonomy":"post_tag","embeddable":true,"href":"https:\/\/diarioavanzada.com.mx\/index.php?rest_route=%2Fwp%2Fv2%2Ftags&post=88550"}],"curies":[{"name":"wp","href":"https:\/\/api.w.org\/{rel}","templated":true}]}}