{"id":8846,"date":"2019-11-28T11:31:43","date_gmt":"2019-11-28T16:31:43","guid":{"rendered":"https:\/\/diarioavanzada.com.mx\/?p=8846"},"modified":"2019-11-28T11:31:44","modified_gmt":"2019-11-28T16:31:44","slug":"se-fractura-morena-en-el-congreso-de-colima","status":"publish","type":"post","link":"https:\/\/diarioavanzada.com.mx\/?p=8846","title":{"rendered":"Se fractura Morena en el Congreso de Colima"},"content":{"rendered":"\n<p class=\"wp-block-paragraph\">Colima, M\u00e9xico, Avanzada (28\/11\/2019).- La iniciativa de reforma de la Ley Org\u00e1nica de la Universidad de Colima dividi\u00f3 a los integrantes de la fracci\u00f3n de Morena en el Congreso del Estado\u00a0y evidenci\u00f3, con claridad,\u00a0que la unidad en el grupo mayoritario pende de un hilo.<\/p>\n\n\n\n<p class=\"wp-block-paragraph\">Ayer, en una entrevista en el peri\u00f3dico Diario de Colima, el vicecoordinador de Morena, Guillermo Toscano Reyes acus\u00f3 a su coordinador de la fracci\u00f3n, Vladimir Parra Barrag\u00e1n de pretender desestabilizar a la Universidad de Colima a trav\u00e9s de la iniciativa de reforma a la Ley Org\u00e1nica que se present\u00f3 en el Poder Legislativo el pasado 21 de noviembre.<\/p>\n\n\n\n<p class=\"wp-block-paragraph\">El legislador \u2013 quien gan\u00f3 la diputaci\u00f3n local bajo el cobijo del PT y despu\u00e9s solicit\u00f3 su adhesi\u00f3n a la fracci\u00f3n de Morena- &nbsp;afirm\u00f3 que el proyecto de reforma no \u201cpasar\u00e1 en el Poder Legislativo\u201d y revel\u00f3 que existen por lo menos cinco diputados m\u00e1s de Morena que no avalan la propuesta de reforma.<\/p>\n\n\n\n<p class=\"wp-block-paragraph\">Las declaraciones de Guillermo Toscano Reyes ocasionaron que la diputada morenista, Blanca Livier Rodr\u00edguez Osorio\u00a0se\u00f1alara que el vicecoordinador de su fracci\u00f3n, Guillermo Toscano \u201ctendr\u00e1 que responder y aclarar a la ciudadan\u00eda que ha votado por un cambio\u201d.<\/p>\n\n\n\n<p class=\"wp-block-paragraph\">Tambi\u00e9n, el coordinador de la fracci\u00f3n del PT, Carlos C\u00e9sar Far\u00edas se\u00f1al\u00f3 que todav\u00eda no estaba consensada la reforma y dijo que su fracci\u00f3n todav\u00eda no defin\u00eda si la apoyar\u00eda o no.<\/p>\n\n\n\n<p class=\"wp-block-paragraph\">No es la primera vez que las diferencias pol\u00edticas entre los integrantes de la fracci\u00f3n de Morena en el Congreso del Estado quedan de manifiesto.<\/p>\n\n\n\n<p class=\"wp-block-paragraph\">El 9 de noviembre de 2018, y s\u00f3lo dos meses despu\u00e9s de que la actual legislatura \u2013 dominada por la coalici\u00f3n Juntos Haremos Historia tom\u00f3 protesta- se hizo p\u00fablica la primera escisi\u00f3n del grupo mayoritario: destituyeron a su coordinador parlamentario, Miguel \u00c1ngel S\u00e1nchez Verduzco, a quien acusaron de presuntos malos manejos financieros al interior de la Comisi\u00f3n de Gobierno Interno, los cuales hasta la fecha no se han investigado, ni aclarado.<\/p>\n\n\n\n<p class=\"wp-block-paragraph\">Esa situaci\u00f3n provoc\u00f3 que el legislador morenistas, -quien por primera vez incursionaba en la vida pol\u00edtica- &nbsp;renunciara a la fracci\u00f3n de Morena y se adhiriera al PVEM, donde es el coordinador.<\/p>\n\n\n\n<p class=\"wp-block-paragraph\">El &nbsp;otro hecho que mostr\u00f3 las diferencias pol\u00edticas entre los integrantes del grupo que lleg\u00f3 al poder legislativo cobijados por la figura de Andr\u00e9s Manuel L\u00f3pez Obrador, ocurri\u00f3 el 11 de enero de este a\u00f1o, cuando la coordinadora de la fracci\u00f3n de Morena, Jazm\u00edn Garc\u00eda \u2013 quien sustituy\u00f3 a S\u00e1nchez Verduzco- renunci\u00f3 a la coordinaci\u00f3n y acus\u00f3 al actual coordinador, Vladimir Parra de ejercer violencia pol\u00edtica en su contra.<\/p>\n\n\n\n<p class=\"wp-block-paragraph\">Aunque nunca se confirm\u00f3, las versiones extraoficiales se\u00f1alaron que Garc\u00eda Ram\u00edrez renunci\u00f3 a la coordinaci\u00f3n despu\u00e9s de que un grupo de diputados de Morena se negaron a bajarse el sueldo y a desaparecer prerrogativas como lo hab\u00edan anunciado unas horas antes.<\/p>\n\n\n\n<p class=\"wp-block-paragraph\">A las divisiones de los integrantes de Morena, tambi\u00e9n se suman las de los diputados del PT y los enfrentamientos que algunos morenistas han tenido con los integrantes de este grupo parlamentario.<\/p>\n\n\n\n<p class=\"wp-block-paragraph\">Durante este primer a\u00f1o en el Congreso del Estado, las divisiones, confrontaciones, retrasos en sesiones, las faltas injustificadas de los legisladores &nbsp;integrantes de Morena y PT a las sesiones,&nbsp; la&nbsp; ausencia del debate parlamentario y el incumplimiento de las promesas de campa\u00f1a han empa\u00f1ado el trabajo de la&nbsp; coalici\u00f3n \u201cJuntos Haremos Historia\u201d en el Congreso local.<\/p>\n<div class=\"fb-background-color\">\n\t\t\t  <div \n\t\t\t  \tclass = \"fb-comments\" \n\t\t\t  \tdata-href = \"https:\/\/diarioavanzada.com.mx\/?p=8846\"\n\t\t\t  \tdata-numposts = \"10\"\n\t\t\t  \tdata-lazy = \"true\"\n\t\t\t\tdata-colorscheme = \"light\"\n\t\t\t\tdata-order-by = \"social\"\n\t\t\t\tdata-mobile=true>\n\t\t\t  <\/div><\/div>\n\t\t  <style>\n\t\t    .fb-background-color {\n\t\t\t\tbackground:  !important;\n\t\t\t}\n\t\t\t.fb_iframe_widget_fluid_desktop iframe {\n\t\t\t    width: 100% !important;\n\t\t\t}\n\t\t  <\/style>\n\t\t  ","protected":false},"excerpt":{"rendered":"<p>Colima, M\u00e9xico, Avanzada (28\/11\/2019).- La iniciativa de reforma de la Ley Org\u00e1nica de la Universidad de Colima dividi\u00f3 a los integrantes de la fracci\u00f3n de Morena en el Congreso del Estado\u00a0y evidenci\u00f3, con claridad,\u00a0que la unidad en el grupo mayoritario pende de un hilo. Ayer, en una entrevista en el peri\u00f3dico Diario de Colima, el [&hellip;]<\/p>\n","protected":false},"author":5,"featured_media":8847,"comment_status":"closed","ping_status":"closed","sticky":false,"template":"","format":"standard","meta":{"_coblocks_attr":"","_coblocks_dimensions":"","_coblocks_responsive_height":"","_coblocks_accordion_ie_support":"","_crdt_document":"","advanced_seo_description":"","jetpack_seo_html_title":"","jetpack_seo_noindex":false,"_jetpack_memberships_contains_paid_content":false,"footnotes":""},"categories":[19],"tags":[210],"class_list":["post-8846","post","type-post","status-publish","format-standard","has-post-thumbnail","hentry","category-colima","tag-portada"],"jetpack_featured_media_url":"https:\/\/diarioavanzada.com.mx\/wp-content\/uploads\/2019\/11\/Divisio\u0301n.jpg","jetpack-related-posts":[],"jetpack_sharing_enabled":true,"amp_enabled":true,"_links":{"self":[{"href":"https:\/\/diarioavanzada.com.mx\/index.php?rest_route=\/wp\/v2\/posts\/8846","targetHints":{"allow":["GET"]}}],"collection":[{"href":"https:\/\/diarioavanzada.com.mx\/index.php?rest_route=\/wp\/v2\/posts"}],"about":[{"href":"https:\/\/diarioavanzada.com.mx\/index.php?rest_route=\/wp\/v2\/types\/post"}],"author":[{"embeddable":true,"href":"https:\/\/diarioavanzada.com.mx\/index.php?rest_route=\/wp\/v2\/users\/5"}],"replies":[{"embeddable":true,"href":"https:\/\/diarioavanzada.com.mx\/index.php?rest_route=%2Fwp%2Fv2%2Fcomments&post=8846"}],"version-history":[{"count":0,"href":"https:\/\/diarioavanzada.com.mx\/index.php?rest_route=\/wp\/v2\/posts\/8846\/revisions"}],"wp:featuredmedia":[{"embeddable":true,"href":"https:\/\/diarioavanzada.com.mx\/index.php?rest_route=\/wp\/v2\/media\/8847"}],"wp:attachment":[{"href":"https:\/\/diarioavanzada.com.mx\/index.php?rest_route=%2Fwp%2Fv2%2Fmedia&parent=8846"}],"wp:term":[{"taxonomy":"category","embeddable":true,"href":"https:\/\/diarioavanzada.com.mx\/index.php?rest_route=%2Fwp%2Fv2%2Fcategories&post=8846"},{"taxonomy":"post_tag","embeddable":true,"href":"https:\/\/diarioavanzada.com.mx\/index.php?rest_route=%2Fwp%2Fv2%2Ftags&post=8846"}],"curies":[{"name":"wp","href":"https:\/\/api.w.org\/{rel}","templated":true}]}}