{"id":88423,"date":"2025-05-30T18:50:51","date_gmt":"2025-05-31T00:50:51","guid":{"rendered":"https:\/\/diarioavanzada.com.mx\/?p=88423"},"modified":"2025-05-30T18:50:51","modified_gmt":"2025-05-31T00:50:51","slug":"apoyara-udec-a-79-jovenes-con-su-verano-de-investigacion-cientifica","status":"publish","type":"post","link":"https:\/\/diarioavanzada.com.mx\/?p=88423","title":{"rendered":"Apoyar\u00e1 UdeC a 79 j\u00f3venes con su verano de investigaci\u00f3n cient\u00edfica"},"content":{"rendered":"\n<p class=\"wp-block-paragraph\"><em>\u201cQuiero pedirles que, independientemente de lo que suceda en su experiencia, la disfruten, porque no s\u00f3lo es una experiencia de investigaci\u00f3n, sino de vida\u201d: Christian Torres Ortiz, rector.<\/em><\/p>\n\n\n\n<p class=\"wp-block-paragraph\">Colima, M\u00e9xico, Comunicado (30\/05\/2025).- El rector de la Universidad de Colima, Dr. Christian Torres Ortiz Zerme\u00f1o, entreg\u00f3 este viernes 79 becas a estudiantes que participar\u00e1n en el XXX Verano de la Investigaci\u00f3n Cient\u00edfica del Programa Delf\u00edn 2025. Del total, 61 realizar\u00e1n su estancia de forma presencial en instituciones de diversas partes del pa\u00eds, seis viajar\u00e1n a Colombia, diez participar\u00e1n en modalidad virtual, y tres m\u00e1s desarrollar\u00e1n su proyecto en la propia Universidad de Colima. De los becarios, 29 son hombres y 45 mujeres.<\/p>\n\n\n\n<p class=\"wp-block-paragraph\">Durante esta edici\u00f3n del Verano de la Investigaci\u00f3n, la coordinadora general de Investigaci\u00f3n, X\u00f3chilt Trujillo-Trujillo, inform\u00f3 que las y los estudiantes realizar\u00e1n una estancia de siete semanas, del 9 de junio al 25 de julio. Al concluir, participar\u00e1n en la 12\u00aa edici\u00f3n del Foro de Investigaci\u00f3n, que se llevar\u00e1 a cabo el pr\u00f3ximo 20 de agosto en la Universidad de Colima.<\/p>\n\n\n\n<p class=\"wp-block-paragraph\">En este contexto, Trujillo-Trujillo agradeci\u00f3 el respaldo del rector por otorgar becas de apoyo a las y los estudiantes participantes. \u201cDe esta forma, se fomenta la vocaci\u00f3n por la ciencia y la tecnolog\u00eda, tan necesarias para el desarrollo del pa\u00eds, y se impulsa el talento universitario al ponerlo a interactuar directamente con investigadoras e investigadores\u201d, se\u00f1al\u00f3.<\/p>\n\n\n\n<p class=\"wp-block-paragraph\">Ya sea de forma presencial o en l\u00ednea, los 74 estudiantes tendr\u00e1n la oportunidad de colaborar con investigadores e investigadoras de alguna de las 300 instituciones que integran el Programa Delf\u00edn.<\/p>\n\n\n\n<p class=\"wp-block-paragraph\">\u201cAl concluir su estancia -agreg\u00f3-, cada uno y cada una de ustedes habr\u00e1 comprobado la calidad de la investigaci\u00f3n que se realiza en estas instituciones. Adem\u00e1s, al desarrollar su proyecto, se sumar\u00e1n a los m\u00e1s de 87,200 estudiantes que han participado en el Programa Delf\u00edn a lo largo de sus 30 a\u00f1os de existencia, y sus experiencias enriquecer\u00e1n el trabajo de una red acad\u00e9mica integrada por 11,900 investigadoras e investigadores de siete pa\u00edses\u201d.<\/p>\n\n\n\n<p class=\"wp-block-paragraph\">Eyma Ochoa, estudiante de la Facultad de Ingenier\u00eda Civil, agradeci\u00f3 al rector en nombre de las y los participantes del Verano de la Investigaci\u00f3n por el respaldo brindado. Subray\u00f3 que este tipo de iniciativas, adem\u00e1s de fomentar la integraci\u00f3n de j\u00f3venes con talento y vocaci\u00f3n por la ciencia y la tecnolog\u00eda, contribuir\u00e1n en el futuro cercano al desarrollo regional, nacional e internacional. Tambi\u00e9n destac\u00f3 que estas experiencias pueden motivar a muchos estudiantes a continuar su formaci\u00f3n en programas de posgrado, tanto en M\u00e9xico como en el extranjero.<\/p>\n\n\n\n<p class=\"wp-block-paragraph\">Sobre el impacto del Programa Delf\u00edn, dijo que quienes participan en \u00e9l reafirman su vocaci\u00f3n profesional y descubren nuevas \u00e1reas donde aplicar sus conocimientos. Adem\u00e1s -a\u00f1adi\u00f3-, las estancias les permiten ampliar sus perspectivas, adoptar diferentes m\u00e9todos de trabajo, y sobre todo adquirir una experiencia que las y los impulsa a seguir prepar\u00e1ndose acad\u00e9micamente.<\/p>\n\n\n\n<p class=\"wp-block-paragraph\">\u201cQuiero reconocer el inter\u00e9s, visi\u00f3n y respaldo del rector y de su administraci\u00f3n, por el trabajo que realizan para que las y los estudiantes podamos formarnos a trav\u00e9s de modelos acad\u00e9micos que impulsan nuestro desarrollo profesional y personal. Estoy convencida de que pueden sentirse orgullosos del impacto social que generan los resultados de sus esfuerzos\u201d, expres\u00f3.<\/p>\n\n\n\n<p class=\"wp-block-paragraph\">Esta beca, dijo finalmente, no s\u00f3lo es una experiencia de aprendizaje, \u201csino un apoyo para nuestra econom\u00eda y la de nuestras familias\u201d. A los estudiantes les pidi\u00f3 recordar que \u201csomos responsables de dejar un mejor mundo que el que hemos recibido\u201d.<\/p>\n\n\n\n<p class=\"wp-block-paragraph\">El rector Christian Torres Ortiz dijo que apoyar a los estudiantes en sus sue\u00f1os y crecimiento profesional es una de las funciones sustantivas de las instituciones p\u00fablicas. \u201cEs parte de nuestro trabajo y lo hacemos con mucho gusto. Nosotros trabajamos con recursos p\u00fablicos y siendo una universidad p\u00fablica, casi todo el dinero que recibimos viene de impuestos que pagamos en este pa\u00eds, por lo que tenemos la responsabilidad de hacer el mejor uso de ese recurso. Y lo que est\u00e1 claro y donde no nos vamos a equivocar, es que el alto porcentaje de ese recurso se destine a sus trayectorias acad\u00e9micas y escolares\u201d.<\/p>\n\n\n\n<p class=\"wp-block-paragraph\">Esta experiencia cient\u00edfica fuera del estado, del pa\u00eds e incluso con investigadores de la propia UdeC, dijo, \u201cles permitir\u00e1 resolver si la investigaci\u00f3n es una vocaci\u00f3n, si les gusta cierta \u00e1rea o experimentar\u00e1n en otra. Quiero pedirles que, independientemente de lo que suceda en su experiencia, la disfruten, porque no s\u00f3lo es una experiencia de investigaci\u00f3n, sino de vida, porque van a dejar a sus familias, su casa durante dos meses, y esa ser\u00e1 una lecci\u00f3n de vida\u201d.<\/p>\n\n\n\n<p class=\"wp-block-paragraph\">El rector pidi\u00f3 a los y las estudiantes que, a su regreso, \u201cnos ayuden a contarles su experiencia a sus compa\u00f1eros, a sus facultades, a su sal\u00f3n de clases y a sus amigos, porque se trata de que a\u00f1o con a\u00f1o vayan m\u00e1s j\u00f3venes al verano de la investigaci\u00f3n desde la Universidad de Colima\u201d.<\/p>\n\n\n\n<p class=\"wp-block-paragraph\">Finalmente, el rector expres\u00f3 su inter\u00e9s por hacer un recuento de los 30 a\u00f1os del Verano de Investigaci\u00f3n. \u201cQueremos conocer qu\u00e9 han hecho en su vida profesional y laboral. Estoy convencido de que encontraremos numerosos casos de j\u00f3venes que han logrado desarrollarse acad\u00e9micamente, especialmente en el \u00e1mbito de la investigaci\u00f3n, ya sea en la Universidad de Colima, en otras instituciones del pa\u00eds o en el extranjero\u201d.<\/p>\n\n\n\n<p class=\"wp-block-paragraph\">Tambi\u00e9n estuvieron en el pres\u00eddium Joel Nino, secretario general; Susana Aurelia Preciado, coordinadora general de Docencia; \u00c9rika Ulibarri, coordinadora general de lo Administrativo y Financiero; Mario de Anda, director general de Educaci\u00f3n Superior; Camilo Garc\u00eda, director general de Servicios Universitarios y Jaime Novela, presidente de la FEC.<\/p>\n\n\n\n<figure class=\"wp-block-image size-large\"><img loading=\"lazy\" decoding=\"async\" width=\"1024\" height=\"683\" src=\"https:\/\/diarioavanzada.com.mx\/wp-content\/uploads\/2025\/05\/Apoyara-UdeC-a-79-jovenes-con-su-verano-de-investigacion_b-1-1024x683.jpg\" alt=\"\" class=\"wp-image-88432\" srcset=\"https:\/\/diarioavanzada.com.mx\/wp-content\/uploads\/2025\/05\/Apoyara-UdeC-a-79-jovenes-con-su-verano-de-investigacion_b-1-1024x683.jpg 1024w, https:\/\/diarioavanzada.com.mx\/wp-content\/uploads\/2025\/05\/Apoyara-UdeC-a-79-jovenes-con-su-verano-de-investigacion_b-1-300x200.jpg 300w, https:\/\/diarioavanzada.com.mx\/wp-content\/uploads\/2025\/05\/Apoyara-UdeC-a-79-jovenes-con-su-verano-de-investigacion_b-1-768x512.jpg 768w, https:\/\/diarioavanzada.com.mx\/wp-content\/uploads\/2025\/05\/Apoyara-UdeC-a-79-jovenes-con-su-verano-de-investigacion_b-1-1200x800.jpg 1200w, https:\/\/diarioavanzada.com.mx\/wp-content\/uploads\/2025\/05\/Apoyara-UdeC-a-79-jovenes-con-su-verano-de-investigacion_b-1.jpg 1224w\" sizes=\"auto, (max-width: 1024px) 100vw, 1024px\" \/><\/figure>\n\n\n\n<figure class=\"wp-block-image size-large\"><img loading=\"lazy\" decoding=\"async\" width=\"1024\" height=\"725\" src=\"https:\/\/diarioavanzada.com.mx\/wp-content\/uploads\/2025\/05\/Apoyara-UdeC-a-79-jovenes-con-su-verano-de-investigacion-1024x725.jpg\" alt=\"\" class=\"wp-image-88433\" srcset=\"https:\/\/diarioavanzada.com.mx\/wp-content\/uploads\/2025\/05\/Apoyara-UdeC-a-79-jovenes-con-su-verano-de-investigacion-1024x725.jpg 1024w, https:\/\/diarioavanzada.com.mx\/wp-content\/uploads\/2025\/05\/Apoyara-UdeC-a-79-jovenes-con-su-verano-de-investigacion-300x212.jpg 300w, https:\/\/diarioavanzada.com.mx\/wp-content\/uploads\/2025\/05\/Apoyara-UdeC-a-79-jovenes-con-su-verano-de-investigacion-768x544.jpg 768w, https:\/\/diarioavanzada.com.mx\/wp-content\/uploads\/2025\/05\/Apoyara-UdeC-a-79-jovenes-con-su-verano-de-investigacion.jpg 1188w\" sizes=\"auto, (max-width: 1024px) 100vw, 1024px\" \/><\/figure>\n\n\n\n<figure class=\"wp-block-image size-large\"><img loading=\"lazy\" decoding=\"async\" width=\"1024\" height=\"744\" src=\"https:\/\/diarioavanzada.com.mx\/wp-content\/uploads\/2025\/05\/Apoyara-UdeC-a-79-jovenes-con-su-verano-de-investigacion_d-1024x744.jpg\" alt=\"\" class=\"wp-image-88435\" srcset=\"https:\/\/diarioavanzada.com.mx\/wp-content\/uploads\/2025\/05\/Apoyara-UdeC-a-79-jovenes-con-su-verano-de-investigacion_d-1024x744.jpg 1024w, https:\/\/diarioavanzada.com.mx\/wp-content\/uploads\/2025\/05\/Apoyara-UdeC-a-79-jovenes-con-su-verano-de-investigacion_d-300x218.jpg 300w, https:\/\/diarioavanzada.com.mx\/wp-content\/uploads\/2025\/05\/Apoyara-UdeC-a-79-jovenes-con-su-verano-de-investigacion_d-768x558.jpg 768w, https:\/\/diarioavanzada.com.mx\/wp-content\/uploads\/2025\/05\/Apoyara-UdeC-a-79-jovenes-con-su-verano-de-investigacion_d.jpg 1173w\" sizes=\"auto, (max-width: 1024px) 100vw, 1024px\" \/><\/figure>\n\n\n\n<figure class=\"wp-block-image size-large\"><img loading=\"lazy\" decoding=\"async\" width=\"1024\" height=\"683\" src=\"https:\/\/diarioavanzada.com.mx\/wp-content\/uploads\/2025\/05\/Apoyara-UdeC-a-79-jovenes-con-su-verano-de-investigacion_c-1024x683.jpg\" alt=\"\" class=\"wp-image-88437\" srcset=\"https:\/\/diarioavanzada.com.mx\/wp-content\/uploads\/2025\/05\/Apoyara-UdeC-a-79-jovenes-con-su-verano-de-investigacion_c-1024x683.jpg 1024w, https:\/\/diarioavanzada.com.mx\/wp-content\/uploads\/2025\/05\/Apoyara-UdeC-a-79-jovenes-con-su-verano-de-investigacion_c-300x200.jpg 300w, https:\/\/diarioavanzada.com.mx\/wp-content\/uploads\/2025\/05\/Apoyara-UdeC-a-79-jovenes-con-su-verano-de-investigacion_c-768x512.jpg 768w, https:\/\/diarioavanzada.com.mx\/wp-content\/uploads\/2025\/05\/Apoyara-UdeC-a-79-jovenes-con-su-verano-de-investigacion_c-1200x800.jpg 1200w, https:\/\/diarioavanzada.com.mx\/wp-content\/uploads\/2025\/05\/Apoyara-UdeC-a-79-jovenes-con-su-verano-de-investigacion_c.jpg 1224w\" sizes=\"auto, (max-width: 1024px) 100vw, 1024px\" \/><\/figure>\n\n\n\n<figure class=\"wp-block-image size-large\"><img loading=\"lazy\" decoding=\"async\" width=\"1024\" height=\"706\" src=\"https:\/\/diarioavanzada.com.mx\/wp-content\/uploads\/2025\/05\/Apoyara-UdeC-a-79-jovenes-con-su-verano-de-investigacion_e-1024x706.jpg\" alt=\"\" class=\"wp-image-88438\" srcset=\"https:\/\/diarioavanzada.com.mx\/wp-content\/uploads\/2025\/05\/Apoyara-UdeC-a-79-jovenes-con-su-verano-de-investigacion_e-1024x706.jpg 1024w, https:\/\/diarioavanzada.com.mx\/wp-content\/uploads\/2025\/05\/Apoyara-UdeC-a-79-jovenes-con-su-verano-de-investigacion_e-300x207.jpg 300w, https:\/\/diarioavanzada.com.mx\/wp-content\/uploads\/2025\/05\/Apoyara-UdeC-a-79-jovenes-con-su-verano-de-investigacion_e-768x529.jpg 768w, https:\/\/diarioavanzada.com.mx\/wp-content\/uploads\/2025\/05\/Apoyara-UdeC-a-79-jovenes-con-su-verano-de-investigacion_e-1200x827.jpg 1200w, https:\/\/diarioavanzada.com.mx\/wp-content\/uploads\/2025\/05\/Apoyara-UdeC-a-79-jovenes-con-su-verano-de-investigacion_e.jpg 1204w\" sizes=\"auto, (max-width: 1024px) 100vw, 1024px\" \/><\/figure>\n\n\n\n<figure class=\"wp-block-image size-large\"><img loading=\"lazy\" decoding=\"async\" width=\"1024\" height=\"683\" src=\"https:\/\/diarioavanzada.com.mx\/wp-content\/uploads\/2025\/05\/Apoyara-UdeC-a-79-jovenes-con-su-verano-de-investigacion_Xochitl-1024x683.jpg\" alt=\"\" class=\"wp-image-88440\" srcset=\"https:\/\/diarioavanzada.com.mx\/wp-content\/uploads\/2025\/05\/Apoyara-UdeC-a-79-jovenes-con-su-verano-de-investigacion_Xochitl-1024x683.jpg 1024w, https:\/\/diarioavanzada.com.mx\/wp-content\/uploads\/2025\/05\/Apoyara-UdeC-a-79-jovenes-con-su-verano-de-investigacion_Xochitl-300x200.jpg 300w, https:\/\/diarioavanzada.com.mx\/wp-content\/uploads\/2025\/05\/Apoyara-UdeC-a-79-jovenes-con-su-verano-de-investigacion_Xochitl-768x512.jpg 768w, https:\/\/diarioavanzada.com.mx\/wp-content\/uploads\/2025\/05\/Apoyara-UdeC-a-79-jovenes-con-su-verano-de-investigacion_Xochitl-1200x800.jpg 1200w, https:\/\/diarioavanzada.com.mx\/wp-content\/uploads\/2025\/05\/Apoyara-UdeC-a-79-jovenes-con-su-verano-de-investigacion_Xochitl.jpg 1224w\" sizes=\"auto, (max-width: 1024px) 100vw, 1024px\" \/><\/figure>\n<div class=\"fb-background-color\">\n\t\t\t  <div \n\t\t\t  \tclass = \"fb-comments\" \n\t\t\t  \tdata-href = \"https:\/\/diarioavanzada.com.mx\/?p=88423\"\n\t\t\t  \tdata-numposts = \"10\"\n\t\t\t  \tdata-lazy = \"true\"\n\t\t\t\tdata-colorscheme = \"light\"\n\t\t\t\tdata-order-by = \"social\"\n\t\t\t\tdata-mobile=true>\n\t\t\t  <\/div><\/div>\n\t\t  <style>\n\t\t    .fb-background-color {\n\t\t\t\tbackground:  !important;\n\t\t\t}\n\t\t\t.fb_iframe_widget_fluid_desktop iframe {\n\t\t\t    width: 100% !important;\n\t\t\t}\n\t\t  <\/style>\n\t\t  ","protected":false},"excerpt":{"rendered":"<p>\u201cQuiero pedirles que, independientemente de lo que suceda en su experiencia, la disfruten, porque no s\u00f3lo es una experiencia de investigaci\u00f3n, sino de vida\u201d: Christian Torres Ortiz, rector. Colima, M\u00e9xico, Comunicado (30\/05\/2025).- El rector de la Universidad de Colima, Dr. Christian Torres Ortiz Zerme\u00f1o, entreg\u00f3 este viernes 79 becas a estudiantes que participar\u00e1n en el [&hellip;]<\/p>\n","protected":false},"author":7,"featured_media":88442,"comment_status":"closed","ping_status":"closed","sticky":false,"template":"","format":"standard","meta":{"_coblocks_attr":"","_coblocks_dimensions":"","_coblocks_responsive_height":"","_coblocks_accordion_ie_support":"","_crdt_document":"","advanced_seo_description":"","jetpack_seo_html_title":"","jetpack_seo_noindex":false,"_jetpack_memberships_contains_paid_content":false,"footnotes":""},"categories":[19,209,7],"tags":[],"class_list":["post-88423","post","type-post","status-publish","format-standard","has-post-thumbnail","hentry","category-colima","category-importantes","category-noticias"],"jetpack_featured_media_url":"https:\/\/diarioavanzada.com.mx\/wp-content\/uploads\/2025\/05\/016df8b1-3b6a-4415-b9ba-ae1d7d3f4f62-1.jpg","jetpack-related-posts":[],"jetpack_sharing_enabled":true,"amp_enabled":true,"_links":{"self":[{"href":"https:\/\/diarioavanzada.com.mx\/index.php?rest_route=\/wp\/v2\/posts\/88423","targetHints":{"allow":["GET"]}}],"collection":[{"href":"https:\/\/diarioavanzada.com.mx\/index.php?rest_route=\/wp\/v2\/posts"}],"about":[{"href":"https:\/\/diarioavanzada.com.mx\/index.php?rest_route=\/wp\/v2\/types\/post"}],"author":[{"embeddable":true,"href":"https:\/\/diarioavanzada.com.mx\/index.php?rest_route=\/wp\/v2\/users\/7"}],"replies":[{"embeddable":true,"href":"https:\/\/diarioavanzada.com.mx\/index.php?rest_route=%2Fwp%2Fv2%2Fcomments&post=88423"}],"version-history":[{"count":5,"href":"https:\/\/diarioavanzada.com.mx\/index.php?rest_route=\/wp\/v2\/posts\/88423\/revisions"}],"predecessor-version":[{"id":88441,"href":"https:\/\/diarioavanzada.com.mx\/index.php?rest_route=\/wp\/v2\/posts\/88423\/revisions\/88441"}],"wp:featuredmedia":[{"embeddable":true,"href":"https:\/\/diarioavanzada.com.mx\/index.php?rest_route=\/wp\/v2\/media\/88442"}],"wp:attachment":[{"href":"https:\/\/diarioavanzada.com.mx\/index.php?rest_route=%2Fwp%2Fv2%2Fmedia&parent=88423"}],"wp:term":[{"taxonomy":"category","embeddable":true,"href":"https:\/\/diarioavanzada.com.mx\/index.php?rest_route=%2Fwp%2Fv2%2Fcategories&post=88423"},{"taxonomy":"post_tag","embeddable":true,"href":"https:\/\/diarioavanzada.com.mx\/index.php?rest_route=%2Fwp%2Fv2%2Ftags&post=88423"}],"curies":[{"name":"wp","href":"https:\/\/api.w.org\/{rel}","templated":true}]}}