{"id":88406,"date":"2025-05-30T15:59:38","date_gmt":"2025-05-30T21:59:38","guid":{"rendered":"https:\/\/diarioavanzada.com.mx\/?p=88406"},"modified":"2025-05-30T15:59:38","modified_gmt":"2025-05-30T21:59:38","slug":"dos-menores-pierden-la-vida-en-tragico-accidente-en-zapopan-otros-dos-estan-graves","status":"publish","type":"post","link":"https:\/\/diarioavanzada.com.mx\/?p=88406","title":{"rendered":"Dos menores pierden la vida en tr\u00e1gico accidente en Zapopan; otros dos est\u00e1n graves"},"content":{"rendered":"\n<p class=\"p1 wp-block-paragraph\">Jalisco, M\u00e9xico, Avanzada (30\/05\/2025).- Un aparatoso accidente automovil\u00edstico ocurrido durante la madrugada de este viernes dej\u00f3 como saldo la muerte de dos adolescentes y dos m\u00e1s gravemente heridos. El hecho se registr\u00f3 sobre la avenida Adolfo L\u00f3pez Mateos, cerca del cruce con El Palomar, en el municipio de Zapopan.<\/p>\n\n\n\n<p class=\"p1 wp-block-paragraph\">De acuerdo con testigos, el veh\u00edculo en el que viajaban los cuatro j\u00f3venes era conducido a exceso de velocidad, lo que provoc\u00f3 que la conductora perdiera el control. El autom\u00f3vil impact\u00f3 primero contra un machuelo, posteriormente atraves\u00f3 una malla cicl\u00f3nica y termin\u00f3 por colisionar con un poste de publicidad, cayendo de costado.<\/p>\n\n\n\n<p class=\"p1 wp-block-paragraph\">Una de las v\u00edctimas, una joven de aproximadamente 17 a\u00f1os, sali\u00f3 proyectada del veh\u00edculo y fue localizada a varios metros del lugar del impacto. Param\u00e9dicos de la Cruz Verde Las \u00c1guilas que acudieron al sitio confirmaron que la adolescente ya no contaba con signos vitales.<\/p>\n\n\n\n<p class=\"p1 wp-block-paragraph\">Dentro del veh\u00edculo quedaron otras tres personas. Uno de ellos, un menor de 17 a\u00f1os, fue hallado sin vida en la parte trasera del coche. En tanto, la conductora y otro joven \u2014ambos de entre 17 y 18 a\u00f1os\u2014 fueron trasladados de emergencia con m\u00faltiples heridas, entre ellas traumatismo craneoencef\u00e1lico, y su estado de salud se reporta como grave.<\/p>\n\n\n\n<p class=\"p1 wp-block-paragraph\">Elementos de Bomberos de Zapopan colaboraron en las labores de rescate, particularmente en la extracci\u00f3n del cuerpo del menor que permanec\u00eda atrapado dentro del autom\u00f3vil.<\/p>\n\n\n\n<p class=\"p1 wp-block-paragraph\">Seg\u00fan los primeros reportes, los cuatro j\u00f3venes hab\u00edan salido de un restaurante cercano momentos antes del accidente. Todos eran estudiantes de bachillerato en una universidad privada de la zona.<\/p>\n\n\n\n<p class=\"p1 wp-block-paragraph\">Al lugar arribaron familiares de las v\u00edctimas, visiblemente consternados por lo ocurrido. El Servicio M\u00e9dico Forense (SEMEFO) se encarg\u00f3 del levantamiento y traslado de los cuerpos para la realizaci\u00f3n de las diligencias correspondientes.<\/p>\n\n\n\n<p class=\"p1 wp-block-paragraph\">Las autoridades contin\u00faan con las investigaciones para determinar con precisi\u00f3n las causas del siniestro.<\/p>\n<div class=\"fb-background-color\">\n\t\t\t  <div \n\t\t\t  \tclass = \"fb-comments\" \n\t\t\t  \tdata-href = \"https:\/\/diarioavanzada.com.mx\/?p=88406\"\n\t\t\t  \tdata-numposts = \"10\"\n\t\t\t  \tdata-lazy = \"true\"\n\t\t\t\tdata-colorscheme = \"light\"\n\t\t\t\tdata-order-by = \"social\"\n\t\t\t\tdata-mobile=true>\n\t\t\t  <\/div><\/div>\n\t\t  <style>\n\t\t    .fb-background-color {\n\t\t\t\tbackground:  !important;\n\t\t\t}\n\t\t\t.fb_iframe_widget_fluid_desktop iframe {\n\t\t\t    width: 100% !important;\n\t\t\t}\n\t\t  <\/style>\n\t\t  ","protected":false},"excerpt":{"rendered":"<p>Jalisco, M\u00e9xico, Avanzada (30\/05\/2025).- Un aparatoso accidente automovil\u00edstico ocurrido durante la madrugada de este viernes dej\u00f3 como saldo la muerte de dos adolescentes y dos m\u00e1s gravemente heridos. El hecho se registr\u00f3 sobre la avenida Adolfo L\u00f3pez Mateos, cerca del cruce con El Palomar, en el municipio de Zapopan. De acuerdo con testigos, el veh\u00edculo [&hellip;]<\/p>\n","protected":false},"author":7,"featured_media":88403,"comment_status":"closed","ping_status":"closed","sticky":false,"template":"","format":"standard","meta":{"_coblocks_attr":"","_coblocks_dimensions":"","_coblocks_responsive_height":"","_coblocks_accordion_ie_support":"","_crdt_document":"","advanced_seo_description":"","jetpack_seo_html_title":"","jetpack_seo_noindex":false,"_jetpack_memberships_contains_paid_content":false,"footnotes":""},"categories":[353,7,231],"tags":[210],"class_list":["post-88406","post","type-post","status-publish","format-standard","has-post-thumbnail","hentry","category-jalisco","category-noticias","category-seguridad","tag-portada"],"jetpack_featured_media_url":"https:\/\/diarioavanzada.com.mx\/wp-content\/uploads\/2025\/05\/img_8789-1.jpg","jetpack-related-posts":[],"jetpack_sharing_enabled":true,"amp_enabled":true,"_links":{"self":[{"href":"https:\/\/diarioavanzada.com.mx\/index.php?rest_route=\/wp\/v2\/posts\/88406","targetHints":{"allow":["GET"]}}],"collection":[{"href":"https:\/\/diarioavanzada.com.mx\/index.php?rest_route=\/wp\/v2\/posts"}],"about":[{"href":"https:\/\/diarioavanzada.com.mx\/index.php?rest_route=\/wp\/v2\/types\/post"}],"author":[{"embeddable":true,"href":"https:\/\/diarioavanzada.com.mx\/index.php?rest_route=\/wp\/v2\/users\/7"}],"replies":[{"embeddable":true,"href":"https:\/\/diarioavanzada.com.mx\/index.php?rest_route=%2Fwp%2Fv2%2Fcomments&post=88406"}],"version-history":[{"count":1,"href":"https:\/\/diarioavanzada.com.mx\/index.php?rest_route=\/wp\/v2\/posts\/88406\/revisions"}],"predecessor-version":[{"id":88409,"href":"https:\/\/diarioavanzada.com.mx\/index.php?rest_route=\/wp\/v2\/posts\/88406\/revisions\/88409"}],"wp:featuredmedia":[{"embeddable":true,"href":"https:\/\/diarioavanzada.com.mx\/index.php?rest_route=\/wp\/v2\/media\/88403"}],"wp:attachment":[{"href":"https:\/\/diarioavanzada.com.mx\/index.php?rest_route=%2Fwp%2Fv2%2Fmedia&parent=88406"}],"wp:term":[{"taxonomy":"category","embeddable":true,"href":"https:\/\/diarioavanzada.com.mx\/index.php?rest_route=%2Fwp%2Fv2%2Fcategories&post=88406"},{"taxonomy":"post_tag","embeddable":true,"href":"https:\/\/diarioavanzada.com.mx\/index.php?rest_route=%2Fwp%2Fv2%2Ftags&post=88406"}],"curies":[{"name":"wp","href":"https:\/\/api.w.org\/{rel}","templated":true}]}}