{"id":88367,"date":"2025-05-30T08:55:36","date_gmt":"2025-05-30T14:55:36","guid":{"rendered":"https:\/\/diarioavanzada.com.mx\/?p=88367"},"modified":"2025-05-30T08:55:36","modified_gmt":"2025-05-30T14:55:36","slug":"vinculan-a-proceso-a-exfuncionarios-por-abuso-de-autoridad-rentaban-salones-de-eventos","status":"publish","type":"post","link":"https:\/\/diarioavanzada.com.mx\/?p=88367","title":{"rendered":"Vinculan a proceso a exfuncionarios por abuso de autoridad: rentaban salones de eventos"},"content":{"rendered":"\n<p class=\"wp-block-paragraph\">Jalisco, M\u00e9xico, Avanzada (30\/05\/2025).- El Juez D\u00e9cimo Quinto de Control y Oralidad, Luis Enrique Razo Jim\u00e9nez, vincul\u00f3 a proceso a Mois\u00e9s Absal\u00f3n \u201cN\u201d y Alba Marisol \u201cN\u201d, ex servidores p\u00fablicos del Instituto de Pensiones del Estado de Jalisco (IPEJAL), por el delito de abuso de autoridad. La decisi\u00f3n se dio tras una audiencia celebrada el mi\u00e9rcoles 28 de mayo en los juzgados de Puente Grande.<\/p>\n\n\n\n<p class=\"p1 wp-block-paragraph\">De acuerdo con las investigaciones, entre 2021 y 2023, Mois\u00e9s Absal\u00f3n \u201cN\u201d, ex administrador de salones de eventos del IPEJAL, y su entonces asistente Alba Marisol \u201cN\u201d habr\u00edan creado una empresa privada para rentar los dos salones pertenecientes al instituto. Los exfuncionarios bloqueaban fechas en los salones y las ofrec\u00edan al p\u00fablico a trav\u00e9s de esta empresa, solicitando la firma de dos contratos: uno con el IPEJAL y otro con su compa\u00f1\u00eda. Los clientes desconoc\u00edan que los espacios eran propiedad del instituto y pagaban cantidades que, en algunos casos, duplicaban el costo oficial. Los acusados justificaban los excedentes como pagos por servicios adicionales, mientras que al IPEJAL ingresaban \u00fanicamente los montos establecidos en el tabulador oficial.<\/p>\n\n\n\n<p class=\"p1 wp-block-paragraph\">La Fiscal\u00eda Especializada en Combate a la Corrupci\u00f3n abri\u00f3 una carpeta de investigaci\u00f3n a principios de 2023, tras recibir una denuncia an\u00f3nima que detallaba las irregularidades. Durante la indagatoria, se localizaron aproximadamente 20 contratos privados con estas caracter\u00edsticas, lo que llev\u00f3 a la judicializaci\u00f3n del caso.<\/p>\n\n\n\n<p class=\"p1 wp-block-paragraph\">Como medidas cautelares, el juez determin\u00f3 que los imputados deber\u00e1n presentarse a firmar de manera mensual ante la autoridad judicial y tienen prohibido salir del pa\u00eds durante los pr\u00f3ximos seis meses, mientras contin\u00faa el proceso en su contra.<\/p>\n<div class=\"fb-background-color\">\n\t\t\t  <div \n\t\t\t  \tclass = \"fb-comments\" \n\t\t\t  \tdata-href = \"https:\/\/diarioavanzada.com.mx\/?p=88367\"\n\t\t\t  \tdata-numposts = \"10\"\n\t\t\t  \tdata-lazy = \"true\"\n\t\t\t\tdata-colorscheme = \"light\"\n\t\t\t\tdata-order-by = \"social\"\n\t\t\t\tdata-mobile=true>\n\t\t\t  <\/div><\/div>\n\t\t  <style>\n\t\t    .fb-background-color {\n\t\t\t\tbackground:  !important;\n\t\t\t}\n\t\t\t.fb_iframe_widget_fluid_desktop iframe {\n\t\t\t    width: 100% !important;\n\t\t\t}\n\t\t  <\/style>\n\t\t  ","protected":false},"excerpt":{"rendered":"<p>Jalisco, M\u00e9xico, Avanzada (30\/05\/2025).- El Juez D\u00e9cimo Quinto de Control y Oralidad, Luis Enrique Razo Jim\u00e9nez, vincul\u00f3 a proceso a Mois\u00e9s Absal\u00f3n \u201cN\u201d y Alba Marisol \u201cN\u201d, ex servidores p\u00fablicos del Instituto de Pensiones del Estado de Jalisco (IPEJAL), por el delito de abuso de autoridad. La decisi\u00f3n se dio tras una audiencia celebrada el [&hellip;]<\/p>\n","protected":false},"author":7,"featured_media":88366,"comment_status":"closed","ping_status":"closed","sticky":false,"template":"","format":"standard","meta":{"_coblocks_attr":"","_coblocks_dimensions":"","_coblocks_responsive_height":"","_coblocks_accordion_ie_support":"","_crdt_document":"","advanced_seo_description":"","jetpack_seo_html_title":"","jetpack_seo_noindex":false,"_jetpack_memberships_contains_paid_content":false,"footnotes":""},"categories":[209,353,7,231],"tags":[210],"class_list":["post-88367","post","type-post","status-publish","format-standard","has-post-thumbnail","hentry","category-importantes","category-jalisco","category-noticias","category-seguridad","tag-portada"],"jetpack_featured_media_url":"https:\/\/diarioavanzada.com.mx\/wp-content\/uploads\/2025\/05\/img_3617-1.jpg","jetpack-related-posts":[],"jetpack_sharing_enabled":true,"amp_enabled":true,"_links":{"self":[{"href":"https:\/\/diarioavanzada.com.mx\/index.php?rest_route=\/wp\/v2\/posts\/88367","targetHints":{"allow":["GET"]}}],"collection":[{"href":"https:\/\/diarioavanzada.com.mx\/index.php?rest_route=\/wp\/v2\/posts"}],"about":[{"href":"https:\/\/diarioavanzada.com.mx\/index.php?rest_route=\/wp\/v2\/types\/post"}],"author":[{"embeddable":true,"href":"https:\/\/diarioavanzada.com.mx\/index.php?rest_route=\/wp\/v2\/users\/7"}],"replies":[{"embeddable":true,"href":"https:\/\/diarioavanzada.com.mx\/index.php?rest_route=%2Fwp%2Fv2%2Fcomments&post=88367"}],"version-history":[{"count":0,"href":"https:\/\/diarioavanzada.com.mx\/index.php?rest_route=\/wp\/v2\/posts\/88367\/revisions"}],"wp:featuredmedia":[{"embeddable":true,"href":"https:\/\/diarioavanzada.com.mx\/index.php?rest_route=\/wp\/v2\/media\/88366"}],"wp:attachment":[{"href":"https:\/\/diarioavanzada.com.mx\/index.php?rest_route=%2Fwp%2Fv2%2Fmedia&parent=88367"}],"wp:term":[{"taxonomy":"category","embeddable":true,"href":"https:\/\/diarioavanzada.com.mx\/index.php?rest_route=%2Fwp%2Fv2%2Fcategories&post=88367"},{"taxonomy":"post_tag","embeddable":true,"href":"https:\/\/diarioavanzada.com.mx\/index.php?rest_route=%2Fwp%2Fv2%2Ftags&post=88367"}],"curies":[{"name":"wp","href":"https:\/\/api.w.org\/{rel}","templated":true}]}}