{"id":88317,"date":"2025-05-29T20:17:42","date_gmt":"2025-05-30T02:17:42","guid":{"rendered":"https:\/\/diarioavanzada.com.mx\/?p=88317"},"modified":"2025-05-29T20:25:16","modified_gmt":"2025-05-30T02:25:16","slug":"presentan-proyectos-de-ingenieria-de-procesos-estudiantes-de-la-fime","status":"publish","type":"post","link":"https:\/\/diarioavanzada.com.mx\/?p=88317","title":{"rendered":"Presentan proyectos de ingenier\u00eda de procesos estudiantes de la FIME"},"content":{"rendered":"\n<p class=\"wp-block-paragraph\"><em>Un aspecto fundamental de este seminario es la retroalimentaci\u00f3n que reciben los estudiantes por parte de asesores internos y externos, as\u00ed como de los comit\u00e9s tutoriales.<\/em><\/p>\n\n\n\n<p class=\"wp-block-paragraph\">Colima, M\u00e9xico, Comunicaci\u00f3n (29\/05\/2025).- Estudiantes de la Maestr\u00eda en Ingenier\u00eda de Procesos de la Universidad de Colima presentaron sus proyectos de investigaci\u00f3n en el auditorio de la Facultad de Ingenier\u00eda Mec\u00e1nica y El\u00e9ctrica (FIME), campus Coquimatl\u00e1n. La jornada acad\u00e9mica, que se extendi\u00f3 por dos d\u00edas (jueves y viernes), comprendi\u00f3 ocho presentaciones que abarcaron un amplio espectro de temas dentro de la ingenier\u00eda de procesos.<\/p>\n\n\n\n<p class=\"wp-block-paragraph\">La titular de la materia Seminario IV, Pilar Escalante, destac\u00f3 que el objetivo principal de estas presentaciones es que los estudiantes desarrollen la habilidad de exponer de manera integral sus trabajos de investigaci\u00f3n. De los proyectos presentados, tres ya han culminado en trabajos de titulaci\u00f3n, mientras que los cinco restantes se encuentran en la etapa final de desarrollo.<\/p>\n\n\n\n<p class=\"wp-block-paragraph\">Un aspecto fundamental de este seminario es la retroalimentaci\u00f3n que reciben los estudiantes por parte de asesores internos y externos, as\u00ed como de los comit\u00e9s tutoriales. Estas instancias tienen la oportunidad de cuestionar los trabajos y ofrecer una revisi\u00f3n exhaustiva que contribuya a la calidad de las futuras tesis.<\/p>\n\n\n\n<p class=\"wp-block-paragraph\">La Maestr\u00eda en Ingenier\u00eda de Procesos se distingue por su car\u00e1cter interdisciplinario, integrando conocimientos y estudiantes de la Facultad de Ciencias, la Facultad de Ingenier\u00eda Mec\u00e1nica y El\u00e9ctrica, y la Facultad de Ciencias Qu\u00edmicas. Esta diversidad se refleja en la variedad de proyectos de investigaci\u00f3n presentados, para los cuales se busca la colaboraci\u00f3n de co-asesores, tanto de la Universidad de Colima como de otras instituciones nacionales e internacionales.<\/p>\n\n\n\n<p class=\"wp-block-paragraph\">Los proyectos expuestos demostraron la aplicaci\u00f3n de la ingenier\u00eda en las siguientes \u00e1reas:<\/p>\n\n\n\n<p class=\"wp-block-paragraph\">Mec\u00e1nica de Fluidos y Medicina. Aqu\u00ed, Christian Birrueta present\u00f3 el proyecto \u201cAn\u00e1lisis mediante din\u00e1mica de fluidos computacional del riesgo de hem\u00f3lisis en c\u00e1nula de doble lumen neonatal para la oxigenaci\u00f3n por membrana extracorp\u00f3rea venovenosa\u201d.<\/p>\n\n\n\n<p class=\"wp-block-paragraph\">En el \u00e1rea de Control de Procesos, Jorge Rafael Vaca abord\u00f3 el \u201cDise\u00f1o robusto de controladores PID para sistemas discretos\u201d, presentando una t\u00e9cnica innovadora basada en polinomios ortogonales para el dise\u00f1o de controladores PID digitales robustos.<\/p>\n\n\n\n<p class=\"wp-block-paragraph\">En Ciencias Biol\u00f3gicas y Computacionales, Amalia Puente expuso sobre el \u201cSurgimiento de los k-n\u00facleos en la simulaci\u00f3n computacional de la evoluci\u00f3n celular\u201d.<\/p>\n\n\n\n<p class=\"wp-block-paragraph\">Sobre Biotecnolog\u00eda y Ciencia de los Alimentos, Jos\u00e9 Francisco Ventura analiz\u00f3 la levadura <em>Torulaspora delbrueckii <\/em>en su proyecto \u201cInfluencia de <em>Torulaspora delbrueckii<\/em> en el perfil arom\u00e1tico, compuestos bioactivos y pigmentos en la obtenci\u00f3n de jugo de zarzamora\u201d, con el objetivo de desarrollar bebidas funcionales.<\/p>\n\n\n\n<p class=\"wp-block-paragraph\">Virolog\u00eda y Biolog\u00eda Molecular. En esta \u00e1rea Daniel Alejandro Mendoza present\u00f3 su trabajo sobre la \u201cFunci\u00f3n de la mini-horquilla conservada de begomovirus en el reclutamiento de la ADN primasa para la s\u00edntesis de la cadena complementaria\u201d, mientras que Jos\u00e9 Manuel V\u00e1zquez comparti\u00f3 su proyecto sobre la \u201cEvaluaci\u00f3n del papel funcional de los deltasat\u00e9lites en la din\u00e1mica de acumulaci\u00f3n de t\u00edtulos begomovirales en plantas hu\u00e9spedes\u201d.<\/p>\n\n\n\n<p class=\"wp-block-paragraph\">En cuanto al \u00e1rea de Industria de Bebidas y Optimizaci\u00f3n de Procesos, \u00c1ngel Adri\u00e1n propuso el \u201cDise\u00f1o de un sistema inteligente de control para procesos de limpieza en la industria de bebidas\u201d, buscando optimizar los procesos CIP para mejorar la eficiencia y reducir el impacto ambiental y econ\u00f3mico.<\/p>\n\n\n\n<p class=\"wp-block-paragraph\">Finalmente, en Producci\u00f3n de Cerveza, Mariano Iv\u00e1n Mor\u00e1n dio a conocer la \u201cOptimizaci\u00f3n de las condiciones del proceso y modelado matem\u00e1tico para la producci\u00f3n de cervezas IPA sin alcohol\u201d, explorando una alternativa biotecnol\u00f3gica mediante la optimizaci\u00f3n de la maceraci\u00f3n y el uso de levaduras no convencionales.<\/p>\n\n\n\n<p class=\"wp-block-paragraph\">Al evento acudi\u00f3 tambi\u00e9n Esther Guti\u00e9rrez, presidenta municipal de Villa de \u00c1lvarez y Francisco Anzar por parte del Ayuntamiento de Colima.<\/p>\n\n\n\n<figure class=\"wp-block-image size-large\"><img loading=\"lazy\" decoding=\"async\" width=\"1024\" height=\"683\" src=\"https:\/\/diarioavanzada.com.mx\/wp-content\/uploads\/2025\/05\/Presentan-proyectos-de-ingenieria-de-procesos-estudiantes-de-la-FIME_a-1024x683.jpg\" alt=\"\" class=\"wp-image-88320\" srcset=\"https:\/\/diarioavanzada.com.mx\/wp-content\/uploads\/2025\/05\/Presentan-proyectos-de-ingenieria-de-procesos-estudiantes-de-la-FIME_a-1024x683.jpg 1024w, https:\/\/diarioavanzada.com.mx\/wp-content\/uploads\/2025\/05\/Presentan-proyectos-de-ingenieria-de-procesos-estudiantes-de-la-FIME_a-300x200.jpg 300w, https:\/\/diarioavanzada.com.mx\/wp-content\/uploads\/2025\/05\/Presentan-proyectos-de-ingenieria-de-procesos-estudiantes-de-la-FIME_a-768x512.jpg 768w, https:\/\/diarioavanzada.com.mx\/wp-content\/uploads\/2025\/05\/Presentan-proyectos-de-ingenieria-de-procesos-estudiantes-de-la-FIME_a-1200x800.jpg 1200w, https:\/\/diarioavanzada.com.mx\/wp-content\/uploads\/2025\/05\/Presentan-proyectos-de-ingenieria-de-procesos-estudiantes-de-la-FIME_a.jpg 1224w\" sizes=\"auto, (max-width: 1024px) 100vw, 1024px\" \/><\/figure>\n\n\n\n<figure class=\"wp-block-image size-large\"><img loading=\"lazy\" decoding=\"async\" width=\"1024\" height=\"683\" src=\"https:\/\/diarioavanzada.com.mx\/wp-content\/uploads\/2025\/05\/Presentan-proyectos-de-ingenieria-de-procesos-estudiantes-de-la-FIME_Pilar-1024x683.jpg\" alt=\"\" class=\"wp-image-88322\" srcset=\"https:\/\/diarioavanzada.com.mx\/wp-content\/uploads\/2025\/05\/Presentan-proyectos-de-ingenieria-de-procesos-estudiantes-de-la-FIME_Pilar-1024x683.jpg 1024w, https:\/\/diarioavanzada.com.mx\/wp-content\/uploads\/2025\/05\/Presentan-proyectos-de-ingenieria-de-procesos-estudiantes-de-la-FIME_Pilar-300x200.jpg 300w, https:\/\/diarioavanzada.com.mx\/wp-content\/uploads\/2025\/05\/Presentan-proyectos-de-ingenieria-de-procesos-estudiantes-de-la-FIME_Pilar-768x512.jpg 768w, https:\/\/diarioavanzada.com.mx\/wp-content\/uploads\/2025\/05\/Presentan-proyectos-de-ingenieria-de-procesos-estudiantes-de-la-FIME_Pilar-1200x800.jpg 1200w, https:\/\/diarioavanzada.com.mx\/wp-content\/uploads\/2025\/05\/Presentan-proyectos-de-ingenieria-de-procesos-estudiantes-de-la-FIME_Pilar.jpg 1224w\" sizes=\"auto, (max-width: 1024px) 100vw, 1024px\" \/><\/figure>\n\n\n\n<figure class=\"wp-block-image size-large\"><img loading=\"lazy\" decoding=\"async\" width=\"1024\" height=\"683\" src=\"https:\/\/diarioavanzada.com.mx\/wp-content\/uploads\/2025\/05\/Presentan-proyectos-de-ingenieria-de-procesos-estudiantes-de-la-FIME_b-1024x683.jpg\" alt=\"\" class=\"wp-image-88324\" srcset=\"https:\/\/diarioavanzada.com.mx\/wp-content\/uploads\/2025\/05\/Presentan-proyectos-de-ingenieria-de-procesos-estudiantes-de-la-FIME_b-1024x683.jpg 1024w, https:\/\/diarioavanzada.com.mx\/wp-content\/uploads\/2025\/05\/Presentan-proyectos-de-ingenieria-de-procesos-estudiantes-de-la-FIME_b-300x200.jpg 300w, https:\/\/diarioavanzada.com.mx\/wp-content\/uploads\/2025\/05\/Presentan-proyectos-de-ingenieria-de-procesos-estudiantes-de-la-FIME_b-768x512.jpg 768w, https:\/\/diarioavanzada.com.mx\/wp-content\/uploads\/2025\/05\/Presentan-proyectos-de-ingenieria-de-procesos-estudiantes-de-la-FIME_b-1200x800.jpg 1200w, https:\/\/diarioavanzada.com.mx\/wp-content\/uploads\/2025\/05\/Presentan-proyectos-de-ingenieria-de-procesos-estudiantes-de-la-FIME_b.jpg 1224w\" sizes=\"auto, (max-width: 1024px) 100vw, 1024px\" \/><\/figure>\n<div class=\"fb-background-color\">\n\t\t\t  <div \n\t\t\t  \tclass = \"fb-comments\" \n\t\t\t  \tdata-href = \"https:\/\/diarioavanzada.com.mx\/?p=88317\"\n\t\t\t  \tdata-numposts = \"10\"\n\t\t\t  \tdata-lazy = \"true\"\n\t\t\t\tdata-colorscheme = \"light\"\n\t\t\t\tdata-order-by = \"social\"\n\t\t\t\tdata-mobile=true>\n\t\t\t  <\/div><\/div>\n\t\t  <style>\n\t\t    .fb-background-color {\n\t\t\t\tbackground:  !important;\n\t\t\t}\n\t\t\t.fb_iframe_widget_fluid_desktop iframe {\n\t\t\t    width: 100% !important;\n\t\t\t}\n\t\t  <\/style>\n\t\t  ","protected":false},"excerpt":{"rendered":"<p>Un aspecto fundamental de este seminario es la retroalimentaci\u00f3n que reciben los estudiantes por parte de asesores internos y externos, as\u00ed como de los comit\u00e9s tutoriales. Colima, M\u00e9xico, Comunicaci\u00f3n (29\/05\/2025).- Estudiantes de la Maestr\u00eda en Ingenier\u00eda de Procesos de la Universidad de Colima presentaron sus proyectos de investigaci\u00f3n en el auditorio de la Facultad de [&hellip;]<\/p>\n","protected":false},"author":7,"featured_media":88329,"comment_status":"closed","ping_status":"closed","sticky":false,"template":"","format":"standard","meta":{"_coblocks_attr":"","_coblocks_dimensions":"","_coblocks_responsive_height":"","_coblocks_accordion_ie_support":"","_crdt_document":"","advanced_seo_description":"","jetpack_seo_html_title":"","jetpack_seo_noindex":false,"_jetpack_memberships_contains_paid_content":false,"footnotes":""},"categories":[19,209,7],"tags":[],"class_list":["post-88317","post","type-post","status-publish","format-standard","has-post-thumbnail","hentry","category-colima","category-importantes","category-noticias"],"jetpack_featured_media_url":"https:\/\/diarioavanzada.com.mx\/wp-content\/uploads\/2025\/05\/3198dc9d-319e-48e4-a480-d0c554795217-1.jpg","jetpack-related-posts":[],"jetpack_sharing_enabled":true,"amp_enabled":true,"_links":{"self":[{"href":"https:\/\/diarioavanzada.com.mx\/index.php?rest_route=\/wp\/v2\/posts\/88317","targetHints":{"allow":["GET"]}}],"collection":[{"href":"https:\/\/diarioavanzada.com.mx\/index.php?rest_route=\/wp\/v2\/posts"}],"about":[{"href":"https:\/\/diarioavanzada.com.mx\/index.php?rest_route=\/wp\/v2\/types\/post"}],"author":[{"embeddable":true,"href":"https:\/\/diarioavanzada.com.mx\/index.php?rest_route=\/wp\/v2\/users\/7"}],"replies":[{"embeddable":true,"href":"https:\/\/diarioavanzada.com.mx\/index.php?rest_route=%2Fwp%2Fv2%2Fcomments&post=88317"}],"version-history":[{"count":4,"href":"https:\/\/diarioavanzada.com.mx\/index.php?rest_route=\/wp\/v2\/posts\/88317\/revisions"}],"predecessor-version":[{"id":88325,"href":"https:\/\/diarioavanzada.com.mx\/index.php?rest_route=\/wp\/v2\/posts\/88317\/revisions\/88325"}],"wp:featuredmedia":[{"embeddable":true,"href":"https:\/\/diarioavanzada.com.mx\/index.php?rest_route=\/wp\/v2\/media\/88329"}],"wp:attachment":[{"href":"https:\/\/diarioavanzada.com.mx\/index.php?rest_route=%2Fwp%2Fv2%2Fmedia&parent=88317"}],"wp:term":[{"taxonomy":"category","embeddable":true,"href":"https:\/\/diarioavanzada.com.mx\/index.php?rest_route=%2Fwp%2Fv2%2Fcategories&post=88317"},{"taxonomy":"post_tag","embeddable":true,"href":"https:\/\/diarioavanzada.com.mx\/index.php?rest_route=%2Fwp%2Fv2%2Ftags&post=88317"}],"curies":[{"name":"wp","href":"https:\/\/api.w.org\/{rel}","templated":true}]}}