{"id":88313,"date":"2025-05-29T20:11:01","date_gmt":"2025-05-30T02:11:01","guid":{"rendered":"https:\/\/diarioavanzada.com.mx\/?p=88313"},"modified":"2025-05-29T20:11:01","modified_gmt":"2025-05-30T02:11:01","slug":"invitan-a-participar-en-concurso-musical-nacional-nomada-3-0-internacional","status":"publish","type":"post","link":"https:\/\/diarioavanzada.com.mx\/?p=88313","title":{"rendered":"Invitan a participar en concurso musical \u00a0nacional N\u00f3mada 3.0 Internacional"},"content":{"rendered":"\n<p class=\"wp-block-paragraph\"><em>La canci\u00f3n ganadora ser\u00e1 transmitida del 24 de octubre al 31 de diciembre de 2025 en las 42 emisoras universitarias que integran la RRUM, incluyendo Radio UNAM, Ibero Radio, Radio IPN, Universo 94.9 y emisoras de Ecuador, Espa\u00f1a, Argentina y Francia.<\/em><\/p>\n\n\n\n<p class=\"wp-block-paragraph\">Colima, M\u00e9xico, Comunicado (29\/05\/2025).- Universo 94.9, en coordinaci\u00f3n con la Red de Radios Universitarias de M\u00e9xico (RRUM), invita a las y los estudiantes de la Universidad de Colima a participar en la convocatoria N\u00f3mada 3.0 Internacional, un concurso musical que busca impulsar el talento universitario emergente y fortalecer la comunicaci\u00f3n p\u00fablica entre audiencias j\u00f3venes y acad\u00e9micas.<\/p>\n\n\n\n<p class=\"wp-block-paragraph\">La convocatoria est\u00e1 dirigida a estudiantes mayores de 18 a\u00f1os, con inscripci\u00f3n vigente en la Universidad de Colima, que deseen participar de forma individual o en equipo, con una \u00fanica canci\u00f3n original, en la categor\u00eda de artista emergente universitario. Es importante que quienes participen no tengan contrato firmado con disqueras o sellos musicales, pues el objetivo es visibilizar proyectos independientes en proceso de formaci\u00f3n profesional.<\/p>\n\n\n\n<p class=\"wp-block-paragraph\">Las canciones deber\u00e1n tener una duraci\u00f3n m\u00e1xima de cinco minutos, ser producciones in\u00e9ditas, en formato est\u00e9reo, y entregarse en formato mp3 o wav. Adem\u00e1s, antes de completar el registro, el tema deber\u00e1 estar disponible en alguna plataforma de reproducci\u00f3n en l\u00ednea, ya que se solicitar\u00e1 el enlace correspondiente en el formulario de inscripci\u00f3n.<\/p>\n\n\n\n<p class=\"wp-block-paragraph\">El jurado, integrado por representantes honorarios de la RRUM, evaluar\u00e1 los trabajos con base en los siguientes criterios: creatividad de la pieza, originalidad de la propuesta, calidad de ejecuci\u00f3n y, en caso de incluir letra, mensaje de la canci\u00f3n.<\/p>\n\n\n\n<p class=\"wp-block-paragraph\">La canci\u00f3n ganadora obtendr\u00e1 proyecci\u00f3n nacional e internacional, al ser transmitida del 24 de octubre al 31 de diciembre de 2025 en las 42 emisoras universitarias que integran la Red, incluyendo Radio UNAM, Ibero Radio, Radio IPN y emisoras de pa\u00edses como Ecuador, Espa\u00f1a, Argentina y Francia. Adem\u00e1s, el o la representante del proyecto ganador ser\u00e1 entrevistado por las emisoras universitarias para ampliar su difusi\u00f3n.<\/p>\n\n\n\n<p class=\"wp-block-paragraph\">Para participar, se debe llenar el formulario en el siguiente enlace: <a href=\"https:\/\/forms.office.com\/r\/0Q4QMGYAyn\" rel=\"nofollow\">https:\/\/forms.office.com\/r\/0Q4QMGYAyn<\/a><\/p>\n\n\n\n<p class=\"wp-block-paragraph\">La fecha l\u00edmite de recepci\u00f3n de propuestas para estudiantes de Colima es el viernes 6 de junio. M\u00e1s detalles y actualizaciones, en la p\u00e1gina oficial de Universo 94.9 en Facebook: <a href=\"https:\/\/www.facebook.com\/photo\/?fbid=1324246379708861&#038;set=pcb.1324247893042043\" rel=\"nofollow\">https:\/\/www.facebook.com\/photo\/?fbid=1324246379708861&#038;set=pcb.1324247893042043<\/a><\/p>\n\n\n\n<p class=\"wp-block-paragraph\"><\/p>\n<div class=\"fb-background-color\">\n\t\t\t  <div \n\t\t\t  \tclass = \"fb-comments\" \n\t\t\t  \tdata-href = \"https:\/\/diarioavanzada.com.mx\/?p=88313\"\n\t\t\t  \tdata-numposts = \"10\"\n\t\t\t  \tdata-lazy = \"true\"\n\t\t\t\tdata-colorscheme = \"light\"\n\t\t\t\tdata-order-by = \"social\"\n\t\t\t\tdata-mobile=true>\n\t\t\t  <\/div><\/div>\n\t\t  <style>\n\t\t    .fb-background-color {\n\t\t\t\tbackground:  !important;\n\t\t\t}\n\t\t\t.fb_iframe_widget_fluid_desktop iframe {\n\t\t\t    width: 100% !important;\n\t\t\t}\n\t\t  <\/style>\n\t\t  ","protected":false},"excerpt":{"rendered":"<p>La canci\u00f3n ganadora ser\u00e1 transmitida del 24 de octubre al 31 de diciembre de 2025 en las 42 emisoras universitarias que integran la RRUM, incluyendo Radio UNAM, Ibero Radio, Radio IPN, Universo 94.9 y emisoras de Ecuador, Espa\u00f1a, Argentina y Francia. Colima, M\u00e9xico, Comunicado (29\/05\/2025).- Universo 94.9, en coordinaci\u00f3n con la Red de Radios Universitarias [&hellip;]<\/p>\n","protected":false},"author":7,"featured_media":88318,"comment_status":"closed","ping_status":"closed","sticky":false,"template":"","format":"standard","meta":{"_coblocks_attr":"","_coblocks_dimensions":"","_coblocks_responsive_height":"","_coblocks_accordion_ie_support":"","_crdt_document":"","advanced_seo_description":"","jetpack_seo_html_title":"","jetpack_seo_noindex":false,"_jetpack_memberships_contains_paid_content":false,"footnotes":""},"categories":[19,209,7],"tags":[],"class_list":["post-88313","post","type-post","status-publish","format-standard","has-post-thumbnail","hentry","category-colima","category-importantes","category-noticias"],"jetpack_featured_media_url":"https:\/\/diarioavanzada.com.mx\/wp-content\/uploads\/2025\/05\/caf03b97-69c6-4957-a604-76afc6a805fd-1.jpg","jetpack-related-posts":[],"jetpack_sharing_enabled":true,"amp_enabled":true,"_links":{"self":[{"href":"https:\/\/diarioavanzada.com.mx\/index.php?rest_route=\/wp\/v2\/posts\/88313","targetHints":{"allow":["GET"]}}],"collection":[{"href":"https:\/\/diarioavanzada.com.mx\/index.php?rest_route=\/wp\/v2\/posts"}],"about":[{"href":"https:\/\/diarioavanzada.com.mx\/index.php?rest_route=\/wp\/v2\/types\/post"}],"author":[{"embeddable":true,"href":"https:\/\/diarioavanzada.com.mx\/index.php?rest_route=\/wp\/v2\/users\/7"}],"replies":[{"embeddable":true,"href":"https:\/\/diarioavanzada.com.mx\/index.php?rest_route=%2Fwp%2Fv2%2Fcomments&post=88313"}],"version-history":[{"count":2,"href":"https:\/\/diarioavanzada.com.mx\/index.php?rest_route=\/wp\/v2\/posts\/88313\/revisions"}],"predecessor-version":[{"id":88316,"href":"https:\/\/diarioavanzada.com.mx\/index.php?rest_route=\/wp\/v2\/posts\/88313\/revisions\/88316"}],"wp:featuredmedia":[{"embeddable":true,"href":"https:\/\/diarioavanzada.com.mx\/index.php?rest_route=\/wp\/v2\/media\/88318"}],"wp:attachment":[{"href":"https:\/\/diarioavanzada.com.mx\/index.php?rest_route=%2Fwp%2Fv2%2Fmedia&parent=88313"}],"wp:term":[{"taxonomy":"category","embeddable":true,"href":"https:\/\/diarioavanzada.com.mx\/index.php?rest_route=%2Fwp%2Fv2%2Fcategories&post=88313"},{"taxonomy":"post_tag","embeddable":true,"href":"https:\/\/diarioavanzada.com.mx\/index.php?rest_route=%2Fwp%2Fv2%2Ftags&post=88313"}],"curies":[{"name":"wp","href":"https:\/\/api.w.org\/{rel}","templated":true}]}}