{"id":88304,"date":"2025-05-29T20:01:00","date_gmt":"2025-05-30T02:01:00","guid":{"rendered":"https:\/\/diarioavanzada.com.mx\/?p=88304"},"modified":"2025-05-29T20:01:00","modified_gmt":"2025-05-30T02:01:00","slug":"imparten-desde-la-udec-taller-internacional-sobre-investigacion-con-enfoque-en-retos","status":"publish","type":"post","link":"https:\/\/diarioavanzada.com.mx\/?p=88304","title":{"rendered":"Imparten desde la UdeC taller internacional sobre investigaci\u00f3n con enfoque en retos"},"content":{"rendered":"\n<p class=\"wp-block-paragraph\"><em>\u201cAprend\u00ed a traducir una idea cient\u00edfica en una propuesta de valor para la sociedad. Comprend\u00ed mejor c\u00f3mo segmentar un mercado, identificar a un cliente potencial y construir una soluci\u00f3n viable y sustentable\u201d: Joanna, alumna.<\/em><\/p>\n\n\n\n<p class=\"wp-block-paragraph\">Colima, M\u00e9xico, Comunicado (29\/05\/2025).- En d\u00edas recientes, la Universidad de Colima, a trav\u00e9s de su Coordinaci\u00f3n General de Investigaci\u00f3n y del Cap\u00edtulo M\u00e9xico de la Organizaci\u00f3n de Mujeres en la Ciencia para el Mundo en Desarrollo (OWSD), realizaron de manera virtual el taller \u201cIdeas de investigaci\u00f3n con base en retos\u201d, con el objetivo de fortalecer las habilidades de cient\u00edficas y cient\u00edficos para generar propuestas de investigaci\u00f3n socialmente pertinentes, innovadoras y viables.<\/p>\n\n\n\n<p class=\"wp-block-paragraph\">El taller fue impartido desde la UdeC a trav\u00e9s de la plataforma Zoom por la Dra. X\u00f3chitl Trujillo-Trujillo, coordinadora general de Investigaci\u00f3n de la UdeC, y los doctores Fernando S\u00e1nchez C\u00e1rdenas y Santiago Arceo. Su prop\u00f3sito fue brindar herramientas pr\u00e1cticas para identificar ideas de investigaci\u00f3n a partir de retos reales detectados en fuentes digitales de informaci\u00f3n, como tendencias, necesidades o problemas en contextos locales, nacionales e internacionales, enfocados en la contrataci\u00f3n de productos o servicios cient\u00edficos.<\/p>\n\n\n\n<p class=\"wp-block-paragraph\">Durante la inauguraci\u00f3n, la Dra. Maribel Garc\u00eda Barrientos, presidenta de OWSD M\u00e9xico, expres\u00f3 su satisfacci\u00f3n por la colaboraci\u00f3n con la Universidad de Colima y celebr\u00f3 que este tipo de iniciativas impulsen una ciencia con mayor impacto social. \u201cEstos talleres abren oportunidades valiosas para repensar la investigaci\u00f3n desde una perspectiva \u00fatil y transformadora\u201d.<\/p>\n\n\n\n<p class=\"wp-block-paragraph\">La OWSD, con sede en Trieste, Italia, es una organizaci\u00f3n internacional fundada en 1987 bajo el auspicio de la UNESCO y de la Academia Mundial de Ciencias (TWAS). Est\u00e1 dedicada a promover el liderazgo y desarrollo profesional de mujeres cient\u00edficas en pa\u00edses del Sur Global. En particular, el Cap\u00edtulo M\u00e9xico, establecido en 2021 y con sede en la Ciudad de M\u00e9xico, impulsa estrategias para reducir la brecha de g\u00e9nero en la ciencia y fomentar redes de colaboraci\u00f3n entre cient\u00edficas mexicanas y del mundo.<\/p>\n\n\n\n<p class=\"wp-block-paragraph\">Por su parte, la Dra. X\u00f3chitl Trujillo destac\u00f3 que, en la actualidad, desarrollar una propuesta de investigaci\u00f3n exige no solo rigor acad\u00e9mico, sino tambi\u00e9n pertinencia y factibilidad. \u201cGestionar ideas con metodolog\u00edas \u00e1giles se ha vuelto indispensable ante los desaf\u00edos actuales en el financiamiento de proyectos. De ah\u00ed la necesidad de realizar este taller, orientado a generar propuestas originales, significativas y aplicables\u201d, se\u00f1al\u00f3.<\/p>\n\n\n\n<p class=\"wp-block-paragraph\">Durante la jornada, el Dr. Fernando S\u00e1nchez condujo la mayor parte del taller con actividades dirigidas a construir un producto m\u00ednimamente viable, como punto de partida para futuros proyectos. El Dr. Santiago Arceo, desde su experiencia como astrof\u00edsico, comparti\u00f3 estrategias para abordar problemas como el seguimiento del envejecimiento y la predicci\u00f3n mediante modelos anal\u00edticos, ejemplificando c\u00f3mo la investigaci\u00f3n cient\u00edfica puede responder a necesidades concretas.<\/p>\n\n\n\n<p class=\"wp-block-paragraph\">El impacto del taller se reflej\u00f3 en las opiniones de las y los participantes. Daycy Joanna Hurtado Ortiz coment\u00f3: \u201cAprend\u00ed a traducir una idea cient\u00edfica en una propuesta de valor para la sociedad. Comprend\u00ed mejor c\u00f3mo segmentar un mercado, identificar a un cliente potencial y construir una soluci\u00f3n viable y sustentable\u201d.<\/p>\n\n\n\n<p class=\"wp-block-paragraph\">De igual forma, la Dra. Rebeca Torres, investigadora de la Universidad de Guanajuato, expres\u00f3: \u201cFue un taller retador, que pas\u00f3 de la teor\u00eda a la pr\u00e1ctica. El enfoque de vincular ciencia y emprendimiento me pareci\u00f3 muy innovador y aplicable. Me llevo muchas ideas y aprendizajes\u201d.<\/p>\n\n\n\n<p class=\"wp-block-paragraph\">Eduardo Santill\u00e1n Guti\u00e9rrez, estudiante de la Universidad de Colima, se\u00f1al\u00f3 que su mayor aprendizaje fue entender que \u201cla ciencia puede vincularse con problemas cotidianos para ofrecer soluciones \u00fatiles\u201d, y a\u00f1adi\u00f3: \u201cTodo proyecto de investigaci\u00f3n debe convertirse en una propuesta de valor que beneficie a la sociedad\u201d.<\/p>\n\n\n\n<p class=\"wp-block-paragraph\">Con iniciativas como \u00e9sta, la Universidad de Colima reafirma su compromiso con una ciencia interdisciplinaria, \u00fatil y orientada al desarrollo sostenible, consolidando su papel como promotora de la innovaci\u00f3n con sentido social.<\/p>\n\n\n\n<figure class=\"wp-block-image size-full\"><img loading=\"lazy\" decoding=\"async\" width=\"589\" height=\"331\" src=\"https:\/\/diarioavanzada.com.mx\/wp-content\/uploads\/2025\/05\/taller-internacional-sobre-investigacion-con-enfoque-en-retos_a.jpg\" alt=\"\" class=\"wp-image-88307\" srcset=\"https:\/\/diarioavanzada.com.mx\/wp-content\/uploads\/2025\/05\/taller-internacional-sobre-investigacion-con-enfoque-en-retos_a.jpg 589w, https:\/\/diarioavanzada.com.mx\/wp-content\/uploads\/2025\/05\/taller-internacional-sobre-investigacion-con-enfoque-en-retos_a-300x169.jpg 300w\" sizes=\"auto, (max-width: 589px) 100vw, 589px\" \/><\/figure>\n\n\n\n<figure class=\"wp-block-image size-full\"><img loading=\"lazy\" decoding=\"async\" width=\"516\" height=\"337\" src=\"https:\/\/diarioavanzada.com.mx\/wp-content\/uploads\/2025\/05\/taller-internacional-sobre-investigacion-con-enfoque-en-retos.jpg\" alt=\"\" class=\"wp-image-88309\" srcset=\"https:\/\/diarioavanzada.com.mx\/wp-content\/uploads\/2025\/05\/taller-internacional-sobre-investigacion-con-enfoque-en-retos.jpg 516w, https:\/\/diarioavanzada.com.mx\/wp-content\/uploads\/2025\/05\/taller-internacional-sobre-investigacion-con-enfoque-en-retos-300x196.jpg 300w\" sizes=\"auto, (max-width: 516px) 100vw, 516px\" \/><\/figure>\n\n\n\n<figure class=\"wp-block-image size-full\"><img loading=\"lazy\" decoding=\"async\" width=\"513\" height=\"333\" src=\"https:\/\/diarioavanzada.com.mx\/wp-content\/uploads\/2025\/05\/taller-internacional-sobre-investigacion-con-enfoque-en-retos_c.jpg\" alt=\"\" class=\"wp-image-88311\" srcset=\"https:\/\/diarioavanzada.com.mx\/wp-content\/uploads\/2025\/05\/taller-internacional-sobre-investigacion-con-enfoque-en-retos_c.jpg 513w, https:\/\/diarioavanzada.com.mx\/wp-content\/uploads\/2025\/05\/taller-internacional-sobre-investigacion-con-enfoque-en-retos_c-300x195.jpg 300w\" sizes=\"auto, (max-width: 513px) 100vw, 513px\" \/><\/figure>\n<div class=\"fb-background-color\">\n\t\t\t  <div \n\t\t\t  \tclass = \"fb-comments\" \n\t\t\t  \tdata-href = \"https:\/\/diarioavanzada.com.mx\/?p=88304\"\n\t\t\t  \tdata-numposts = \"10\"\n\t\t\t  \tdata-lazy = \"true\"\n\t\t\t\tdata-colorscheme = \"light\"\n\t\t\t\tdata-order-by = \"social\"\n\t\t\t\tdata-mobile=true>\n\t\t\t  <\/div><\/div>\n\t\t  <style>\n\t\t    .fb-background-color {\n\t\t\t\tbackground:  !important;\n\t\t\t}\n\t\t\t.fb_iframe_widget_fluid_desktop iframe {\n\t\t\t    width: 100% !important;\n\t\t\t}\n\t\t  <\/style>\n\t\t  ","protected":false},"excerpt":{"rendered":"<p>\u201cAprend\u00ed a traducir una idea cient\u00edfica en una propuesta de valor para la sociedad. Comprend\u00ed mejor c\u00f3mo segmentar un mercado, identificar a un cliente potencial y construir una soluci\u00f3n viable y sustentable\u201d: Joanna, alumna. Colima, M\u00e9xico, Comunicado (29\/05\/2025).- En d\u00edas recientes, la Universidad de Colima, a trav\u00e9s de su Coordinaci\u00f3n General de Investigaci\u00f3n y del [&hellip;]<\/p>\n","protected":false},"author":7,"featured_media":88314,"comment_status":"closed","ping_status":"closed","sticky":false,"template":"","format":"standard","meta":{"_coblocks_attr":"","_coblocks_dimensions":"","_coblocks_responsive_height":"","_coblocks_accordion_ie_support":"","_crdt_document":"","advanced_seo_description":"","jetpack_seo_html_title":"","jetpack_seo_noindex":false,"_jetpack_memberships_contains_paid_content":false,"footnotes":""},"categories":[19,209,7],"tags":[],"class_list":["post-88304","post","type-post","status-publish","format-standard","has-post-thumbnail","hentry","category-colima","category-importantes","category-noticias"],"jetpack_featured_media_url":"https:\/\/diarioavanzada.com.mx\/wp-content\/uploads\/2025\/05\/3d651477-7fe9-4862-84a4-31a4d64d7d9a-1.jpg","jetpack-related-posts":[],"jetpack_sharing_enabled":true,"amp_enabled":true,"_links":{"self":[{"href":"https:\/\/diarioavanzada.com.mx\/index.php?rest_route=\/wp\/v2\/posts\/88304","targetHints":{"allow":["GET"]}}],"collection":[{"href":"https:\/\/diarioavanzada.com.mx\/index.php?rest_route=\/wp\/v2\/posts"}],"about":[{"href":"https:\/\/diarioavanzada.com.mx\/index.php?rest_route=\/wp\/v2\/types\/post"}],"author":[{"embeddable":true,"href":"https:\/\/diarioavanzada.com.mx\/index.php?rest_route=\/wp\/v2\/users\/7"}],"replies":[{"embeddable":true,"href":"https:\/\/diarioavanzada.com.mx\/index.php?rest_route=%2Fwp%2Fv2%2Fcomments&post=88304"}],"version-history":[{"count":4,"href":"https:\/\/diarioavanzada.com.mx\/index.php?rest_route=\/wp\/v2\/posts\/88304\/revisions"}],"predecessor-version":[{"id":88312,"href":"https:\/\/diarioavanzada.com.mx\/index.php?rest_route=\/wp\/v2\/posts\/88304\/revisions\/88312"}],"wp:featuredmedia":[{"embeddable":true,"href":"https:\/\/diarioavanzada.com.mx\/index.php?rest_route=\/wp\/v2\/media\/88314"}],"wp:attachment":[{"href":"https:\/\/diarioavanzada.com.mx\/index.php?rest_route=%2Fwp%2Fv2%2Fmedia&parent=88304"}],"wp:term":[{"taxonomy":"category","embeddable":true,"href":"https:\/\/diarioavanzada.com.mx\/index.php?rest_route=%2Fwp%2Fv2%2Fcategories&post=88304"},{"taxonomy":"post_tag","embeddable":true,"href":"https:\/\/diarioavanzada.com.mx\/index.php?rest_route=%2Fwp%2Fv2%2Ftags&post=88304"}],"curies":[{"name":"wp","href":"https:\/\/api.w.org\/{rel}","templated":true}]}}