{"id":88275,"date":"2025-05-29T16:20:40","date_gmt":"2025-05-29T22:20:40","guid":{"rendered":"https:\/\/diarioavanzada.com.mx\/?p=88275"},"modified":"2025-05-29T16:20:40","modified_gmt":"2025-05-29T22:20:40","slug":"la-villa-iluminara-siete-espacios-deportivos-en-2025","status":"publish","type":"post","link":"https:\/\/diarioavanzada.com.mx\/?p=88275","title":{"rendered":"La Villa iluminar\u00e1 siete espacios deportivos en 2025"},"content":{"rendered":"\n<p class=\"wp-block-paragraph\"><em>Obras son parte de la estrategia Invasi\u00f3n Deportiva, impulsada por la Alcaldesa Tey Guti\u00e9rrez<\/em><\/p>\n\n\n\n<p class=\"wp-block-paragraph\">Villa de \u00c1lvarez, Colima, Comunicado (29\/05\/2025).- Al actualizar el Programa Operativo Anual (POA) 2025, el Comit\u00e9 de Planeaci\u00f3n para el Desarrollo Municipal de Villa de \u00c1lvarez (Coplademun) aprob\u00f3 la ejecuci\u00f3n este a\u00f1o de varias obras de modernizaci\u00f3n de alumbrado p\u00fablico, esto en siete espacios deportivos.<\/p>\n\n\n\n<p class=\"wp-block-paragraph\">La Presidenta Tey Guti\u00e9rrez Andrade record\u00f3 que la administraci\u00f3n 2021-2024 que ella encabez\u00f3 cambi\u00f3 7 mil 500 luminarias de vapor de sodio por l\u00e1mparas de tecnolog\u00eda LED, principalmente en calles y avenidas, por lo que en 2025 se est\u00e1n aprobando en el POA obras de alumbrado en canchas deportivas, donde se instalar\u00e1n postes, cableado, registros y muretes, pues no existe infraestructura para ese servicio p\u00fablico en esos espacios.<\/p>\n\n\n\n<p class=\"wp-block-paragraph\">Explic\u00f3 que la construcci\u00f3n de infraestructura de alumbrado p\u00fablico en canchas de siete colonias de la cabecera municipal, forma parte de la estrategia Invasi\u00f3n Deportiva, implementada en Villa de \u00c1lvarez durante la anterior administraci\u00f3n, la cual consisti\u00f3 en llevar actividades a todos y cada uno de los espacios p\u00fablicos donde se pr\u00e1ctica deporte.<\/p>\n\n\n\n<p class=\"wp-block-paragraph\">Las canchas deportivas que contar\u00e1n con reflectores para su iluminaci\u00f3n son la de la colonia Tabachines Norte, el campo de futbol de Solidaridad Norte, el campo empastado de la colonia Alfredo V. Bonfil, la cancha de usos m\u00faltiples de Arboledas del Carmen, el campo de futbol Dragones Rojos de la Juan Jos\u00e9 R\u00edos II, la cancha de futbol en Villas de Oro y la cancha de futbol en la Ram\u00f3n Serrano.<\/p>\n\n\n\n<p class=\"wp-block-paragraph\">El Director Municipal de Deportes, Sergio Dolores Villalvazo, se congratul\u00f3 porque la administraci\u00f3n de Tey Guti\u00e9rrez consider\u00f3 en el POA 2025 obras de iluminaci\u00f3n de canchas deportivas, las cuales congregan a muchos y muchas villalvarenses que se re\u00fanen en esos espacios a ejercitarse y convivir.<\/p>\n\n\n\n<p class=\"wp-block-paragraph\">A la sesi\u00f3n del Coplademun, en la que se aprob\u00f3 la ejecuci\u00f3n de obras de alumbrado p\u00fablico en siete espacios deportivos en los que se invertir\u00e1n 488 mil 336 pesos, asistieron el s\u00edndico, regidoras, regidores, funcionarias y funcionarios federales, estatales y municipales, adem\u00e1s de l\u00edderes de c\u00e1maras empresariales.<\/p>\n\n\n\n<figure class=\"wp-block-image\"><img loading=\"lazy\" decoding=\"async\" width=\"1024\" height=\"701\" src=\"https:\/\/diarioavanzada.com.mx\/wp-content\/uploads\/2025\/05\/9f9b05ec-3312-45c3-8190-61e6ef6821bd-4465-00002e9f759fac56_file-1024x701.jpg\" alt=\"\" class=\"wp-image-88273\" srcset=\"https:\/\/diarioavanzada.com.mx\/wp-content\/uploads\/2025\/05\/9f9b05ec-3312-45c3-8190-61e6ef6821bd-4465-00002e9f759fac56_file-1024x701.jpg 1024w, https:\/\/diarioavanzada.com.mx\/wp-content\/uploads\/2025\/05\/9f9b05ec-3312-45c3-8190-61e6ef6821bd-4465-00002e9f759fac56_file-300x205.jpg 300w, https:\/\/diarioavanzada.com.mx\/wp-content\/uploads\/2025\/05\/9f9b05ec-3312-45c3-8190-61e6ef6821bd-4465-00002e9f759fac56_file-768x526.jpg 768w, https:\/\/diarioavanzada.com.mx\/wp-content\/uploads\/2025\/05\/9f9b05ec-3312-45c3-8190-61e6ef6821bd-4465-00002e9f759fac56_file.jpg 1280w\" sizes=\"auto, (max-width: 1024px) 100vw, 1024px\" \/><\/figure>\n\n\n\n<figure class=\"wp-block-image\"><img loading=\"lazy\" decoding=\"async\" width=\"1024\" height=\"649\" src=\"https:\/\/diarioavanzada.com.mx\/wp-content\/uploads\/2025\/05\/82afb8c2-054e-44d4-afb3-ba1d884cc73c-4465-00002e9f75af637e_file-1024x649.jpg\" alt=\"\" class=\"wp-image-88272\" srcset=\"https:\/\/diarioavanzada.com.mx\/wp-content\/uploads\/2025\/05\/82afb8c2-054e-44d4-afb3-ba1d884cc73c-4465-00002e9f75af637e_file-1024x649.jpg 1024w, https:\/\/diarioavanzada.com.mx\/wp-content\/uploads\/2025\/05\/82afb8c2-054e-44d4-afb3-ba1d884cc73c-4465-00002e9f75af637e_file-300x190.jpg 300w, https:\/\/diarioavanzada.com.mx\/wp-content\/uploads\/2025\/05\/82afb8c2-054e-44d4-afb3-ba1d884cc73c-4465-00002e9f75af637e_file-768x487.jpg 768w, https:\/\/diarioavanzada.com.mx\/wp-content\/uploads\/2025\/05\/82afb8c2-054e-44d4-afb3-ba1d884cc73c-4465-00002e9f75af637e_file.jpg 1280w\" sizes=\"auto, (max-width: 1024px) 100vw, 1024px\" \/><\/figure>\n<div class=\"fb-background-color\">\n\t\t\t  <div \n\t\t\t  \tclass = \"fb-comments\" \n\t\t\t  \tdata-href = \"https:\/\/diarioavanzada.com.mx\/?p=88275\"\n\t\t\t  \tdata-numposts = \"10\"\n\t\t\t  \tdata-lazy = \"true\"\n\t\t\t\tdata-colorscheme = \"light\"\n\t\t\t\tdata-order-by = \"social\"\n\t\t\t\tdata-mobile=true>\n\t\t\t  <\/div><\/div>\n\t\t  <style>\n\t\t    .fb-background-color {\n\t\t\t\tbackground:  !important;\n\t\t\t}\n\t\t\t.fb_iframe_widget_fluid_desktop iframe {\n\t\t\t    width: 100% !important;\n\t\t\t}\n\t\t  <\/style>\n\t\t  ","protected":false},"excerpt":{"rendered":"<p>Obras son parte de la estrategia Invasi\u00f3n Deportiva, impulsada por la Alcaldesa Tey Guti\u00e9rrez Villa de \u00c1lvarez, Colima, Comunicado (29\/05\/2025).- Al actualizar el Programa Operativo Anual (POA) 2025, el Comit\u00e9 de Planeaci\u00f3n para el Desarrollo Municipal de Villa de \u00c1lvarez (Coplademun) aprob\u00f3 la ejecuci\u00f3n este a\u00f1o de varias obras de modernizaci\u00f3n de alumbrado p\u00fablico, esto [&hellip;]<\/p>\n","protected":false},"author":7,"featured_media":88274,"comment_status":"closed","ping_status":"closed","sticky":false,"template":"","format":"standard","meta":{"_coblocks_attr":"","_coblocks_dimensions":"","_coblocks_responsive_height":"","_coblocks_accordion_ie_support":"","_crdt_document":"","advanced_seo_description":"","jetpack_seo_html_title":"","jetpack_seo_noindex":false,"_jetpack_memberships_contains_paid_content":false,"footnotes":""},"categories":[209,21,7],"tags":[],"class_list":["post-88275","post","type-post","status-publish","format-standard","has-post-thumbnail","hentry","category-importantes","category-municipios","category-noticias"],"jetpack_featured_media_url":"https:\/\/diarioavanzada.com.mx\/wp-content\/uploads\/2025\/05\/ec152da0-f28e-49e1-92ee-2a6d969f315f-1.jpg","jetpack-related-posts":[],"jetpack_sharing_enabled":true,"amp_enabled":true,"_links":{"self":[{"href":"https:\/\/diarioavanzada.com.mx\/index.php?rest_route=\/wp\/v2\/posts\/88275","targetHints":{"allow":["GET"]}}],"collection":[{"href":"https:\/\/diarioavanzada.com.mx\/index.php?rest_route=\/wp\/v2\/posts"}],"about":[{"href":"https:\/\/diarioavanzada.com.mx\/index.php?rest_route=\/wp\/v2\/types\/post"}],"author":[{"embeddable":true,"href":"https:\/\/diarioavanzada.com.mx\/index.php?rest_route=\/wp\/v2\/users\/7"}],"replies":[{"embeddable":true,"href":"https:\/\/diarioavanzada.com.mx\/index.php?rest_route=%2Fwp%2Fv2%2Fcomments&post=88275"}],"version-history":[{"count":0,"href":"https:\/\/diarioavanzada.com.mx\/index.php?rest_route=\/wp\/v2\/posts\/88275\/revisions"}],"wp:featuredmedia":[{"embeddable":true,"href":"https:\/\/diarioavanzada.com.mx\/index.php?rest_route=\/wp\/v2\/media\/88274"}],"wp:attachment":[{"href":"https:\/\/diarioavanzada.com.mx\/index.php?rest_route=%2Fwp%2Fv2%2Fmedia&parent=88275"}],"wp:term":[{"taxonomy":"category","embeddable":true,"href":"https:\/\/diarioavanzada.com.mx\/index.php?rest_route=%2Fwp%2Fv2%2Fcategories&post=88275"},{"taxonomy":"post_tag","embeddable":true,"href":"https:\/\/diarioavanzada.com.mx\/index.php?rest_route=%2Fwp%2Fv2%2Ftags&post=88275"}],"curies":[{"name":"wp","href":"https:\/\/api.w.org\/{rel}","templated":true}]}}