{"id":88268,"date":"2025-05-29T12:16:19","date_gmt":"2025-05-29T18:16:19","guid":{"rendered":"https:\/\/diarioavanzada.com.mx\/?p=88268"},"modified":"2025-05-29T12:16:19","modified_gmt":"2025-05-29T18:16:19","slug":"rinden-homenaje-al-maestro-rafael-heredia-velasco-en-cronicas-de-barrio","status":"publish","type":"post","link":"https:\/\/diarioavanzada.com.mx\/?p=88268","title":{"rendered":"Rinden homenaje al Maestro Rafael Heredia Velasco en Cr\u00f3nicas de Barrio"},"content":{"rendered":"\n<p class=\"wp-block-paragraph\">El Maestro permanece en el coraz\u00f3n de las y los villalvarenses: Tey Guti\u00e9rrez<\/p>\n\n\n\n<p class=\"wp-block-paragraph\">Villa de \u00c1lvarez, Colima, Comunicado (29\/05\/2025).- A trav\u00e9s del programa Cr\u00f3nicas de Barrio se record\u00f3 la vida y obra de Rafael Heredia Velasco, en un homenaje que estuvo encabezado para la Presidenta de Villa de \u00c1lvarez, Tey Guti\u00e9rrez, y por el hijo del artista Villalvarense, Irineo Heredia.<\/p>\n\n\n\n<p class=\"wp-block-paragraph\">La Alcaldesa coment\u00f3 que a 26 a\u00f1os de la muerte del Maestro Rafael Heredia, su legado est\u00e1 en el coraz\u00f3n de las y los villalvarenses, pues la huella dejada en su obra est\u00e1 profundamente marcada en Villa de \u00c1lvarez, al haber sido un gran impulsor de las artes, cuya muestra puede ser apreciada en el Jard\u00edn del Arte Juan de Arru\u00e9, localizado en esta Ciudad.<\/p>\n\n\n\n<p class=\"wp-block-paragraph\">El homenaje se realiz\u00f3 en la reci\u00e9n remodelada casa del Maestro, ubicada en la calle Crist\u00f3bal Col\u00f3n del Centro de Villa de \u00c1lvarez, en donde tambi\u00e9n estuvieron presentes integrantes de la familia Heredia.<\/p>\n\n\n\n<p class=\"wp-block-paragraph\">En esa emotiva velada, impregnada de arte, m\u00fasica y tradici\u00f3n, se record\u00f3 su obra como artista pl\u00e1stico, donde fueron reconocidos sus talentos de este gran Maestro, quien se dedic\u00f3 por m\u00e1s de 70 a\u00f1os a la creaci\u00f3n y ense\u00f1anza art\u00edstica.<\/p>\n\n\n\n<figure class=\"wp-block-image\"><img loading=\"lazy\" decoding=\"async\" width=\"1024\" height=\"694\" src=\"https:\/\/diarioavanzada.com.mx\/wp-content\/uploads\/2025\/05\/6c9a193f-25b2-4e72-899d-820b3e5e554f-2121-00002e5a54bbe6b5_file-1024x694.jpg\" alt=\"\" class=\"wp-image-88266\" srcset=\"https:\/\/diarioavanzada.com.mx\/wp-content\/uploads\/2025\/05\/6c9a193f-25b2-4e72-899d-820b3e5e554f-2121-00002e5a54bbe6b5_file-1024x694.jpg 1024w, https:\/\/diarioavanzada.com.mx\/wp-content\/uploads\/2025\/05\/6c9a193f-25b2-4e72-899d-820b3e5e554f-2121-00002e5a54bbe6b5_file-300x203.jpg 300w, https:\/\/diarioavanzada.com.mx\/wp-content\/uploads\/2025\/05\/6c9a193f-25b2-4e72-899d-820b3e5e554f-2121-00002e5a54bbe6b5_file-768x520.jpg 768w, https:\/\/diarioavanzada.com.mx\/wp-content\/uploads\/2025\/05\/6c9a193f-25b2-4e72-899d-820b3e5e554f-2121-00002e5a54bbe6b5_file.jpg 1464w\" sizes=\"auto, (max-width: 1024px) 100vw, 1024px\" \/><\/figure>\n\n\n\n<figure class=\"wp-block-image\"><img loading=\"lazy\" decoding=\"async\" width=\"1024\" height=\"684\" src=\"https:\/\/diarioavanzada.com.mx\/wp-content\/uploads\/2025\/05\/9f31912e-dae5-4750-ad5d-df5fb7333973-2121-00002e5a54c8e818_file-1024x684.jpg\" alt=\"\" class=\"wp-image-88263\" srcset=\"https:\/\/diarioavanzada.com.mx\/wp-content\/uploads\/2025\/05\/9f31912e-dae5-4750-ad5d-df5fb7333973-2121-00002e5a54c8e818_file-1024x684.jpg 1024w, https:\/\/diarioavanzada.com.mx\/wp-content\/uploads\/2025\/05\/9f31912e-dae5-4750-ad5d-df5fb7333973-2121-00002e5a54c8e818_file-300x200.jpg 300w, https:\/\/diarioavanzada.com.mx\/wp-content\/uploads\/2025\/05\/9f31912e-dae5-4750-ad5d-df5fb7333973-2121-00002e5a54c8e818_file-768x513.jpg 768w, https:\/\/diarioavanzada.com.mx\/wp-content\/uploads\/2025\/05\/9f31912e-dae5-4750-ad5d-df5fb7333973-2121-00002e5a54c8e818_file-1536x1026.jpg 1536w, https:\/\/diarioavanzada.com.mx\/wp-content\/uploads\/2025\/05\/9f31912e-dae5-4750-ad5d-df5fb7333973-2121-00002e5a54c8e818_file.jpg 1600w\" sizes=\"auto, (max-width: 1024px) 100vw, 1024px\" \/><\/figure>\n\n\n\n<figure class=\"wp-block-image\"><img loading=\"lazy\" decoding=\"async\" width=\"1024\" height=\"684\" src=\"https:\/\/diarioavanzada.com.mx\/wp-content\/uploads\/2025\/05\/fa2624c4-55dc-4472-9ce3-033804510165-2121-00002e5a54d429ff_file-1024x684.jpg\" alt=\"\" class=\"wp-image-88264\" srcset=\"https:\/\/diarioavanzada.com.mx\/wp-content\/uploads\/2025\/05\/fa2624c4-55dc-4472-9ce3-033804510165-2121-00002e5a54d429ff_file-1024x684.jpg 1024w, https:\/\/diarioavanzada.com.mx\/wp-content\/uploads\/2025\/05\/fa2624c4-55dc-4472-9ce3-033804510165-2121-00002e5a54d429ff_file-300x200.jpg 300w, https:\/\/diarioavanzada.com.mx\/wp-content\/uploads\/2025\/05\/fa2624c4-55dc-4472-9ce3-033804510165-2121-00002e5a54d429ff_file-768x513.jpg 768w, https:\/\/diarioavanzada.com.mx\/wp-content\/uploads\/2025\/05\/fa2624c4-55dc-4472-9ce3-033804510165-2121-00002e5a54d429ff_file-1536x1026.jpg 1536w, https:\/\/diarioavanzada.com.mx\/wp-content\/uploads\/2025\/05\/fa2624c4-55dc-4472-9ce3-033804510165-2121-00002e5a54d429ff_file.jpg 1600w\" sizes=\"auto, (max-width: 1024px) 100vw, 1024px\" \/><\/figure>\n\n\n\n<figure class=\"wp-block-image\"><img loading=\"lazy\" decoding=\"async\" width=\"1024\" height=\"684\" src=\"https:\/\/diarioavanzada.com.mx\/wp-content\/uploads\/2025\/05\/43a7540d-dde8-45d0-98ac-8ade154fe981-2121-00002e5a54e231b1_file-1024x684.jpg\" alt=\"\" class=\"wp-image-88262\" srcset=\"https:\/\/diarioavanzada.com.mx\/wp-content\/uploads\/2025\/05\/43a7540d-dde8-45d0-98ac-8ade154fe981-2121-00002e5a54e231b1_file-1024x684.jpg 1024w, https:\/\/diarioavanzada.com.mx\/wp-content\/uploads\/2025\/05\/43a7540d-dde8-45d0-98ac-8ade154fe981-2121-00002e5a54e231b1_file-300x200.jpg 300w, https:\/\/diarioavanzada.com.mx\/wp-content\/uploads\/2025\/05\/43a7540d-dde8-45d0-98ac-8ade154fe981-2121-00002e5a54e231b1_file-768x513.jpg 768w, https:\/\/diarioavanzada.com.mx\/wp-content\/uploads\/2025\/05\/43a7540d-dde8-45d0-98ac-8ade154fe981-2121-00002e5a54e231b1_file-1536x1026.jpg 1536w, https:\/\/diarioavanzada.com.mx\/wp-content\/uploads\/2025\/05\/43a7540d-dde8-45d0-98ac-8ade154fe981-2121-00002e5a54e231b1_file.jpg 1573w\" sizes=\"auto, (max-width: 1024px) 100vw, 1024px\" \/><\/figure>\n<div class=\"fb-background-color\">\n\t\t\t  <div \n\t\t\t  \tclass = \"fb-comments\" \n\t\t\t  \tdata-href = \"https:\/\/diarioavanzada.com.mx\/?p=88268\"\n\t\t\t  \tdata-numposts = \"10\"\n\t\t\t  \tdata-lazy = \"true\"\n\t\t\t\tdata-colorscheme = \"light\"\n\t\t\t\tdata-order-by = \"social\"\n\t\t\t\tdata-mobile=true>\n\t\t\t  <\/div><\/div>\n\t\t  <style>\n\t\t    .fb-background-color {\n\t\t\t\tbackground:  !important;\n\t\t\t}\n\t\t\t.fb_iframe_widget_fluid_desktop iframe {\n\t\t\t    width: 100% !important;\n\t\t\t}\n\t\t  <\/style>\n\t\t  ","protected":false},"excerpt":{"rendered":"<p>El Maestro permanece en el coraz\u00f3n de las y los villalvarenses: Tey Guti\u00e9rrez Villa de \u00c1lvarez, Colima, Comunicado (29\/05\/2025).- A trav\u00e9s del programa Cr\u00f3nicas de Barrio se record\u00f3 la vida y obra de Rafael Heredia Velasco, en un homenaje que estuvo encabezado para la Presidenta de Villa de \u00c1lvarez, Tey Guti\u00e9rrez, y por el hijo [&hellip;]<\/p>\n","protected":false},"author":7,"featured_media":88267,"comment_status":"closed","ping_status":"closed","sticky":false,"template":"","format":"standard","meta":{"_coblocks_attr":"","_coblocks_dimensions":"","_coblocks_responsive_height":"","_coblocks_accordion_ie_support":"","_crdt_document":"","advanced_seo_description":"","jetpack_seo_html_title":"","jetpack_seo_noindex":false,"_jetpack_memberships_contains_paid_content":false,"footnotes":""},"categories":[209,21,7],"tags":[],"class_list":["post-88268","post","type-post","status-publish","format-standard","has-post-thumbnail","hentry","category-importantes","category-municipios","category-noticias"],"jetpack_featured_media_url":"https:\/\/diarioavanzada.com.mx\/wp-content\/uploads\/2025\/05\/370ae0fb-04d0-4ee5-94bf-222c5cf05472-1.jpg","jetpack-related-posts":[],"jetpack_sharing_enabled":true,"amp_enabled":true,"_links":{"self":[{"href":"https:\/\/diarioavanzada.com.mx\/index.php?rest_route=\/wp\/v2\/posts\/88268","targetHints":{"allow":["GET"]}}],"collection":[{"href":"https:\/\/diarioavanzada.com.mx\/index.php?rest_route=\/wp\/v2\/posts"}],"about":[{"href":"https:\/\/diarioavanzada.com.mx\/index.php?rest_route=\/wp\/v2\/types\/post"}],"author":[{"embeddable":true,"href":"https:\/\/diarioavanzada.com.mx\/index.php?rest_route=\/wp\/v2\/users\/7"}],"replies":[{"embeddable":true,"href":"https:\/\/diarioavanzada.com.mx\/index.php?rest_route=%2Fwp%2Fv2%2Fcomments&post=88268"}],"version-history":[{"count":0,"href":"https:\/\/diarioavanzada.com.mx\/index.php?rest_route=\/wp\/v2\/posts\/88268\/revisions"}],"wp:featuredmedia":[{"embeddable":true,"href":"https:\/\/diarioavanzada.com.mx\/index.php?rest_route=\/wp\/v2\/media\/88267"}],"wp:attachment":[{"href":"https:\/\/diarioavanzada.com.mx\/index.php?rest_route=%2Fwp%2Fv2%2Fmedia&parent=88268"}],"wp:term":[{"taxonomy":"category","embeddable":true,"href":"https:\/\/diarioavanzada.com.mx\/index.php?rest_route=%2Fwp%2Fv2%2Fcategories&post=88268"},{"taxonomy":"post_tag","embeddable":true,"href":"https:\/\/diarioavanzada.com.mx\/index.php?rest_route=%2Fwp%2Fv2%2Ftags&post=88268"}],"curies":[{"name":"wp","href":"https:\/\/api.w.org\/{rel}","templated":true}]}}