{"id":88126,"date":"2025-05-28T18:55:28","date_gmt":"2025-05-29T00:55:28","guid":{"rendered":"https:\/\/diarioavanzada.com.mx\/?p=88126"},"modified":"2025-05-28T18:55:28","modified_gmt":"2025-05-29T00:55:28","slug":"premian-contribuciones-de-estudiantes-a-favor-de-la-sociedad","status":"publish","type":"post","link":"https:\/\/diarioavanzada.com.mx\/?p=88126","title":{"rendered":"Premian contribuciones de estudiantes a favor de la sociedad"},"content":{"rendered":"\n<p class=\"wp-block-paragraph\"><em>\u201cEstudiar y prepararnos no deber\u00eda entenderse \u00fanicamente como una v\u00eda de desarrollo personal, sino tambi\u00e9n como una herramienta para incidir en nuestro entorno y abrir caminos que quiz\u00e1s no exist\u00edan antes\u201d: Daniela, estudiante galardonada.<\/em><\/p>\n\n\n\n<p class=\"wp-block-paragraph\"><em>\u201cSon j\u00f3venes que merecen todo nuestro reconocimiento; cuenten con que seremos sus aliados desde la Universidad y desde el Gobierno del Estado. Gracias por ser una inspiraci\u00f3n para todos nosotros\u201d: Indira Vizca\u00edno.<\/em><\/p>\n\n\n\n<p class=\"wp-block-paragraph\"><em>\u201cLos invito a continuar por ese camino de superaci\u00f3n y a seguir siendo agentes de cambio en nuestra sociedad y un ejemplo de superaci\u00f3n para los dem\u00e1s estudiantes\u201d: Rector.<\/em><\/p>\n\n\n\n<p class=\"wp-block-paragraph\">Colima, M\u00e9xico, Comunicado (28\/05\/2025).- En el marco del 70 aniversario de la Federaci\u00f3n de Estudiantes Colimenses (FEC) y del 85 aniversario de la Universidad de Colima (UdeC), este martes por la tarde se entregaron los \u201cPremios FEC al M\u00e9rito Estudiantil 2025\u201d, a destacados estudiantes de nuestra m\u00e1xima casa de estudios por sus contribuciones en diversas \u00e1reas a favor de la sociedad.<\/p>\n\n\n\n<p class=\"wp-block-paragraph\">La ceremonia de entrega de premios se realiz\u00f3 en la explanada de la Facultad de Derecho. Como autoridades estuvieron la gobernadora Indira Vizca\u00edno Silva; Christian Torres Ortiz Zerme\u00f1o, rector de la UdeC; Jaime Novela Casta\u00f1eda, presidente de la FEC; Martha Elia Far\u00edas R\u00edos, presidenta de la mesa directiva del Congreso del Estado de Colima y Juan Carlos Montes y Montes, presidente del Tribunal Superior de Justicia del Estado.<\/p>\n\n\n\n<p class=\"wp-block-paragraph\">Jaime Novela, en su intervenci\u00f3n, destac\u00f3 que este reconocimiento no es s\u00f3lo una distinci\u00f3n, sino la manifestaci\u00f3n de todo lo que representa el esfuerzo, el compromiso y la convicci\u00f3n de cada una de las personas galardonadas. \u201cNos recuerda que la comunidad estudiantil se involucra, participa, se esfuerza, que la excelencia no es un privilegio y que el m\u00e9rito no es un accidente; se forja, se trabaja, se construye y sobre todo, se celebra\u201d.<\/p>\n\n\n\n<p class=\"wp-block-paragraph\">Asever\u00f3 que es justo reconocer a quienes practican valores como el esfuerzo, la constancia, la empat\u00eda y el compromiso social. \u201cUstedes, con sus actos y su ejemplo, se convierten en referentes reales para otros estudiantes que hoy sue\u00f1an con transformar su entorno. Cuenten con la FEC para seguir acompa\u00f1ando cada uno de sus pasos, para seguir impulsando cada iniciativa y cada lucha que ustedes emprendan, porque creemos que el presente se construye con estudiantes como ustedes\u201d.<\/p>\n\n\n\n<p class=\"wp-block-paragraph\">Durante esta ceremonia, recibieron menci\u00f3n honor\u00edfica los estudiantes Addi Espinosa Gonz\u00e1lez, en la categor\u00eda de Logro Acad\u00e9mico; Mar\u00eda Esther Verduzco Aguirre, en Igualdad Sustantiva; Jos\u00e9 de Jes\u00fas Alvarado Navarrete, en Protecci\u00f3n al Medio Ambiente; Joel Adri\u00e1n Garc\u00eda Bravo, en Ingenio Emprendedor; Merari Antonio Quezada Dom\u00ednguez, en Expresiones Art\u00edsticas y Artes Populares, y Eva Rosal\u00eda Garc\u00eda-Garc\u00eda, en la categor\u00eda de Discapacidad, Neurodiversidad e Inclusi\u00f3n.<\/p>\n\n\n\n<p class=\"wp-block-paragraph\">Los galardonados fueron: Alondra Elizabeth Garc\u00eda Ib\u00e1\u00f1ez, en Logro Acad\u00e9mico; Daniela Cruz Mej\u00eda, en Igualdad Sustantiva; \u00c1ngel Rafael Sosa Hern\u00e1ndez, en la categor\u00eda de Protecci\u00f3n al Medio Ambiente; Alan Jes\u00fas Ramos G\u00f3mez, en Ingenio Emprendedor; Valeria Fernanda Cobi\u00e1n Puente, en Ciencia y Tecnolog\u00eda; Bogart Alejandro Rodr\u00edguez Valencia, en Expresiones Art\u00edsticas y Artes Populares; Javier Alejandro Rosas Hoyos, en la categor\u00eda de Logro Deportivo, y C\u00e9sar Cruz Vel\u00e1zquez, en Discapacidad, Neurodiversidad e Inclusi\u00f3n.<\/p>\n\n\n\n<p class=\"wp-block-paragraph\">En nombre de los y las estudiantes, Daniela Cruz (Igualdad Sustantiva) expres\u00f3 que obtener este premio \u201csignifica que las luchas de los estudiantes tambi\u00e9n son reconocidas, que los proyectos que nacen desde el aula, desde la empat\u00eda y con responsabilidad social, tienen valor; que no estamos solos en el camino de transformar nuestros espacios, pero sobre todo, que vale la pena continuar con nuestros esfuerzos\u201d.<\/p>\n\n\n\n<p class=\"wp-block-paragraph\">\u201cComo juventudes -coment\u00f3- tenemos una gran responsabilidad con la sociedad que nos forma. Estudiar y prepararnos no deber\u00eda entenderse \u00fanicamente como una v\u00eda de desarrollo personal, sino tambi\u00e9n como una herramienta para incidir en nuestro entorno y abrir caminos que quiz\u00e1s no exist\u00edan antes. Este reconocimiento es un recordatorio de que nuestras ideas, proyectos y esfuerzos tienen eco, y que a\u00fan queda mucho por hacer\u201d.<\/p>\n\n\n\n<p class=\"wp-block-paragraph\">En su turno ante el micr\u00f3fono, el rector Christian Torres Ortiz coincidi\u00f3 en la importancia de reconocer el trabajo, la vocaci\u00f3n de servicio y el compromiso social de los estudiantes, quienes con sus proyectos han trascendido el \u00e1mbito acad\u00e9mico. <a>Los invit\u00f3 a continuar por ese camino de superaci\u00f3n \u201cy a seguir siendo agentes de cambio en nuestra sociedad y un ejemplo de superaci\u00f3n para los dem\u00e1s estudiantes\u201d.<\/a><\/p>\n\n\n\n<p class=\"wp-block-paragraph\">Aprovech\u00f3 la ocasi\u00f3n para agradecer a la gobernadora Indira Vizca\u00edno su apoyo a las juventudes colimenses, y en presencia de los tres poderes de gobierno, solicit\u00f3 generar pol\u00edticas p\u00fablicas que impulse las propuestas y proyectos de los j\u00f3venes que est\u00e1n trabajando a favor del desarrollo de nuestra sociedad.<\/p>\n\n\n\n<p class=\"wp-block-paragraph\">Finalmente, la gobernadora Indira Vizca\u00edno les dijo a los estudiantes que cada paso que dan influye en lo que son, pero tambi\u00e9n en la comunidad completa y en todo lo que hay a su alrededor. \u201cLos invito a que asuman este premio con responsabilidad, s\u00ed, que lo disfruten, pero que sigan mejorando. Tengan la certeza de que este reconocimiento existe, aunque no todos los d\u00edas se les haga saber a trav\u00e9s de un documento, pues lo que hoy est\u00e1n impulsado sirve de ejemplo y de motivaci\u00f3n, pero sobre todo, es una muestra de amor al pr\u00f3jimo\u201d.<\/p>\n\n\n\n<p class=\"wp-block-paragraph\">Reiter\u00f3 que el hecho de convertirse en un ejemplo positivo para la sociedad, ya es una muestra de amor a quienes est\u00e1n a su alrededor, \u201cy los est\u00e1n observando, por eso son j\u00f3venes que merecen todo nuestro reconocimiento; cuenten con que seremos sus aliados desde la Universidad y desde el Gobierno del Estado. Gracias por ser una inspiraci\u00f3n para todos nosotros\u201d. Concluy\u00f3.<\/p>\n\n\n\n<p class=\"wp-block-paragraph\">La parte art\u00edstica de la ceremonia estuvo a cargo del Mariachi Universidad de Colima.<\/p>\n\n\n\n<p class=\"wp-block-paragraph\">A la ceremonia tambi\u00e9n asistieron Blanca Liliana D\u00edaz, presidenta del Voluntariado de la UdeC; Joel Nino Jr., secretario general; los ex rectores Fernando Moreno, Carlos Salazar, Miguel \u00c1ngel Aguayo, Ramon Cedillo y Jos\u00e9 Eduardo Hern\u00e1ndez, as\u00ed como familiares y amigos de las y los galardonados, funcionarios y directivos de la Universidad.<\/p>\n\n\n\n<figure class=\"wp-block-image size-large\"><img loading=\"lazy\" decoding=\"async\" width=\"1024\" height=\"683\" src=\"https:\/\/diarioavanzada.com.mx\/wp-content\/uploads\/2025\/05\/Premios-FEC-al-Merito-Estudiantil-2025_b-1024x683.jpg\" alt=\"\" class=\"wp-image-88129\" srcset=\"https:\/\/diarioavanzada.com.mx\/wp-content\/uploads\/2025\/05\/Premios-FEC-al-Merito-Estudiantil-2025_b-1024x683.jpg 1024w, https:\/\/diarioavanzada.com.mx\/wp-content\/uploads\/2025\/05\/Premios-FEC-al-Merito-Estudiantil-2025_b-300x200.jpg 300w, https:\/\/diarioavanzada.com.mx\/wp-content\/uploads\/2025\/05\/Premios-FEC-al-Merito-Estudiantil-2025_b-768x512.jpg 768w, https:\/\/diarioavanzada.com.mx\/wp-content\/uploads\/2025\/05\/Premios-FEC-al-Merito-Estudiantil-2025_b-1536x1024.jpg 1536w, https:\/\/diarioavanzada.com.mx\/wp-content\/uploads\/2025\/05\/Premios-FEC-al-Merito-Estudiantil-2025_b-1200x800.jpg 1200w, https:\/\/diarioavanzada.com.mx\/wp-content\/uploads\/2025\/05\/Premios-FEC-al-Merito-Estudiantil-2025_b.jpg 2048w\" sizes=\"auto, (max-width: 1024px) 100vw, 1024px\" \/><\/figure>\n\n\n\n<figure class=\"wp-block-image size-large\"><img loading=\"lazy\" decoding=\"async\" width=\"1024\" height=\"683\" src=\"https:\/\/diarioavanzada.com.mx\/wp-content\/uploads\/2025\/05\/Premios-FEC-al-Merito-Estudiantil-2025_a-1024x683.jpg\" alt=\"\" class=\"wp-image-88131\" srcset=\"https:\/\/diarioavanzada.com.mx\/wp-content\/uploads\/2025\/05\/Premios-FEC-al-Merito-Estudiantil-2025_a-1024x683.jpg 1024w, https:\/\/diarioavanzada.com.mx\/wp-content\/uploads\/2025\/05\/Premios-FEC-al-Merito-Estudiantil-2025_a-300x200.jpg 300w, https:\/\/diarioavanzada.com.mx\/wp-content\/uploads\/2025\/05\/Premios-FEC-al-Merito-Estudiantil-2025_a-768x512.jpg 768w, https:\/\/diarioavanzada.com.mx\/wp-content\/uploads\/2025\/05\/Premios-FEC-al-Merito-Estudiantil-2025_a-1536x1024.jpg 1536w, https:\/\/diarioavanzada.com.mx\/wp-content\/uploads\/2025\/05\/Premios-FEC-al-Merito-Estudiantil-2025_a-1200x800.jpg 1200w, https:\/\/diarioavanzada.com.mx\/wp-content\/uploads\/2025\/05\/Premios-FEC-al-Merito-Estudiantil-2025_a.jpg 2048w\" sizes=\"auto, (max-width: 1024px) 100vw, 1024px\" \/><\/figure>\n\n\n\n<figure class=\"wp-block-image size-large\"><img loading=\"lazy\" decoding=\"async\" width=\"1024\" height=\"683\" src=\"https:\/\/diarioavanzada.com.mx\/wp-content\/uploads\/2025\/05\/Premios-FEC-al-Merito-Estudiantil-2025_e-1024x683.jpg\" alt=\"\" class=\"wp-image-88133\" srcset=\"https:\/\/diarioavanzada.com.mx\/wp-content\/uploads\/2025\/05\/Premios-FEC-al-Merito-Estudiantil-2025_e-1024x683.jpg 1024w, https:\/\/diarioavanzada.com.mx\/wp-content\/uploads\/2025\/05\/Premios-FEC-al-Merito-Estudiantil-2025_e-300x200.jpg 300w, https:\/\/diarioavanzada.com.mx\/wp-content\/uploads\/2025\/05\/Premios-FEC-al-Merito-Estudiantil-2025_e-768x512.jpg 768w, https:\/\/diarioavanzada.com.mx\/wp-content\/uploads\/2025\/05\/Premios-FEC-al-Merito-Estudiantil-2025_e-1536x1024.jpg 1536w, https:\/\/diarioavanzada.com.mx\/wp-content\/uploads\/2025\/05\/Premios-FEC-al-Merito-Estudiantil-2025_e-1200x800.jpg 1200w, https:\/\/diarioavanzada.com.mx\/wp-content\/uploads\/2025\/05\/Premios-FEC-al-Merito-Estudiantil-2025_e.jpg 2048w\" sizes=\"auto, (max-width: 1024px) 100vw, 1024px\" \/><\/figure>\n\n\n\n<figure class=\"wp-block-image size-large\"><img loading=\"lazy\" decoding=\"async\" width=\"1024\" height=\"683\" src=\"https:\/\/diarioavanzada.com.mx\/wp-content\/uploads\/2025\/05\/Premios-FEC-al-Merito-Estudiantil-2025_Rector_a-1024x683.jpg\" alt=\"\" class=\"wp-image-88134\" srcset=\"https:\/\/diarioavanzada.com.mx\/wp-content\/uploads\/2025\/05\/Premios-FEC-al-Merito-Estudiantil-2025_Rector_a-1024x683.jpg 1024w, https:\/\/diarioavanzada.com.mx\/wp-content\/uploads\/2025\/05\/Premios-FEC-al-Merito-Estudiantil-2025_Rector_a-300x200.jpg 300w, https:\/\/diarioavanzada.com.mx\/wp-content\/uploads\/2025\/05\/Premios-FEC-al-Merito-Estudiantil-2025_Rector_a-768x512.jpg 768w, https:\/\/diarioavanzada.com.mx\/wp-content\/uploads\/2025\/05\/Premios-FEC-al-Merito-Estudiantil-2025_Rector_a-1536x1024.jpg 1536w, https:\/\/diarioavanzada.com.mx\/wp-content\/uploads\/2025\/05\/Premios-FEC-al-Merito-Estudiantil-2025_Rector_a-1200x800.jpg 1200w, https:\/\/diarioavanzada.com.mx\/wp-content\/uploads\/2025\/05\/Premios-FEC-al-Merito-Estudiantil-2025_Rector_a.jpg 2048w\" sizes=\"auto, (max-width: 1024px) 100vw, 1024px\" \/><\/figure>\n<div class=\"fb-background-color\">\n\t\t\t  <div \n\t\t\t  \tclass = \"fb-comments\" \n\t\t\t  \tdata-href = \"https:\/\/diarioavanzada.com.mx\/?p=88126\"\n\t\t\t  \tdata-numposts = \"10\"\n\t\t\t  \tdata-lazy = \"true\"\n\t\t\t\tdata-colorscheme = \"light\"\n\t\t\t\tdata-order-by = \"social\"\n\t\t\t\tdata-mobile=true>\n\t\t\t  <\/div><\/div>\n\t\t  <style>\n\t\t    .fb-background-color {\n\t\t\t\tbackground:  !important;\n\t\t\t}\n\t\t\t.fb_iframe_widget_fluid_desktop iframe {\n\t\t\t    width: 100% !important;\n\t\t\t}\n\t\t  <\/style>\n\t\t  ","protected":false},"excerpt":{"rendered":"<p>\u201cEstudiar y prepararnos no deber\u00eda entenderse \u00fanicamente como una v\u00eda de desarrollo personal, sino tambi\u00e9n como una herramienta para incidir en nuestro entorno y abrir caminos que quiz\u00e1s no exist\u00edan antes\u201d: Daniela, estudiante galardonada. \u201cSon j\u00f3venes que merecen todo nuestro reconocimiento; cuenten con que seremos sus aliados desde la Universidad y desde el Gobierno del [&hellip;]<\/p>\n","protected":false},"author":7,"featured_media":88138,"comment_status":"closed","ping_status":"closed","sticky":false,"template":"","format":"standard","meta":{"_coblocks_attr":"","_coblocks_dimensions":"","_coblocks_responsive_height":"","_coblocks_accordion_ie_support":"","_crdt_document":"","advanced_seo_description":"","jetpack_seo_html_title":"","jetpack_seo_noindex":false,"_jetpack_memberships_contains_paid_content":false,"footnotes":""},"categories":[19,209,7],"tags":[],"class_list":["post-88126","post","type-post","status-publish","format-standard","has-post-thumbnail","hentry","category-colima","category-importantes","category-noticias"],"jetpack_featured_media_url":"https:\/\/diarioavanzada.com.mx\/wp-content\/uploads\/2025\/05\/a20b234d-11bb-490a-91e8-0968bb496d9b-1.jpg","jetpack-related-posts":[],"jetpack_sharing_enabled":true,"amp_enabled":true,"_links":{"self":[{"href":"https:\/\/diarioavanzada.com.mx\/index.php?rest_route=\/wp\/v2\/posts\/88126","targetHints":{"allow":["GET"]}}],"collection":[{"href":"https:\/\/diarioavanzada.com.mx\/index.php?rest_route=\/wp\/v2\/posts"}],"about":[{"href":"https:\/\/diarioavanzada.com.mx\/index.php?rest_route=\/wp\/v2\/types\/post"}],"author":[{"embeddable":true,"href":"https:\/\/diarioavanzada.com.mx\/index.php?rest_route=\/wp\/v2\/users\/7"}],"replies":[{"embeddable":true,"href":"https:\/\/diarioavanzada.com.mx\/index.php?rest_route=%2Fwp%2Fv2%2Fcomments&post=88126"}],"version-history":[{"count":5,"href":"https:\/\/diarioavanzada.com.mx\/index.php?rest_route=\/wp\/v2\/posts\/88126\/revisions"}],"predecessor-version":[{"id":88136,"href":"https:\/\/diarioavanzada.com.mx\/index.php?rest_route=\/wp\/v2\/posts\/88126\/revisions\/88136"}],"wp:featuredmedia":[{"embeddable":true,"href":"https:\/\/diarioavanzada.com.mx\/index.php?rest_route=\/wp\/v2\/media\/88138"}],"wp:attachment":[{"href":"https:\/\/diarioavanzada.com.mx\/index.php?rest_route=%2Fwp%2Fv2%2Fmedia&parent=88126"}],"wp:term":[{"taxonomy":"category","embeddable":true,"href":"https:\/\/diarioavanzada.com.mx\/index.php?rest_route=%2Fwp%2Fv2%2Fcategories&post=88126"},{"taxonomy":"post_tag","embeddable":true,"href":"https:\/\/diarioavanzada.com.mx\/index.php?rest_route=%2Fwp%2Fv2%2Ftags&post=88126"}],"curies":[{"name":"wp","href":"https:\/\/api.w.org\/{rel}","templated":true}]}}