{"id":88122,"date":"2025-05-28T18:43:33","date_gmt":"2025-05-29T00:43:33","guid":{"rendered":"https:\/\/diarioavanzada.com.mx\/?p=88122"},"modified":"2025-05-28T18:48:59","modified_gmt":"2025-05-29T00:48:59","slug":"los-yunes-disfrutan-el-lujo-europeo-mientras-veracruz-enfrenta-crisis","status":"publish","type":"post","link":"https:\/\/diarioavanzada.com.mx\/?p=88122","title":{"rendered":"Los Yunes disfrutan paseando por Madrid"},"content":{"rendered":"\n<p class=\"p1 wp-block-paragraph\">Espa\u00f1a, Avanzada (28\/05\/2025).- Lejos de Veracruz y de cualquier intento por rendir cuentas, Miguel \u00c1ngel Yunes Linares y su hijo, Miguel \u00c1ngel Yunes M\u00e1rquez, fueron captados este fin de semana disfrutando de una vida de lujo en Madrid. Los exmandatarios veracruzanos, se\u00f1alados por esc\u00e1ndalos de corrupci\u00f3n y confrontaciones pol\u00edticas durante su paso por el poder, aparecieron relajados y sonrientes en sitios exclusivos de la capital espa\u00f1ola.<\/p>\n\n\n\n<p class=\"p1 wp-block-paragraph\">Uno de los lugares donde fueron vistos fue el bar \u201cThe Library\u201d, un espacio sofisticado en el coraz\u00f3n de Madrid, frecuentado por figuras de la \u00e9lite europea. Entre c\u00f3cteles de autor, sillones tapizados en terciopelo y un ambiente de absoluta discreci\u00f3n, los Yunes depart\u00edan animadamente, ajenos a la crisis persistente en el estado que gobernaron.<\/p>\n\n\n\n<p class=\"p1 wp-block-paragraph\">De acuerdo con fuentes cercanas, ambos habr\u00edan sellado un pacto para abandonar la pol\u00edtica activa tras negociaciones con personajes cercanos a Morena, el partido en el poder, lo que despert\u00f3 sospechas sobre posibles acuerdos que garantizar\u00edan su impunidad.<\/p>\n\n\n\n<p class=\"p1 wp-block-paragraph\">Adem\u00e1s del bar, padre e hijo fueron vistos en una tienda de la exclusiva marca Loewe, ubicada en el lujoso distrito de Salamanca. En ese establecimiento, donde las gorras pueden costar m\u00e1s de 11 mil pesos y unos mocasines superan los 23 mil, los exfuncionarios mexicanos se paseaban sin preocupaciones.<\/p>\n\n\n\n<p class=\"p1 wp-block-paragraph\">Las im\u00e1genes, difundidas inicialmente por el usuario Vampipe en redes sociales, reavivaron la indignaci\u00f3n entre ciudadanos y analistas que ven en esta escena un s\u00edmbolo de la impunidad que protege a ciertos personajes de la pol\u00edtica mexicana. Mientras tanto, en Veracruz se reportan hospitales sin recursos, comunidades olvidadas por el gobierno y una ola de violencia que no cede.<\/p>\n\n\n\n<p class=\"p1 wp-block-paragraph\"><\/p>\n\n\n\n<figure class=\"wp-block-video\"><div class=\"wp-block-embed__wrapper\">\n<iframe title=\"VideoPress Video Player\" aria-label='VideoPress Video Player' width='641' height='1000' src='https:\/\/videopress.com\/embed\/YynYh9ts?cover=1&amp;preloadContent=metadata&amp;useAverageColor=1&amp;hd=0' frameborder='0' allowfullscreen data-resize-to-parent=\"true\" allow='clipboard-write'><\/iframe><script src='https:\/\/v0.wordpress.com\/js\/next\/videopress-iframe.js?m=1739540970'><\/script>\n<\/div><\/figure>\n<div class=\"fb-background-color\">\n\t\t\t  <div \n\t\t\t  \tclass = \"fb-comments\" \n\t\t\t  \tdata-href = \"https:\/\/diarioavanzada.com.mx\/?p=88122\"\n\t\t\t  \tdata-numposts = \"10\"\n\t\t\t  \tdata-lazy = \"true\"\n\t\t\t\tdata-colorscheme = \"light\"\n\t\t\t\tdata-order-by = \"social\"\n\t\t\t\tdata-mobile=true>\n\t\t\t  <\/div><\/div>\n\t\t  <style>\n\t\t    .fb-background-color {\n\t\t\t\tbackground:  !important;\n\t\t\t}\n\t\t\t.fb_iframe_widget_fluid_desktop iframe {\n\t\t\t    width: 100% !important;\n\t\t\t}\n\t\t  <\/style>\n\t\t  ","protected":false},"excerpt":{"rendered":"<p>Espa\u00f1a, Avanzada (28\/05\/2025).- Lejos de Veracruz y de cualquier intento por rendir cuentas, Miguel \u00c1ngel Yunes Linares y su hijo, Miguel \u00c1ngel Yunes M\u00e1rquez, fueron captados este fin de semana disfrutando de una vida de lujo en Madrid. Los exmandatarios veracruzanos, se\u00f1alados por esc\u00e1ndalos de corrupci\u00f3n y confrontaciones pol\u00edticas durante su paso por el poder, [&hellip;]<\/p>\n","protected":false},"author":7,"featured_media":88120,"comment_status":"closed","ping_status":"closed","sticky":false,"template":"","format":"standard","meta":{"_coblocks_attr":"","_coblocks_dimensions":"","_coblocks_responsive_height":"","_coblocks_accordion_ie_support":"","_crdt_document":"","advanced_seo_description":"","jetpack_seo_html_title":"","jetpack_seo_noindex":false,"_jetpack_memberships_contains_paid_content":false,"footnotes":""},"categories":[22,7,29],"tags":[210],"class_list":["post-88122","post","type-post","status-publish","format-standard","has-post-thumbnail","hentry","category-nacion","category-noticias","category-sociedad","tag-portada"],"jetpack_featured_media_url":"https:\/\/diarioavanzada.com.mx\/wp-content\/uploads\/2025\/05\/img_8767-1.jpg","jetpack-related-posts":[],"jetpack_sharing_enabled":true,"amp_enabled":true,"_links":{"self":[{"href":"https:\/\/diarioavanzada.com.mx\/index.php?rest_route=\/wp\/v2\/posts\/88122","targetHints":{"allow":["GET"]}}],"collection":[{"href":"https:\/\/diarioavanzada.com.mx\/index.php?rest_route=\/wp\/v2\/posts"}],"about":[{"href":"https:\/\/diarioavanzada.com.mx\/index.php?rest_route=\/wp\/v2\/types\/post"}],"author":[{"embeddable":true,"href":"https:\/\/diarioavanzada.com.mx\/index.php?rest_route=\/wp\/v2\/users\/7"}],"replies":[{"embeddable":true,"href":"https:\/\/diarioavanzada.com.mx\/index.php?rest_route=%2Fwp%2Fv2%2Fcomments&post=88122"}],"version-history":[{"count":2,"href":"https:\/\/diarioavanzada.com.mx\/index.php?rest_route=\/wp\/v2\/posts\/88122\/revisions"}],"predecessor-version":[{"id":88128,"href":"https:\/\/diarioavanzada.com.mx\/index.php?rest_route=\/wp\/v2\/posts\/88122\/revisions\/88128"}],"wp:featuredmedia":[{"embeddable":true,"href":"https:\/\/diarioavanzada.com.mx\/index.php?rest_route=\/wp\/v2\/media\/88120"}],"wp:attachment":[{"href":"https:\/\/diarioavanzada.com.mx\/index.php?rest_route=%2Fwp%2Fv2%2Fmedia&parent=88122"}],"wp:term":[{"taxonomy":"category","embeddable":true,"href":"https:\/\/diarioavanzada.com.mx\/index.php?rest_route=%2Fwp%2Fv2%2Fcategories&post=88122"},{"taxonomy":"post_tag","embeddable":true,"href":"https:\/\/diarioavanzada.com.mx\/index.php?rest_route=%2Fwp%2Fv2%2Ftags&post=88122"}],"curies":[{"name":"wp","href":"https:\/\/api.w.org\/{rel}","templated":true}]}}