{"id":88113,"date":"2025-05-28T15:30:15","date_gmt":"2025-05-28T21:30:15","guid":{"rendered":"https:\/\/diarioavanzada.com.mx\/?p=88113"},"modified":"2025-05-28T15:30:15","modified_gmt":"2025-05-28T21:30:15","slug":"detienen-en-puerto-vallarta-a-alex-n-por-explotacion-sexual-de-una-menor","status":"publish","type":"post","link":"https:\/\/diarioavanzada.com.mx\/?p=88113","title":{"rendered":"Detienen en Puerto Vallarta a Alex \u201cN\u201d por explotaci\u00f3n sexual de una menor"},"content":{"rendered":"\n<p class=\"wp-block-paragraph\">Jalisco, M\u00e9xico, Comunicado (28\/05\/2025).- La Unidad de Investigaci\u00f3n Especializada en Delitos Contra las Mujeres y en Raz\u00f3n de G\u00e9nero y Trata de Personas de la Fiscal\u00eda del Estado de Jalisco cumpliment\u00f3 este mi\u00e9rcoles en el Municipio de Puerto Vallarta un mandato judicial contra quien se identific\u00f3 como Alejandro &#8220;N&#8221;, se\u00f1alado por delitos en materia de trata de personas, en su modalidad de prostituci\u00f3n ajena u otras formas de explotaci\u00f3n sexual.<\/p>\n\n\n\n<p class=\"wp-block-paragraph\">De acuerdo con las indagatorias realizadas por la Vicefiscal\u00eda en Investigaci\u00f3n Especializada en Atenci\u00f3n a Mujeres, Ni\u00f1as, Ni\u00f1os y Adolescentes, Raz\u00f3n de G\u00e9nero y la Familia, Alejandro &#8220;N&#8221; inici\u00f3 una relaci\u00f3n sentimental con una adolescente de 16 a\u00f1os de edad.<\/p>\n\n\n\n<p class=\"wp-block-paragraph\">Se logr\u00f3 acreditar que el hombre se gan\u00f3 la confianza de la v\u00edctima y comenzaron a sostener relaciones sexuales de forma ocasional, adem\u00e1s de ofrecerla a otras personas a cambio de dinero, hasta que en un encuentro Alejandro &#8220;N&#8221; la convenci\u00f3 de que participaran otras personas y que adem\u00e1s todo fuera grabado en video.<\/p>\n\n\n\n<p class=\"wp-block-paragraph\">Presuntamente el ahora detenido la convenci\u00f3 tambi\u00e9n de que el material videogr\u00e1fico fuera subido a sitios de internet de contenido pornogr\u00e1fico.<\/p>\n\n\n\n<p class=\"wp-block-paragraph\">Familiares de la v\u00edctima se enteraron de lo que hab\u00eda ocurrido y denunciaron los hechos ante la Fiscal\u00eda de Jalisco.<\/p>\n\n\n\n<p class=\"wp-block-paragraph\">En las pr\u00f3ximas horas Alejandro &#8220;N&#8221; ser\u00e1 puesto a disposici\u00f3n de la autoridad jurisdiccional que lo requer\u00eda para que defina su situaci\u00f3n legal.<\/p>\n\n\n\n<p class=\"wp-block-paragraph\">La Fiscal\u00eda del Estado continuar\u00e1 con las investigaciones para esclarecer estos hechos y exhorta a denunciar el delito de trata de personas en sus instalaciones, ubicadas en la Calle 14, n\u00famero 2550, en la Zona Industrial de Guadalajara.<\/p>\n<div class=\"fb-background-color\">\n\t\t\t  <div \n\t\t\t  \tclass = \"fb-comments\" \n\t\t\t  \tdata-href = \"https:\/\/diarioavanzada.com.mx\/?p=88113\"\n\t\t\t  \tdata-numposts = \"10\"\n\t\t\t  \tdata-lazy = \"true\"\n\t\t\t\tdata-colorscheme = \"light\"\n\t\t\t\tdata-order-by = \"social\"\n\t\t\t\tdata-mobile=true>\n\t\t\t  <\/div><\/div>\n\t\t  <style>\n\t\t    .fb-background-color {\n\t\t\t\tbackground:  !important;\n\t\t\t}\n\t\t\t.fb_iframe_widget_fluid_desktop iframe {\n\t\t\t    width: 100% !important;\n\t\t\t}\n\t\t  <\/style>\n\t\t  ","protected":false},"excerpt":{"rendered":"<p>Jalisco, M\u00e9xico, Comunicado (28\/05\/2025).- La Unidad de Investigaci\u00f3n Especializada en Delitos Contra las Mujeres y en Raz\u00f3n de G\u00e9nero y Trata de Personas de la Fiscal\u00eda del Estado de Jalisco cumpliment\u00f3 este mi\u00e9rcoles en el Municipio de Puerto Vallarta un mandato judicial contra quien se identific\u00f3 como Alejandro &#8220;N&#8221;, se\u00f1alado por delitos en materia de [&hellip;]<\/p>\n","protected":false},"author":7,"featured_media":88111,"comment_status":"closed","ping_status":"closed","sticky":false,"template":"","format":"standard","meta":{"_coblocks_attr":"","_coblocks_dimensions":"","_coblocks_responsive_height":"","_coblocks_accordion_ie_support":"","_crdt_document":"","advanced_seo_description":"","jetpack_seo_html_title":"","jetpack_seo_noindex":false,"_jetpack_memberships_contains_paid_content":false,"footnotes":""},"categories":[209,353,22,7,231],"tags":[210],"class_list":["post-88113","post","type-post","status-publish","format-standard","has-post-thumbnail","hentry","category-importantes","category-jalisco","category-nacion","category-noticias","category-seguridad","tag-portada"],"jetpack_featured_media_url":"https:\/\/diarioavanzada.com.mx\/wp-content\/uploads\/2025\/05\/img_3483-1.jpg","jetpack-related-posts":[],"jetpack_sharing_enabled":true,"amp_enabled":true,"_links":{"self":[{"href":"https:\/\/diarioavanzada.com.mx\/index.php?rest_route=\/wp\/v2\/posts\/88113","targetHints":{"allow":["GET"]}}],"collection":[{"href":"https:\/\/diarioavanzada.com.mx\/index.php?rest_route=\/wp\/v2\/posts"}],"about":[{"href":"https:\/\/diarioavanzada.com.mx\/index.php?rest_route=\/wp\/v2\/types\/post"}],"author":[{"embeddable":true,"href":"https:\/\/diarioavanzada.com.mx\/index.php?rest_route=\/wp\/v2\/users\/7"}],"replies":[{"embeddable":true,"href":"https:\/\/diarioavanzada.com.mx\/index.php?rest_route=%2Fwp%2Fv2%2Fcomments&post=88113"}],"version-history":[{"count":0,"href":"https:\/\/diarioavanzada.com.mx\/index.php?rest_route=\/wp\/v2\/posts\/88113\/revisions"}],"wp:featuredmedia":[{"embeddable":true,"href":"https:\/\/diarioavanzada.com.mx\/index.php?rest_route=\/wp\/v2\/media\/88111"}],"wp:attachment":[{"href":"https:\/\/diarioavanzada.com.mx\/index.php?rest_route=%2Fwp%2Fv2%2Fmedia&parent=88113"}],"wp:term":[{"taxonomy":"category","embeddable":true,"href":"https:\/\/diarioavanzada.com.mx\/index.php?rest_route=%2Fwp%2Fv2%2Fcategories&post=88113"},{"taxonomy":"post_tag","embeddable":true,"href":"https:\/\/diarioavanzada.com.mx\/index.php?rest_route=%2Fwp%2Fv2%2Ftags&post=88113"}],"curies":[{"name":"wp","href":"https:\/\/api.w.org\/{rel}","templated":true}]}}