{"id":88080,"date":"2025-05-28T08:53:51","date_gmt":"2025-05-28T14:53:51","guid":{"rendered":"https:\/\/diarioavanzada.com.mx\/?p=88080"},"modified":"2025-05-28T08:53:51","modified_gmt":"2025-05-28T14:53:51","slug":"diputados-omiten-comparecencia-de-secretario-ante-crisis-de-seguridad","status":"publish","type":"post","link":"https:\/\/diarioavanzada.com.mx\/?p=88080","title":{"rendered":"Diputados omiten comparecencia de Secretario ante crisis de seguridad"},"content":{"rendered":"\n<p class=\"p3 wp-block-paragraph\">Colima, M\u00e9xico, Avanzada (28\/05\/2025).- La grave crisis de violencia que sacude a Colima, una de las entidades m\u00e1s golpeadas por el crimen organizado en el pa\u00eds, no encuentra eco en el Congreso del Estado. Pese a que los homicidios dolosos contin\u00faan en ascenso, colocando a la entidad en los primeros lugares nacionales de violencia, la Comisi\u00f3n de Seguridad P\u00fablica y Protecci\u00f3n Civil del Poder Legislativo permanece en un silencio que indigna a la ciudadan\u00eda.<\/p>\n\n\n\n<p class=\"p1 wp-block-paragraph\">El reciente ataque armado en una vivienda de Villa de \u00c1lvarez \u2014donde una mujer adulta mayor fue asesinada y dos menores, de cinco y diez a\u00f1os, resultaron gravemente heridos\u2014 ilustra la magnitud de la crisis. Sin embargo, ni este caso ni los cada vez m\u00e1s frecuentes episodios de veh\u00edculos incendiados y ataques con armas de fuego han motivado a los diputados locales a ejercer las facultades que les otorga la ley.<\/p>\n\n\n\n<p class=\"p1 wp-block-paragraph\">La Ley Org\u00e1nica del Poder Legislativo del Estado de Colima faculta expresamente a las comisiones legislativas para llamar a comparecer a los titulares de dependencias estatales. En este contexto, el responsable directo de la seguridad p\u00fablica es el contralmirante Gerardo Romero Santana, quien, hasta el momento, no ha sido citado por los legisladores para rendir cuentas ni explicar las acciones implementadas para frenar la ola delictiva.<\/p>\n\n\n\n<p class=\"p1 wp-block-paragraph\">La Comisi\u00f3n de Seguridad P\u00fablica y Protecci\u00f3n Civil est\u00e1 conformada por los diputados Betzaida Luz Alondra Pinz\u00f3n Carreto (presidenta), \u00c1lvaro Lozano Gonz\u00e1lez y Hilda Lizette Moreno Ceballos (secretarios), quienes perciben remuneraciones mensuales que superan los 100 mil pesos, incluyendo dieta parlamentaria, apoyos legislativos y un bono adicional de 30 mil pesos por presidir o integrar comisiones. Sin embargo, estos ingresos no se han traducido en una respuesta institucional acorde con la gravedad del momento.<\/p>\n\n\n\n<p class=\"p1 wp-block-paragraph\">Lejos de cumplir con su papel de contrapeso y vigilancia del Ejecutivo, los diputados han optado por el mutismo, dejando a la ciudadan\u00eda en un estado de indefensi\u00f3n y profundizando el descr\u00e9dito del Congreso local. La falta de voluntad pol\u00edtica es evidente: los mecanismos legales existen, pero no se aplican. Mientras tanto, las v\u00edctimas de la violencia siguen acumul\u00e1ndose y la inseguridad se convierte en el rostro cotidiano de Colima.<\/p>\n\n\n\n<p class=\"p1 wp-block-paragraph\">El contraste entre el silencio legislativo y el clamor popular por justicia, seguridad y rendici\u00f3n de cuentas es cada vez m\u00e1s evidente. La omisi\u00f3n del Congreso en citar a comparecer al Secretario de Seguridad no solo agravia a las v\u00edctimas directas, sino que perpet\u00faa una cultura de impunidad que mina la confianza ciudadana en las instituciones.<\/p>\n\n\n\n<p class=\"p1 wp-block-paragraph\"><em>*En la fotograf\u00eda: los diputados integrantes de la Comisi\u00f3n de Seguridad P\u00fablica y el secretario, participando en una clase de box.<\/em><\/p>\n<div class=\"fb-background-color\">\n\t\t\t  <div \n\t\t\t  \tclass = \"fb-comments\" \n\t\t\t  \tdata-href = \"https:\/\/diarioavanzada.com.mx\/?p=88080\"\n\t\t\t  \tdata-numposts = \"10\"\n\t\t\t  \tdata-lazy = \"true\"\n\t\t\t\tdata-colorscheme = \"light\"\n\t\t\t\tdata-order-by = \"social\"\n\t\t\t\tdata-mobile=true>\n\t\t\t  <\/div><\/div>\n\t\t  <style>\n\t\t    .fb-background-color {\n\t\t\t\tbackground:  !important;\n\t\t\t}\n\t\t\t.fb_iframe_widget_fluid_desktop iframe {\n\t\t\t    width: 100% !important;\n\t\t\t}\n\t\t  <\/style>\n\t\t  ","protected":false},"excerpt":{"rendered":"<p>Colima, M\u00e9xico, Avanzada (28\/05\/2025).- La grave crisis de violencia que sacude a Colima, una de las entidades m\u00e1s golpeadas por el crimen organizado en el pa\u00eds, no encuentra eco en el Congreso del Estado. Pese a que los homicidios dolosos contin\u00faan en ascenso, colocando a la entidad en los primeros lugares nacionales de violencia, la [&hellip;]<\/p>\n","protected":false},"author":7,"featured_media":88079,"comment_status":"closed","ping_status":"closed","sticky":false,"template":"","format":"standard","meta":{"_coblocks_attr":"","_coblocks_dimensions":"","_coblocks_responsive_height":"","_coblocks_accordion_ie_support":"","_crdt_document":"","advanced_seo_description":"","jetpack_seo_html_title":"","jetpack_seo_noindex":false,"_jetpack_memberships_contains_paid_content":false,"footnotes":""},"categories":[19,209,7,231],"tags":[210],"class_list":["post-88080","post","type-post","status-publish","format-standard","has-post-thumbnail","hentry","category-colima","category-importantes","category-noticias","category-seguridad","tag-portada"],"jetpack_featured_media_url":"https:\/\/diarioavanzada.com.mx\/wp-content\/uploads\/2025\/05\/img_3435-1-1.jpg","jetpack-related-posts":[],"jetpack_sharing_enabled":true,"amp_enabled":true,"_links":{"self":[{"href":"https:\/\/diarioavanzada.com.mx\/index.php?rest_route=\/wp\/v2\/posts\/88080","targetHints":{"allow":["GET"]}}],"collection":[{"href":"https:\/\/diarioavanzada.com.mx\/index.php?rest_route=\/wp\/v2\/posts"}],"about":[{"href":"https:\/\/diarioavanzada.com.mx\/index.php?rest_route=\/wp\/v2\/types\/post"}],"author":[{"embeddable":true,"href":"https:\/\/diarioavanzada.com.mx\/index.php?rest_route=\/wp\/v2\/users\/7"}],"replies":[{"embeddable":true,"href":"https:\/\/diarioavanzada.com.mx\/index.php?rest_route=%2Fwp%2Fv2%2Fcomments&post=88080"}],"version-history":[{"count":0,"href":"https:\/\/diarioavanzada.com.mx\/index.php?rest_route=\/wp\/v2\/posts\/88080\/revisions"}],"wp:featuredmedia":[{"embeddable":true,"href":"https:\/\/diarioavanzada.com.mx\/index.php?rest_route=\/wp\/v2\/media\/88079"}],"wp:attachment":[{"href":"https:\/\/diarioavanzada.com.mx\/index.php?rest_route=%2Fwp%2Fv2%2Fmedia&parent=88080"}],"wp:term":[{"taxonomy":"category","embeddable":true,"href":"https:\/\/diarioavanzada.com.mx\/index.php?rest_route=%2Fwp%2Fv2%2Fcategories&post=88080"},{"taxonomy":"post_tag","embeddable":true,"href":"https:\/\/diarioavanzada.com.mx\/index.php?rest_route=%2Fwp%2Fv2%2Ftags&post=88080"}],"curies":[{"name":"wp","href":"https:\/\/api.w.org\/{rel}","templated":true}]}}