{"id":88067,"date":"2025-05-28T09:26:49","date_gmt":"2025-05-28T15:26:49","guid":{"rendered":"https:\/\/diarioavanzada.com.mx\/?p=88067"},"modified":"2025-05-28T09:26:49","modified_gmt":"2025-05-28T15:26:49","slug":"reforma-al-codigo-penal-en-michoacan-amenaza-la-libertad-de-expresion","status":"publish","type":"post","link":"https:\/\/diarioavanzada.com.mx\/?p=88067","title":{"rendered":"Reforma al C\u00f3digo Penal en Michoac\u00e1n amenaza la libertad de expresi\u00f3n"},"content":{"rendered":"\n<p class=\"s3 wp-block-paragraph\">Morelia, M\u00e9xico, Avanzada (28\/05\/2025).- Organizaciones defensoras de la actividad period\u00edstica y la libertad de expresi\u00f3n manifestaron su rechazo al dictamen mediante el cual el Congreso de Michoac\u00e1n pretende aprobar este mi\u00e9rcoles mediante un albazo legislativo una reforma penal que tipifica la apolog\u00eda del delito.<\/p>\n\n\n\n<p class=\"s3 wp-block-paragraph\">Para la agrupaci\u00f3n Art\u00edculo 19, el&nbsp;dictamen&nbsp;cuestionado&nbsp;\u201ces alarmante\u201d porque \u201csu redacci\u00f3n ambigua y su alcance desproporcionado constituyen una amenaza directa a los derechos humanos\u201d.<\/p>\n\n\n\n<p class=\"s3 wp-block-paragraph\">En un pronunciamiento, la organizaci\u00f3n se\u00f1al\u00f3 que de aprobarse la reforma&nbsp;se sancionar\u00eda a quien \u201cpor cualquier medio haga alusi\u00f3n de personas o grupos delictivos\u201d, es decir,&nbsp;\u201cbastar\u00eda con mencionar o referirse a estos grupos para incurrir en delito penal, por lo que esta formulaci\u00f3n vaga no solo incumple los principios de legalidad y seguridad jur\u00eddica, sino que habilita un margen amplio para la censura y la criminalizaci\u00f3n de voces cr\u00edticas\u201d.<\/p>\n\n\n\n<p class=\"s3 wp-block-paragraph\">A juicio de Art\u00edculo 19 el impacto de la modificaci\u00f3n legislativa \u201cser\u00eda devastador para el ejercicio period\u00edstico en Michoac\u00e1n, pues&nbsp;la cobertura informativa sobre violencia, crimen organizado y seguridad p\u00fablica quedar\u00eda sujeta a persecuci\u00f3n penal, atentando contra el derecho a la informaci\u00f3n de la sociedad y generando un clima de autocensura en un contexto ya de por s\u00ed adverso para la prensa\u201d.<\/p>\n\n\n\n<p class=\"s3 wp-block-paragraph\">Advirti\u00f3&nbsp;que los problemas de seguridad no se combaten silenciando al periodismo ni restringiendo la libertad de expresi\u00f3n, por el contrario, la transparencia y el acceso a la informaci\u00f3n son pilares esenciales para una sociedad democr\u00e1tica y para la construcci\u00f3n de pol\u00edticas p\u00fablicas eficaces.<\/p>\n\n\n\n<p class=\"s3 wp-block-paragraph\">Ante esto,&nbsp;exigi\u00f3&nbsp;al Congreso de Michoac\u00e1n abstenerse de aprobar este dictamen&nbsp;y&nbsp;abrir un proceso legislativo incluyente y riguroso, y garantizar que cualquier reforma penal respete los m\u00e1s altos est\u00e1ndares internacionales en materia de derechos humanos, pues&nbsp;\u201clegislaciones que fomentan el castigo a la expresi\u00f3n no s\u00f3lo son ineficaces, sino profundamente peligrosas\u201d.<\/p>\n\n\n\n<p class=\"s3 wp-block-paragraph\">A su vez, el colectivo&nbsp;#NiUnoM\u00e1s Michoac\u00e1n emiti\u00f3 una alerta&nbsp;frente a lo que se avizora como un&nbsp;albazo&nbsp;para aprobar&nbsp;este mi\u00e9rcoles&nbsp;las reformas al C\u00f3digo Penal del Estado en materia de apolog\u00eda del delito en los t\u00e9rminos propuestos por el gobernador Alfredo Ram\u00edrez Bedolla y que&nbsp;\u201cresultan violatorios de derechos y atentan contra el ejercicio period\u00edstico en esta entidad criminaliz\u00e1ndolo\u201d.<\/p>\n\n\n\n<p class=\"s3 wp-block-paragraph\">Se\u00f1al\u00f3&nbsp;que&nbsp;si bien el asunto no est\u00e1 contemplado en la orden del d\u00eda de la Sesi\u00f3n de Pleno que se hizo p\u00fablica, el dictamen elaborado por la Comisi\u00f3n de Justicia ya fue distribuido a los legisladores para cumplir con el plazo que mandata la Ley para la publicidad de los asuntos que habr\u00e1n de ser abordados, por lo que se prev\u00e9 que el asunto sea incorporado a la orden del d\u00eda antes de su lectura para lograr su aprobaci\u00f3n.<\/p>\n\n\n\n<p class=\"s3 wp-block-paragraph\">El colectivo se quej\u00f3 de que los legisladores no hicieron caso de&nbsp;los llamados,&nbsp;posicionamientos y alertas formulados por ese&nbsp;colectivo, por la Asociaci\u00f3n Michoacana de Periodistas A.C. y por Propuesta C\u00edvica,&nbsp;sobre los riesgos que existen para el ejercicio period\u00edstico en Michoac\u00e1n con la redacci\u00f3n que plante\u00f3 el Ejecutivo del &nbsp;Estado \u2013y ahora replicada en el dictamen de la Comisi\u00f3n de Justicia- que es violatoria de los derechos a la informaci\u00f3n p\u00fablica y el acceso a la informaci\u00f3n de&nbsp;los michoacanos.<\/p>\n\n\n\n<p class=\"s3 wp-block-paragraph\">La presidenta de la Junta de Coordinaci\u00f3n Pol\u00edtica del Congreso, Fabiola Alan\u00eds S\u00e1mano,&nbsp;hab\u00eda ofrecido realizar un ejercicio de parlamento abierto&nbsp;para escuchar propuestas, lo que fue apoyado por&nbsp;los coordinadores parlamentarios del PT, Reyes Galindo Pedraza; del PVEM, Sandra Arreola Ruiz; y por el propio presidente de la Mesa Directiva, Juan Antonio Maga\u00f1a de la Mora.<\/p>\n\n\n\n<p class=\"s3 wp-block-paragraph\">Lo anterior \u201cno se cumpli\u00f3, lo que evidencia no s\u00f3lo falta de voluntad y desinter\u00e9s de los legisladores, sino tambi\u00e9n, una postura c\u00f3mplice frente a los casos de criminalizaci\u00f3n, censura y violencia judicial contra periodistas a causa de la reforma en caso de ser aprobada en sus t\u00e9rminos\u201d.<\/p>\n\n\n\n<p class=\"s3 wp-block-paragraph\">Reiter\u00f3 que&nbsp;la propuesta de decreto&nbsp;contiene&nbsp;elementos que&nbsp;\u201cconsideramos de profunda gravedad y que representan un serio riesgo para el ejercicio period\u00edstico en Michoac\u00e1n, tendientes a invisibilizar el fen\u00f3meno delictivo en el estado a trav\u00e9s de la censura y la criminalizaci\u00f3n de la labor de informar sobre los temas de inter\u00e9s p\u00fablico\u201d.<\/p>\n\n\n\n<figure class=\"wp-block-image size-large\"><img loading=\"lazy\" decoding=\"async\" width=\"1024\" height=\"885\" src=\"https:\/\/diarioavanzada.com.mx\/wp-content\/uploads\/2025\/05\/img_3191-1-1024x885.jpg\" class=\"wp-image-88083\" srcset=\"https:\/\/diarioavanzada.com.mx\/wp-content\/uploads\/2025\/05\/img_3191-1-1024x885.jpg 1024w, https:\/\/diarioavanzada.com.mx\/wp-content\/uploads\/2025\/05\/img_3191-1-300x259.jpg 300w, https:\/\/diarioavanzada.com.mx\/wp-content\/uploads\/2025\/05\/img_3191-1-768x664.jpg 768w, https:\/\/diarioavanzada.com.mx\/wp-content\/uploads\/2025\/05\/img_3191-1-1536x1327.jpg 1536w, https:\/\/diarioavanzada.com.mx\/wp-content\/uploads\/2025\/05\/img_3191-1.jpg 2000w\" sizes=\"auto, (max-width: 1024px) 100vw, 1024px\" \/><\/figure>\n\n\n\n<figure class=\"wp-block-image size-large\"><img loading=\"lazy\" decoding=\"async\" width=\"566\" height=\"273\" src=\"https:\/\/diarioavanzada.com.mx\/wp-content\/uploads\/2025\/05\/img_3192-1.jpg\" class=\"wp-image-88084\" srcset=\"https:\/\/diarioavanzada.com.mx\/wp-content\/uploads\/2025\/05\/img_3192-1.jpg 566w, https:\/\/diarioavanzada.com.mx\/wp-content\/uploads\/2025\/05\/img_3192-1-300x145.jpg 300w\" sizes=\"auto, (max-width: 566px) 100vw, 566px\" \/><\/figure>\n<div class=\"fb-background-color\">\n\t\t\t  <div \n\t\t\t  \tclass = \"fb-comments\" \n\t\t\t  \tdata-href = \"https:\/\/diarioavanzada.com.mx\/?p=88067\"\n\t\t\t  \tdata-numposts = \"10\"\n\t\t\t  \tdata-lazy = \"true\"\n\t\t\t\tdata-colorscheme = \"light\"\n\t\t\t\tdata-order-by = \"social\"\n\t\t\t\tdata-mobile=true>\n\t\t\t  <\/div><\/div>\n\t\t  <style>\n\t\t    .fb-background-color {\n\t\t\t\tbackground:  !important;\n\t\t\t}\n\t\t\t.fb_iframe_widget_fluid_desktop iframe {\n\t\t\t    width: 100% !important;\n\t\t\t}\n\t\t  <\/style>\n\t\t  ","protected":false},"excerpt":{"rendered":"<p>Morelia, M\u00e9xico, Avanzada (28\/05\/2025).- Organizaciones defensoras de la actividad period\u00edstica y la libertad de expresi\u00f3n manifestaron su rechazo al dictamen mediante el cual el Congreso de Michoac\u00e1n pretende aprobar este mi\u00e9rcoles mediante un albazo legislativo una reforma penal que tipifica la apolog\u00eda del delito. Para la agrupaci\u00f3n Art\u00edculo 19, el&nbsp;dictamen&nbsp;cuestionado&nbsp;\u201ces alarmante\u201d porque \u201csu redacci\u00f3n ambigua [&hellip;]<\/p>\n","protected":false},"author":7,"featured_media":88085,"comment_status":"closed","ping_status":"closed","sticky":false,"template":"","format":"standard","meta":{"_coblocks_attr":"","_coblocks_dimensions":"","_coblocks_responsive_height":"","_coblocks_accordion_ie_support":"","_crdt_document":"","advanced_seo_description":"","jetpack_seo_html_title":"","jetpack_seo_noindex":false,"_jetpack_memberships_contains_paid_content":false,"footnotes":""},"categories":[209,22,7,231],"tags":[210],"class_list":["post-88067","post","type-post","status-publish","format-standard","has-post-thumbnail","hentry","category-importantes","category-nacion","category-noticias","category-seguridad","tag-portada"],"jetpack_featured_media_url":"https:\/\/diarioavanzada.com.mx\/wp-content\/uploads\/2025\/05\/img_3194-1.jpg","jetpack-related-posts":[],"jetpack_sharing_enabled":true,"amp_enabled":true,"_links":{"self":[{"href":"https:\/\/diarioavanzada.com.mx\/index.php?rest_route=\/wp\/v2\/posts\/88067","targetHints":{"allow":["GET"]}}],"collection":[{"href":"https:\/\/diarioavanzada.com.mx\/index.php?rest_route=\/wp\/v2\/posts"}],"about":[{"href":"https:\/\/diarioavanzada.com.mx\/index.php?rest_route=\/wp\/v2\/types\/post"}],"author":[{"embeddable":true,"href":"https:\/\/diarioavanzada.com.mx\/index.php?rest_route=\/wp\/v2\/users\/7"}],"replies":[{"embeddable":true,"href":"https:\/\/diarioavanzada.com.mx\/index.php?rest_route=%2Fwp%2Fv2%2Fcomments&post=88067"}],"version-history":[{"count":2,"href":"https:\/\/diarioavanzada.com.mx\/index.php?rest_route=\/wp\/v2\/posts\/88067\/revisions"}],"predecessor-version":[{"id":88086,"href":"https:\/\/diarioavanzada.com.mx\/index.php?rest_route=\/wp\/v2\/posts\/88067\/revisions\/88086"}],"wp:featuredmedia":[{"embeddable":true,"href":"https:\/\/diarioavanzada.com.mx\/index.php?rest_route=\/wp\/v2\/media\/88085"}],"wp:attachment":[{"href":"https:\/\/diarioavanzada.com.mx\/index.php?rest_route=%2Fwp%2Fv2%2Fmedia&parent=88067"}],"wp:term":[{"taxonomy":"category","embeddable":true,"href":"https:\/\/diarioavanzada.com.mx\/index.php?rest_route=%2Fwp%2Fv2%2Fcategories&post=88067"},{"taxonomy":"post_tag","embeddable":true,"href":"https:\/\/diarioavanzada.com.mx\/index.php?rest_route=%2Fwp%2Fv2%2Ftags&post=88067"}],"curies":[{"name":"wp","href":"https:\/\/api.w.org\/{rel}","templated":true}]}}