{"id":88066,"date":"2025-05-28T06:19:11","date_gmt":"2025-05-28T12:19:11","guid":{"rendered":"https:\/\/diarioavanzada.com.mx\/?p=88066"},"modified":"2025-05-28T06:19:11","modified_gmt":"2025-05-28T12:19:11","slug":"las-candidaturas-para-los-juzgados-de-distrito-y-el-tribunal-colegiado-de-apelacion-en-colima","status":"publish","type":"post","link":"https:\/\/diarioavanzada.com.mx\/?p=88066","title":{"rendered":"Las candidaturas para los Juzgados de Distrito y el Tribunal Colegiado de Apelaci\u00f3n en Colima"},"content":{"rendered":"\n<p class=\"s3 wp-block-paragraph\"><strong>Estricto Derecho<\/strong><\/p>\n\n\n\n<p class=\"s3 wp-block-paragraph\">Con esta colaboraci\u00f3n concluimos el an\u00e1lisis de las candidaturas para las elecciones judiciales. Como hemos mencionado, en el estado de Colima recibiremos 9 boletas, 6 para cargos federales y 3 para cargos estatales.&nbsp;<\/p>\n\n\n\n<p class=\"s3 wp-block-paragraph\">En esta ocasi\u00f3n, revisaremos las candidaturas para las elecciones judiciales federales, las cuales ser\u00e1n 6, para elegir titulares: de la Suprema Corte de Justicia de la Naci\u00f3n, del Tribunal de Disciplina Judicial federal, de la Sala Superior y de la Sala Regional Toluca del Tribunal Electoral, de un tribunal colegiado de apelaci\u00f3n y de juzgados de distrito. Al ser pr\u00e1cticamente imposible analizar en este espacio la totalidad de los perfiles, y aun cuando todos estos tribunales pueden conocer de casos originados en nuestro estado, en esta colaboraci\u00f3n \u00fanicamente nos enfocaremos en aquellos que tienen su sede en Colima.<\/p>\n\n\n\n<p class=\"s3 wp-block-paragraph\">Empezamos con el Tribunal Colegiado de Apelaci\u00f3n con residencia en Colima, en el cual hay dos vacantes de magistraturas de circuito, una para un hombre y otra para una mujer. Hay un total de 6 candidaturas para estos dos espacios:&nbsp;2 mujeres que&nbsp;se&nbsp;disputan el espacio correspondiente a su g\u00e9nero, y 4 hombres que est\u00e1n haciendo lo propio.&nbsp;<\/p>\n\n\n\n<p class=\"s3 wp-block-paragraph\">Revisemos las candidaturas correspondientes a estas magistraturas de circuito. Para el espacio correspondiente a una mujer, la primera candidata es Hern\u00e1ndez Alcaraz Cinthya Georgina, quien es licenciada en derecho, tiene estudios de maestr\u00eda, pero no se ha titulado. Tiene experiencia previa en cargos menores dentro del propio Poder Judicial Federal, y actualmente se desempe\u00f1a en el Poder Judicial del Estado como proyectista, en la Primera Sala Penal del Tribunal Superior de Justicia. La otra&nbsp;mujer&nbsp;candidata es Rend\u00f3n Acosta Karla Adriana, quien es abogada por la Universidad de Guadalajara y cuenta con una especialidad en Derecho del Trabajo y Justicia Laboral por la Escuela Federal de Formaci\u00f3n Judicial Es secretaria del Juzgado Tercero de Distrito en el Estado, del propio Poder Judicial Federal, desde noviembre de 2017 a la fecha.&nbsp;<\/p>\n\n\n\n<p class=\"s3 wp-block-paragraph\">Ambas candidatas&nbsp;luchan por la magistratura de&nbsp;circuito vacante, y cualquiera de ellas podr\u00eda resultar electa, siendo competentes ambas. En los famosos \u201cacordeones del bienestar\u201d, la que&nbsp;aparecen&nbsp;como favorecida para este espacio es Cinthya Georgina; en unos d\u00edas veremos si los resultados de la jornada electoral confirman el&nbsp;resultadoque&nbsp;de antemano&nbsp;se anuncia.&nbsp;<\/p>\n\n\n\n<p class=\"s3 wp-block-paragraph\">En&nbsp;el espacio correspondiente a un hombre,&nbsp;hay 4 aspirantes. El primero es Jim\u00e9nez Alc\u00e1ntara Juan Javier, quien es maestro en Derechos Humanos, especialista y licenciada en Derecho, pero solo cuenta con c\u00e9dula de licenciatura. Labora para el Poder Judicial Federal y,desde 2017,&nbsp;ha sido secretario de diversos juzgados y tribunales federales;&nbsp;es un buen perfil. En segundo lugar,est\u00e1 Jim\u00e9nez Carrillo Jos\u00e9 Alfredo, quien aparece&nbsp;bendecido por el&nbsp;oficialismo en los acordeones del bienestar; cuenta con licenciatura en derecho, maestr\u00eda en administraci\u00f3n de justicia y especialidad en derecho procesal civil y mercantil, aunque no&nbsp;tiene&nbsp;c\u00e9dula de esta \u00faltima. Es un candidato ampliamente conocido, ya que desde 1999 es magistrado en el actual Tribunal Superior de Justicia, el cual incluso presidi\u00f3 cuando fue gobernador Silverio Cavazos. Ha tenido una carrera destacada, pero es tiempo de que se retire y ceda la estafeta a las nuevas generaciones, despu\u00e9s de casi 26 a\u00f1os ocupando el cargo de magistrado.<\/p>\n\n\n\n<p class=\"s3 wp-block-paragraph\">Est\u00e1 tambi\u00e9n el actual magistrado en funciones, Jos\u00e9 Luis Monroy Cort\u00e9s, quien cuenta con licenciatura en derecho, maestr\u00eda en derecho constitucional por la UNAM, maestr\u00eda en ciencias penales y especialidad en derechos humanos. Est\u00e1 en el Poder Judicial Federal desde 2009, ha sido juez de distrito especializado en sistema penal acusatorio de 2018 a 2022, y es magistrado del Tribunal Colegiado de Apelaci\u00f3n desde 2022. Por \u00faltimo, est\u00e1 Ortega Vela Jaime Arturo, quien es licenciado en derecho, licenciado en contadur\u00eda p\u00fablica, especialista en justicia administrativa y maestro en ciencias del derecho. Poco se sabe de su candidatura, aunque tiene experiencia en el Tribunal Federal de Justicia Administrativa,&nbsp;pero \u00e9sta es&nbsp;en derecho administrativo, una materia ajena al tribunal colegiado de apelaci\u00f3n.&nbsp;<\/p>\n\n\n\n<p class=\"s3 wp-block-paragraph\">En los juzgados de distrito, hay 10 candidaturas para 4 espacios disponibles. \u00bfCu\u00e1les juzgados est\u00e1n en disputa? Uno es el laboral, para el cual hay 4 candidaturas:&nbsp;3 mujeres y un hombre. Hay dos espacios de juez penal federal, para los cuales hay solo 3 candidatos&nbsp;varones. Y,por \u00faltimo, un juzgado&nbsp;mixto que conoce de amparo, el Juzgado Segundo de Distrito, en el cual tenemos 3 candidaturas:&nbsp;1 mujer y 2 hombres.<\/p>\n\n\n\n<p class=\"s3 wp-block-paragraph\">Vamos con el juzgado laboral, cuyo nombre completo es Tribunal Laboral Federal de Asuntos Individuales, para el cual se postularon 3 mujeres y 1 hombre. La primera mujer es Diana Laura Carranza Buenrostro, licenciada en derecho desde 2018, tiene maestr\u00eda en derecho laboral en 2021 y trabaja en el Centro Federal de Conciliaci\u00f3n y Registro Laboral desde 2023; antes labor\u00f3 en la contralor\u00eda municipal de Manzanillo y fue inspectora en la Delegaci\u00f3n Federal del Trabajo. Tiene experiencia en la materia y el perfil profesional requerido. La segunda mujer es Mac\u00edas \u00c1lvarez Alma Yesenia, quien solo tiene c\u00e9dula de licenciada en derecho, aunque se\u00f1ala que tiene especialidad en derecho laboral y es maestrante en derecho procesal constitucional; ha laborado en diversas instancias que protegen derechos de mujeres en el estado de Michoac\u00e1n, y en cuanto a lo jurisdiccional, se advierte que&nbsp;recientemente inici\u00f3 como&nbsp;oficial judicial en un juzgado de distrito en Tamaulipas. La tercera mujer es Vera Isabel Orozco Preciado, quien cuenta con licenciatura en derecho, maestr\u00eda en justicia de amparo, y especializaci\u00f3n en la reforma de justicia laboral; desde noviembre de 2021 es proyectista en el Tribunal de Justicia Laboral del Poder Judicial del Estado. Anteriormente, de 2019 a 2021, fue presidenta de la Junta Local de Conciliaci\u00f3n y Arbitraje de Manzanillo; tambi\u00e9n cumple con el perfil profesional para el desempe\u00f1o de este cargo.&nbsp;<\/p>\n\n\n\n<p class=\"s3 wp-block-paragraph\">El candidato var\u00f3n es Mames Eusebio Vel\u00e1zquez Velarde, quien aparece&nbsp;como el ganador de este espacio&nbsp;en el acorde\u00f3n del bienestar; cuenta con licenciatura en derecho, especialidad en derecho procesal civil, de la cual s\u00ed tiene c\u00e9dula, y tambi\u00e9n se\u00f1ala que tiene maestr\u00eda en derecho, pero no tiene c\u00e9dula. Tiene experiencia como abogado en el \u00e1mbito privado, y en el sector p\u00fablico menciona que fue procurador de vecinos en el Ayuntamiento de Colima cuando lo presidi\u00f3 Federico Rangel, y desde diciembre de 2021 es asesor de despacho en la Consejer\u00eda Jur\u00eddica del Poder Ejecutivo. Es relevante se\u00f1alar que en la informaci\u00f3n que subi\u00f3 al portal del INE refiri\u00f3 que, aun cuando est\u00e1 en la Consejer\u00eda Jur\u00eddica, sigue litigando de forma privada para empresas a las que tambi\u00e9n asesora, lo cual podr\u00eda configurar un conflicto de inter\u00e9s.&nbsp;<\/p>\n\n\n\n<p class=\"s3 wp-block-paragraph\">Seguimos con&nbsp;los jueces especializados en sistema penal acusatorio, donde hay dos espacios y 3 candidatos. El primero es el actual juez en funciones, Juan Manuel Orozco Gil, quien se\u00f1ala que es doctor en derecho, aunque no est\u00e1 su c\u00e9dula, pero s\u00ed cuenta con c\u00e9dulas de licenciatura, maestr\u00edas y especialidades relacionadas con la justicia penal. Se desempe\u00f1a como juez de distrito en el Centro de Justicia Penal Federal en el Estado desde agosto de 2017 a la fecha. Es una de las cartas principales para este espacio y ser\u00eda positivo que continuara en el cargo. El segundo aspirante es Jorge Luis Saavedra S\u00e1nchez, licenciado en&nbsp;derecho en 2019, maestro en derecho fiscal y corporativo&nbsp;en 2024. Refiere que cuenta con estudios de doctorado en&nbsp;derechos&nbsp;humanos y litigaci\u00f3n oral,&nbsp;pero no se encontr\u00f3 c\u00e9dula. Se desempe\u00f1a en el litigio de manera privada y no cuenta con experiencia en la funci\u00f3n jurisdiccional. Por \u00faltimo, est\u00e1 Carlos Alberto Velasco Gonz\u00e1lez, quien es licenciado en Derecho por la Universidad de Colima desde 2019, y ha ocupado cargos menores en diversos centros de justicia penal federal, incluido el de Colima y, desde 2022, en el Centro de Justicia Penal Federal en el Estado de Quer\u00e9taro, como asistente de constancias y registros.&nbsp;<\/p>\n\n\n\n<p class=\"s3 wp-block-paragraph\">El \u00faltimo juzgado es el que conoce de juicios de amparo, el Juzgado Segundo de Distrito, para el cual hay 3 aspirantes, una mujer y dos varones. La candidata es Josefina Rodr\u00edguez M\u00e9ndez, quien obtuvo su licenciatura en 2005, as\u00ed como una maestr\u00eda en g\u00e9nero, derecho y proceso penal en 2023;&nbsp;se\u00f1ala tambi\u00e9n una maestr\u00eda en derecho con l\u00ednea en derechos humanos, de la cual no tiene c\u00e9dula. Es catedr\u00e1tica de diversas materias en una universidad privada, cuenta con experiencia en el servicio p\u00fablico en la Comisi\u00f3n Ejecutiva Estatal de Atenci\u00f3n a V\u00edctimas, donde labora&nbsp;actualmente, y&nbsp;antes estuvo&nbsp;en el Registro P\u00fablico de la Propiedad y en la Defensor\u00eda de Oficio del Gobierno del Estado, pero no tiene experiencia jurisdiccional. En cuanto al juicio de amparo, solo ha estudiado diplomados.&nbsp;<\/p>\n\n\n\n<p class=\"s3 wp-block-paragraph\">Respecto a los candidatos varones, el primero es Enrique Alejandro Harris Valle, licenciado en derecho en 2014, maestro en administraci\u00f3n p\u00fablica en 2012, y doctor en derecho reci\u00e9n titulado en 2025. Tiene una carrera vinculada con la pol\u00edtica; ha sido regidor, secretario del Ayuntamiento de Manzanillo, secretario privado, asesor jur\u00eddico de una senadora del Partido Verde, asesor en materia legislativa en&nbsp;el&nbsp;Senado, y actualmente&nbsp;est\u00e1&nbsp;en la Universidad Tecnol\u00f3gica de Manzanillo. En materia de amparo, absolutamente nada. Finalmente, el segundo candidato es Juan Carlos P\u00e9rez Mu\u00f1oz, quien es de los bendecidos en el acorde\u00f3n del bienestar, pero es la \u00fanica opci\u00f3n v\u00e1lida, porque los otros perfiles desconocen la materia y no tienen experiencia en el \u00e1mbito jurisdiccional. Es licenciado en derecho por una universidad privada de Guadalajara, titulado en 2016; ha sido secretario de diversos juzgados y tribunales federales, el \u00faltimo aqu\u00ed en Colima, donde se desempe\u00f1a como secretario del Tribunal Colegiado del XXXII&nbsp;Circuito, desde julio de 2023 a la fecha, y actualmente funge como secretario en funciones de magistrado,&nbsp;ante la ausencia del titular.<\/p>\n\n\n\n<p class=\"s3 wp-block-paragraph\">\u00bfPor&nbsp;qui\u00e9nes&nbsp;votar? Para las magistraturas de circuito, por Rend\u00f3n Acosta Karla Adriana y por el magistrado en funciones, Jos\u00e9 Luis Monroy Cort\u00e9s. Para el juzgado de distrito de amparo en materia mixta, Juan Carlos P\u00e9rez Mu\u00f1oz. Para los juzgados de distrito en materia penal, Juan Manuel Oroso, juez en funciones, y Carlos Alberto Velasco. En el juzgado laboral, la mejor opci\u00f3n es Vera Isabel Orozco. Es&nbsp;cuanto.&nbsp;<\/p>\n\n\n\n<p class=\"s3 wp-block-paragraph\"><strong>OTROS\u00cd.<\/strong>&nbsp;De la manera que gusten, pero invol\u00facrense en las elecciones judiciales. Si quieren&nbsp;acudir&nbsp;a votar, h\u00e1ganlo de manera informada; si no, tambi\u00e9n es v\u00e1lido, porque hay razones de sobra para no participar en esta jornada electoral,&nbsp;mas&nbsp;no se desentiendan de las situaciones irregulares que acontezcan. No seamos indiferentes, porque estas elecciones traer\u00e1n muchas consecuencias, no necesariamente positivas, para nuestro pa\u00eds.<\/p>\n<div class=\"fb-background-color\">\n\t\t\t  <div \n\t\t\t  \tclass = \"fb-comments\" \n\t\t\t  \tdata-href = \"https:\/\/diarioavanzada.com.mx\/?p=88066\"\n\t\t\t  \tdata-numposts = \"10\"\n\t\t\t  \tdata-lazy = \"true\"\n\t\t\t\tdata-colorscheme = \"light\"\n\t\t\t\tdata-order-by = \"social\"\n\t\t\t\tdata-mobile=true>\n\t\t\t  <\/div><\/div>\n\t\t  <style>\n\t\t    .fb-background-color {\n\t\t\t\tbackground:  !important;\n\t\t\t}\n\t\t\t.fb_iframe_widget_fluid_desktop iframe {\n\t\t\t    width: 100% !important;\n\t\t\t}\n\t\t  <\/style>\n\t\t  ","protected":false},"excerpt":{"rendered":"<p>Estricto Derecho Con esta colaboraci\u00f3n concluimos el an\u00e1lisis de las candidaturas para las elecciones judiciales. Como hemos mencionado, en el estado de Colima recibiremos 9 boletas, 6 para cargos federales y 3 para cargos estatales.&nbsp; En esta ocasi\u00f3n, revisaremos las candidaturas para las elecciones judiciales federales, las cuales ser\u00e1n 6, para elegir titulares: de la [&hellip;]<\/p>\n","protected":false},"author":15,"featured_media":35726,"comment_status":"closed","ping_status":"closed","sticky":false,"template":"","format":"standard","meta":{"_coblocks_attr":"","_coblocks_dimensions":"","_coblocks_responsive_height":"","_coblocks_accordion_ie_support":"","_crdt_document":"","advanced_seo_description":"","jetpack_seo_html_title":"","jetpack_seo_noindex":false,"_jetpack_memberships_contains_paid_content":false,"footnotes":""},"categories":[19,209,24],"tags":[210],"class_list":["post-88066","post","type-post","status-publish","format-standard","has-post-thumbnail","hentry","category-colima","category-importantes","category-opinion","tag-portada"],"jetpack_featured_media_url":"https:\/\/diarioavanzada.com.mx\/wp-content\/uploads\/2022\/08\/Rumualdo.jpeg","jetpack-related-posts":[],"jetpack_sharing_enabled":true,"amp_enabled":true,"_links":{"self":[{"href":"https:\/\/diarioavanzada.com.mx\/index.php?rest_route=\/wp\/v2\/posts\/88066","targetHints":{"allow":["GET"]}}],"collection":[{"href":"https:\/\/diarioavanzada.com.mx\/index.php?rest_route=\/wp\/v2\/posts"}],"about":[{"href":"https:\/\/diarioavanzada.com.mx\/index.php?rest_route=\/wp\/v2\/types\/post"}],"author":[{"embeddable":true,"href":"https:\/\/diarioavanzada.com.mx\/index.php?rest_route=\/wp\/v2\/users\/15"}],"replies":[{"embeddable":true,"href":"https:\/\/diarioavanzada.com.mx\/index.php?rest_route=%2Fwp%2Fv2%2Fcomments&post=88066"}],"version-history":[{"count":0,"href":"https:\/\/diarioavanzada.com.mx\/index.php?rest_route=\/wp\/v2\/posts\/88066\/revisions"}],"wp:featuredmedia":[{"embeddable":true,"href":"https:\/\/diarioavanzada.com.mx\/index.php?rest_route=\/wp\/v2\/media\/35726"}],"wp:attachment":[{"href":"https:\/\/diarioavanzada.com.mx\/index.php?rest_route=%2Fwp%2Fv2%2Fmedia&parent=88066"}],"wp:term":[{"taxonomy":"category","embeddable":true,"href":"https:\/\/diarioavanzada.com.mx\/index.php?rest_route=%2Fwp%2Fv2%2Fcategories&post=88066"},{"taxonomy":"post_tag","embeddable":true,"href":"https:\/\/diarioavanzada.com.mx\/index.php?rest_route=%2Fwp%2Fv2%2Ftags&post=88066"}],"curies":[{"name":"wp","href":"https:\/\/api.w.org\/{rel}","templated":true}]}}