{"id":88060,"date":"2025-05-27T21:53:42","date_gmt":"2025-05-28T03:53:42","guid":{"rendered":"https:\/\/diarioavanzada.com.mx\/?p=88060"},"modified":"2025-05-27T21:53:42","modified_gmt":"2025-05-28T03:53:42","slug":"incendio-consume-casa-de-lamina-y-madera-en-mirador-de-la-cumbre-ii","status":"publish","type":"post","link":"https:\/\/diarioavanzada.com.mx\/?p=88060","title":{"rendered":"Incendio consume casa de l\u00e1mina y madera en Mirador de la Cumbre II"},"content":{"rendered":"\n<p class=\"p1 wp-block-paragraph\">Colima, M\u00e9xico, Avanzada (27\/05\/2025).- La noche de este martes, un incendio consumi\u00f3 por completo una vivienda de l\u00e1mina, madera y cart\u00f3n ubicada en la calle Veracruz de la colonia Mirador de la Cumbre II, en la capital del estado. Protecci\u00f3n Civil Estatal de Colima, en coordinaci\u00f3n con bomberos voluntarios, logr\u00f3 sofocar las llamas y evitar que el fuego se propagara a predios vecinos.<\/p>\n\n\n\n<p class=\"p1 wp-block-paragraph\">Afortunadamente, no se registraron personas lesionadas, aunque los da\u00f1os materiales fueron totales debido a la construcci\u00f3n precaria del inmueble. Las autoridades destacaron que la pronta intervenci\u00f3n de los equipos de emergencia fue clave para controlar el siniestro.<\/p>\n\n\n\n<p class=\"p1 wp-block-paragraph\">Protecci\u00f3n Civil exhort\u00f3 a la poblaci\u00f3n a reportar cualquier situaci\u00f3n de emergencia al 911 y a evitar almacenar basura o arrojar colillas de cigarro en predios, ya que estas acciones pueden desencadenar incendios.<\/p>\n\n\n\n<figure class=\"wp-block-image\"><img loading=\"lazy\" decoding=\"async\" width=\"300\" height=\"225\" src=\"https:\/\/diarioavanzada.com.mx\/wp-content\/uploads\/2025\/05\/05b28416-c4eb-4db4-a91f-5cd5aab48f73-77420-00002c1782f0cca4_file-300x225.jpg\" alt=\"\" class=\"wp-image-88058\" srcset=\"https:\/\/diarioavanzada.com.mx\/wp-content\/uploads\/2025\/05\/05b28416-c4eb-4db4-a91f-5cd5aab48f73-77420-00002c1782f0cca4_file-300x225.jpg 300w, https:\/\/diarioavanzada.com.mx\/wp-content\/uploads\/2025\/05\/05b28416-c4eb-4db4-a91f-5cd5aab48f73-77420-00002c1782f0cca4_file-768x576.jpg 768w, https:\/\/diarioavanzada.com.mx\/wp-content\/uploads\/2025\/05\/05b28416-c4eb-4db4-a91f-5cd5aab48f73-77420-00002c1782f0cca4_file.jpg 960w\" sizes=\"auto, (max-width: 300px) 100vw, 300px\" \/><\/figure>\n\n\n\n<figure class=\"wp-block-image\"><img loading=\"lazy\" decoding=\"async\" width=\"1024\" height=\"768\" src=\"https:\/\/diarioavanzada.com.mx\/wp-content\/uploads\/2025\/05\/a651f953-0610-4317-a290-29ce117d5194-77420-00002c1782f92bbe_file-1024x768.jpg\" alt=\"\" class=\"wp-image-88057\" srcset=\"https:\/\/diarioavanzada.com.mx\/wp-content\/uploads\/2025\/05\/a651f953-0610-4317-a290-29ce117d5194-77420-00002c1782f92bbe_file-1024x768.jpg 1024w, https:\/\/diarioavanzada.com.mx\/wp-content\/uploads\/2025\/05\/a651f953-0610-4317-a290-29ce117d5194-77420-00002c1782f92bbe_file-300x225.jpg 300w, https:\/\/diarioavanzada.com.mx\/wp-content\/uploads\/2025\/05\/a651f953-0610-4317-a290-29ce117d5194-77420-00002c1782f92bbe_file-768x576.jpg 768w, https:\/\/diarioavanzada.com.mx\/wp-content\/uploads\/2025\/05\/a651f953-0610-4317-a290-29ce117d5194-77420-00002c1782f92bbe_file-1536x1152.jpg 1536w, https:\/\/diarioavanzada.com.mx\/wp-content\/uploads\/2025\/05\/a651f953-0610-4317-a290-29ce117d5194-77420-00002c1782f92bbe_file.jpg 1600w\" sizes=\"auto, (max-width: 1024px) 100vw, 1024px\" \/><\/figure>\n<div class=\"fb-background-color\">\n\t\t\t  <div \n\t\t\t  \tclass = \"fb-comments\" \n\t\t\t  \tdata-href = \"https:\/\/diarioavanzada.com.mx\/?p=88060\"\n\t\t\t  \tdata-numposts = \"10\"\n\t\t\t  \tdata-lazy = \"true\"\n\t\t\t\tdata-colorscheme = \"light\"\n\t\t\t\tdata-order-by = \"social\"\n\t\t\t\tdata-mobile=true>\n\t\t\t  <\/div><\/div>\n\t\t  <style>\n\t\t    .fb-background-color {\n\t\t\t\tbackground:  !important;\n\t\t\t}\n\t\t\t.fb_iframe_widget_fluid_desktop iframe {\n\t\t\t    width: 100% !important;\n\t\t\t}\n\t\t  <\/style>\n\t\t  ","protected":false},"excerpt":{"rendered":"<p>Colima, M\u00e9xico, Avanzada (27\/05\/2025).- La noche de este martes, un incendio consumi\u00f3 por completo una vivienda de l\u00e1mina, madera y cart\u00f3n ubicada en la calle Veracruz de la colonia Mirador de la Cumbre II, en la capital del estado. Protecci\u00f3n Civil Estatal de Colima, en coordinaci\u00f3n con bomberos voluntarios, logr\u00f3 sofocar las llamas y evitar [&hellip;]<\/p>\n","protected":false},"author":7,"featured_media":88059,"comment_status":"closed","ping_status":"closed","sticky":false,"template":"","format":"standard","meta":{"_coblocks_attr":"","_coblocks_dimensions":"","_coblocks_responsive_height":"","_coblocks_accordion_ie_support":"","_crdt_document":"","advanced_seo_description":"","jetpack_seo_html_title":"","jetpack_seo_noindex":false,"_jetpack_memberships_contains_paid_content":false,"footnotes":""},"categories":[19,209,21,231],"tags":[210],"class_list":["post-88060","post","type-post","status-publish","format-standard","has-post-thumbnail","hentry","category-colima","category-importantes","category-municipios","category-seguridad","tag-portada"],"jetpack_featured_media_url":"https:\/\/diarioavanzada.com.mx\/wp-content\/uploads\/2025\/05\/img_3415-1-1.jpg","jetpack-related-posts":[],"jetpack_sharing_enabled":true,"amp_enabled":true,"_links":{"self":[{"href":"https:\/\/diarioavanzada.com.mx\/index.php?rest_route=\/wp\/v2\/posts\/88060","targetHints":{"allow":["GET"]}}],"collection":[{"href":"https:\/\/diarioavanzada.com.mx\/index.php?rest_route=\/wp\/v2\/posts"}],"about":[{"href":"https:\/\/diarioavanzada.com.mx\/index.php?rest_route=\/wp\/v2\/types\/post"}],"author":[{"embeddable":true,"href":"https:\/\/diarioavanzada.com.mx\/index.php?rest_route=\/wp\/v2\/users\/7"}],"replies":[{"embeddable":true,"href":"https:\/\/diarioavanzada.com.mx\/index.php?rest_route=%2Fwp%2Fv2%2Fcomments&post=88060"}],"version-history":[{"count":0,"href":"https:\/\/diarioavanzada.com.mx\/index.php?rest_route=\/wp\/v2\/posts\/88060\/revisions"}],"wp:featuredmedia":[{"embeddable":true,"href":"https:\/\/diarioavanzada.com.mx\/index.php?rest_route=\/wp\/v2\/media\/88059"}],"wp:attachment":[{"href":"https:\/\/diarioavanzada.com.mx\/index.php?rest_route=%2Fwp%2Fv2%2Fmedia&parent=88060"}],"wp:term":[{"taxonomy":"category","embeddable":true,"href":"https:\/\/diarioavanzada.com.mx\/index.php?rest_route=%2Fwp%2Fv2%2Fcategories&post=88060"},{"taxonomy":"post_tag","embeddable":true,"href":"https:\/\/diarioavanzada.com.mx\/index.php?rest_route=%2Fwp%2Fv2%2Ftags&post=88060"}],"curies":[{"name":"wp","href":"https:\/\/api.w.org\/{rel}","templated":true}]}}