{"id":88056,"date":"2025-05-27T21:36:18","date_gmt":"2025-05-28T03:36:18","guid":{"rendered":"https:\/\/diarioavanzada.com.mx\/?p=88056"},"modified":"2025-05-27T21:36:18","modified_gmt":"2025-05-28T03:36:18","slug":"asesinan-mujeres-hieren-ninos-y-queman-autos-indira-dice-que-bonito-martes-hemos-tenido","status":"publish","type":"post","link":"https:\/\/diarioavanzada.com.mx\/?p=88056","title":{"rendered":"Asesinan mujeres, hieren ni\u00f1os y queman autos; Indira dice: \u201c\u00a1Qu\u00e9 bonito martes hemos tenido!\u201d"},"content":{"rendered":"\n<p class=\"p1 wp-block-paragraph\">Colima, M\u00e9xico, Avanzada (27\/05\/2025).- La violencia en el estado de Colima contin\u00faa sin tregua. En los \u00faltimos d\u00edas, autom\u00f3viles han sido incendiados, personas han sido asesinadas en la v\u00eda p\u00fablica y se registran nuevas desapariciones. A esto se suma el creciente malestar laboral: trabajadores de la seguridad p\u00fablica denuncian violaciones a sus derechos, empleados de la iniciativa privada realizaron paro laboral en la empresa Grupo Mar Industrias y el conflicto en la aduana de Manzanillo, que ya acumula m\u00e1s de 10 d\u00edas, mantiene semiparalizadas las operaciones en uno de los principales puntos de ingreso del pa\u00eds.<\/p>\n\n\n\n<p class=\"p1 wp-block-paragraph\">Sin embargo, en medio de esta profunda crisis social y econ\u00f3mica, la gobernadora de Colima, Indira Vizca\u00edno Silva, parece mantenerse ajena a los problemas que aquejan al estado. En sus intervenciones p\u00fablicas y publicaciones en redes sociales, la mandataria opta por ignorar por completo los episodios de violencia y las demandas laborales que afectan a miles de colimenses.<\/p>\n\n\n\n<p class=\"p1 wp-block-paragraph\">Hoy, mientras una mujer de 65 a\u00f1os fue brutalmente asesinada dentro de su domicilio, frente a dos menores de apenas 5 y 10 a\u00f1os que resultaron heridos \u2014un hecho que seguramente marcar\u00e1 sus vidas para siempre\u2014, la gobernadora escribi\u00f3 en sus redes: \u201c\u00a1Qu\u00e9 bonito martes hemos tenido! \ud83d\udc9c La energ\u00eda que se siente en los eventos de #ColiBecas es simplemente inexplicable\u201d. Esta publicaci\u00f3n, que alude a su participaci\u00f3n en eventos protocolarios para la entrega de becas escolares, evidencia una desconexi\u00f3n dolorosa entre el discurso oficial y la realidad que viven las familias colimenses.<\/p>\n\n\n\n<p class=\"p1 wp-block-paragraph\">Ayer, mientras trabajadores de diferentes sectores exig\u00edan mejores condiciones laborales y la inseguridad continuaba extendi\u00e9ndose, Vizca\u00edno particip\u00f3 en un evento del Torneo Nacional de F\u00fatbol Escolar, donde brome\u00f3 sobre la derrota del Club Am\u00e9rica en la final del f\u00fatbol mexicano. \u201cDoy mi m\u00e1s sentido p\u00e9same a los aficionados del Am\u00e9rica\u201d, dijo la mandataria, sin hacer una sola menci\u00f3n a los problemas que aquejan al estado.<\/p>\n\n\n\n<p class=\"p1 wp-block-paragraph\">Antier, mientras los habitantes de Manzanillo enfrentaban los problemas ocasionados por el conflicto laboral de la aduana \u2014que afecta no s\u00f3lo al puerto sino a la econom\u00eda estatal\u2014, la gobernadora ponderaba en sus redes el \u201cFestival Costero del Papalote\u201d, destacando la m\u00fasica y la alegr\u00eda de un evento tur\u00edstico que, aunque positivo, resulta irrelevante frente a la magnitud de las crisis que atraviesa Colima.<\/p>\n\n\n\n<p class=\"p1 wp-block-paragraph\">El contraste entre el discurso oficial y la realidad es m\u00e1s que evidente: mientras las calles se ti\u00f1en de sangre y las familias sufren la p\u00e9rdida de seres queridos, la mandataria se muestra despreocupada, centrada en eventos que le permiten proyectar una imagen controlada y optimista. Las publicaciones oficiales ignoran los reclamos y el dolor de los ciudadanos, dejando en evidencia que la narrativa gubernamental privilegia la imagen por encima de la acci\u00f3n concreta para resolver los problemas que hoy mantienen a Colima sumido en la incertidumbre y el temor.<\/p>\n\n\n\n<p class=\"p1 wp-block-paragraph\"><\/p>\n<div class=\"fb-background-color\">\n\t\t\t  <div \n\t\t\t  \tclass = \"fb-comments\" \n\t\t\t  \tdata-href = \"https:\/\/diarioavanzada.com.mx\/?p=88056\"\n\t\t\t  \tdata-numposts = \"10\"\n\t\t\t  \tdata-lazy = \"true\"\n\t\t\t\tdata-colorscheme = \"light\"\n\t\t\t\tdata-order-by = \"social\"\n\t\t\t\tdata-mobile=true>\n\t\t\t  <\/div><\/div>\n\t\t  <style>\n\t\t    .fb-background-color {\n\t\t\t\tbackground:  !important;\n\t\t\t}\n\t\t\t.fb_iframe_widget_fluid_desktop iframe {\n\t\t\t    width: 100% !important;\n\t\t\t}\n\t\t  <\/style>\n\t\t  ","protected":false},"excerpt":{"rendered":"<p>Colima, M\u00e9xico, Avanzada (27\/05\/2025).- La violencia en el estado de Colima contin\u00faa sin tregua. En los \u00faltimos d\u00edas, autom\u00f3viles han sido incendiados, personas han sido asesinadas en la v\u00eda p\u00fablica y se registran nuevas desapariciones. A esto se suma el creciente malestar laboral: trabajadores de la seguridad p\u00fablica denuncian violaciones a sus derechos, empleados de [&hellip;]<\/p>\n","protected":false},"author":7,"featured_media":88055,"comment_status":"closed","ping_status":"closed","sticky":false,"template":"","format":"standard","meta":{"_coblocks_attr":"","_coblocks_dimensions":"","_coblocks_responsive_height":"","_coblocks_accordion_ie_support":"","_crdt_document":"","advanced_seo_description":"","jetpack_seo_html_title":"","jetpack_seo_noindex":false,"_jetpack_memberships_contains_paid_content":false,"footnotes":""},"categories":[19,209,7,231],"tags":[210],"class_list":["post-88056","post","type-post","status-publish","format-standard","has-post-thumbnail","hentry","category-colima","category-importantes","category-noticias","category-seguridad","tag-portada"],"jetpack_featured_media_url":"https:\/\/diarioavanzada.com.mx\/wp-content\/uploads\/2025\/05\/img_3410-1.jpg","jetpack-related-posts":[],"jetpack_sharing_enabled":true,"amp_enabled":true,"_links":{"self":[{"href":"https:\/\/diarioavanzada.com.mx\/index.php?rest_route=\/wp\/v2\/posts\/88056","targetHints":{"allow":["GET"]}}],"collection":[{"href":"https:\/\/diarioavanzada.com.mx\/index.php?rest_route=\/wp\/v2\/posts"}],"about":[{"href":"https:\/\/diarioavanzada.com.mx\/index.php?rest_route=\/wp\/v2\/types\/post"}],"author":[{"embeddable":true,"href":"https:\/\/diarioavanzada.com.mx\/index.php?rest_route=\/wp\/v2\/users\/7"}],"replies":[{"embeddable":true,"href":"https:\/\/diarioavanzada.com.mx\/index.php?rest_route=%2Fwp%2Fv2%2Fcomments&post=88056"}],"version-history":[{"count":0,"href":"https:\/\/diarioavanzada.com.mx\/index.php?rest_route=\/wp\/v2\/posts\/88056\/revisions"}],"wp:featuredmedia":[{"embeddable":true,"href":"https:\/\/diarioavanzada.com.mx\/index.php?rest_route=\/wp\/v2\/media\/88055"}],"wp:attachment":[{"href":"https:\/\/diarioavanzada.com.mx\/index.php?rest_route=%2Fwp%2Fv2%2Fmedia&parent=88056"}],"wp:term":[{"taxonomy":"category","embeddable":true,"href":"https:\/\/diarioavanzada.com.mx\/index.php?rest_route=%2Fwp%2Fv2%2Fcategories&post=88056"},{"taxonomy":"post_tag","embeddable":true,"href":"https:\/\/diarioavanzada.com.mx\/index.php?rest_route=%2Fwp%2Fv2%2Ftags&post=88056"}],"curies":[{"name":"wp","href":"https:\/\/api.w.org\/{rel}","templated":true}]}}