{"id":88053,"date":"2025-05-27T20:23:45","date_gmt":"2025-05-28T02:23:45","guid":{"rendered":"https:\/\/diarioavanzada.com.mx\/?p=88053"},"modified":"2025-05-27T20:23:45","modified_gmt":"2025-05-28T02:23:45","slug":"ayuntamiento-de-colima-pone-en-marcha-la-campana-mas-cerca-por-ti","status":"publish","type":"post","link":"https:\/\/diarioavanzada.com.mx\/?p=88053","title":{"rendered":"Ayuntamiento de Colima pone en marcha la campa\u00f1a \u201cM\u00e1s cerca, por ti\u201d"},"content":{"rendered":"\n<p class=\"wp-block-paragraph\"><em>Busca agilizar la prestaci\u00f3n de servicios y evitar que las personas se vean en la necesidad de trasladarse hasta el centro de la ciudad, a efectuar tr\u00e1mites.<\/em><\/p>\n\n\n\n<p class=\"wp-block-paragraph\">Colima, Colima, Comunicado (27\/05\/2025).- El Ayuntamiento de Colima, implement\u00f3 desde este lunes, la campa\u00f1a denominada \u201cM\u00e1s cerca, por ti\u201d, mediante la cual se pretende facilitar los tr\u00e1mites que la poblaci\u00f3n acude a tramitar ante las diversas dependencias municipales.<\/p>\n\n\n\n<p class=\"wp-block-paragraph\">Con esta campa\u00f1a, el Ayuntamiento de Colima, persigue en forma permanente, a trav\u00e9s de \u201cM\u00e1s cerca, por ti\u201d, agilizar todos los programas y acciones que se prestan en la administraci\u00f3n municipal, a trav\u00e9s de las diversas dependencias de la administraci\u00f3n, lo que redundar\u00e1 en que los servicios se ofrezcan en menor tiempo al momento de acudir a realizar los tr\u00e1mites.<\/p>\n\n\n\n<p class=\"wp-block-paragraph\">En esta campa\u00f1a del Ayuntamiento de Colima, estar\u00e1n participando la Direcci\u00f3n del Registro Civil, la Direcci\u00f3n de Desarrollo Econ\u00f3mico y otras \u00e1reas involucradas, en la expedici\u00f3n de la licencia SARE, a fin de agilizar los tr\u00e1mites cuando acudan a tramitar cualquier tipo de licencia y que el mismo d\u00eda se puedan concluir, eliminando toda barrera burocr\u00e1tica y con ello prestar un mejor servicio.<\/p>\n\n\n\n<p class=\"wp-block-paragraph\">En esta campa\u00f1a estar\u00e1n involucradas la Direcci\u00f3n del Pante\u00f3n Municipal, la Direcci\u00f3n de Abasto y Comercializaci\u00f3n, la Tesorer\u00eda municipal y los Juzgados C\u00edvicos y la Unidad Municipal de Protecci\u00f3n Civil, la Secretar\u00eda del Ayuntamiento, entre otras dependencias.<\/p>\n\n\n\n<p class=\"wp-block-paragraph\">El principal objetivo de la campa\u00f1a \u201cM\u00e1s cerca, por ti\u201d, es ofrecer todos los servicios de la administraci\u00f3n municipal, a trav\u00e9s de diversos m\u00f3dulos, ubicados en distintas direcciones, a fin de evitar grandes desplazamientos a quienes lo requieren y no solamente acudan a las oficinas centrales del Ayuntamiento por la calle Torres Quintero-<\/p>\n\n\n\n<p class=\"wp-block-paragraph\">Se quiere, que, con esta campa\u00f1a, evitar que tengan que hacer grandes desplazamientos, y de esta manera estar en condiciones de ahorrarles tiempo y recursos a los ciudadanos al momento de acudir a realizar alg\u00fan tr\u00e1mite o servicio.<\/p>\n\n\n\n<p class=\"wp-block-paragraph\"><\/p>\n<div class=\"fb-background-color\">\n\t\t\t  <div \n\t\t\t  \tclass = \"fb-comments\" \n\t\t\t  \tdata-href = \"https:\/\/diarioavanzada.com.mx\/?p=88053\"\n\t\t\t  \tdata-numposts = \"10\"\n\t\t\t  \tdata-lazy = \"true\"\n\t\t\t\tdata-colorscheme = \"light\"\n\t\t\t\tdata-order-by = \"social\"\n\t\t\t\tdata-mobile=true>\n\t\t\t  <\/div><\/div>\n\t\t  <style>\n\t\t    .fb-background-color {\n\t\t\t\tbackground:  !important;\n\t\t\t}\n\t\t\t.fb_iframe_widget_fluid_desktop iframe {\n\t\t\t    width: 100% !important;\n\t\t\t}\n\t\t  <\/style>\n\t\t  ","protected":false},"excerpt":{"rendered":"<p>Busca agilizar la prestaci\u00f3n de servicios y evitar que las personas se vean en la necesidad de trasladarse hasta el centro de la ciudad, a efectuar tr\u00e1mites. Colima, Colima, Comunicado (27\/05\/2025).- El Ayuntamiento de Colima, implement\u00f3 desde este lunes, la campa\u00f1a denominada \u201cM\u00e1s cerca, por ti\u201d, mediante la cual se pretende facilitar los tr\u00e1mites que [&hellip;]<\/p>\n","protected":false},"author":7,"featured_media":88052,"comment_status":"closed","ping_status":"closed","sticky":false,"template":"","format":"standard","meta":{"_coblocks_attr":"","_coblocks_dimensions":"","_coblocks_responsive_height":"","_coblocks_accordion_ie_support":"","_crdt_document":"","advanced_seo_description":"","jetpack_seo_html_title":"","jetpack_seo_noindex":false,"_jetpack_memberships_contains_paid_content":false,"footnotes":""},"categories":[19,209,21,7],"tags":[],"class_list":["post-88053","post","type-post","status-publish","format-standard","has-post-thumbnail","hentry","category-colima","category-importantes","category-municipios","category-noticias"],"jetpack_featured_media_url":"https:\/\/diarioavanzada.com.mx\/wp-content\/uploads\/2025\/05\/4d77afc6-e587-420a-b34f-7b25c042adb6-1.jpg","jetpack-related-posts":[],"jetpack_sharing_enabled":true,"amp_enabled":true,"_links":{"self":[{"href":"https:\/\/diarioavanzada.com.mx\/index.php?rest_route=\/wp\/v2\/posts\/88053","targetHints":{"allow":["GET"]}}],"collection":[{"href":"https:\/\/diarioavanzada.com.mx\/index.php?rest_route=\/wp\/v2\/posts"}],"about":[{"href":"https:\/\/diarioavanzada.com.mx\/index.php?rest_route=\/wp\/v2\/types\/post"}],"author":[{"embeddable":true,"href":"https:\/\/diarioavanzada.com.mx\/index.php?rest_route=\/wp\/v2\/users\/7"}],"replies":[{"embeddable":true,"href":"https:\/\/diarioavanzada.com.mx\/index.php?rest_route=%2Fwp%2Fv2%2Fcomments&post=88053"}],"version-history":[{"count":0,"href":"https:\/\/diarioavanzada.com.mx\/index.php?rest_route=\/wp\/v2\/posts\/88053\/revisions"}],"wp:featuredmedia":[{"embeddable":true,"href":"https:\/\/diarioavanzada.com.mx\/index.php?rest_route=\/wp\/v2\/media\/88052"}],"wp:attachment":[{"href":"https:\/\/diarioavanzada.com.mx\/index.php?rest_route=%2Fwp%2Fv2%2Fmedia&parent=88053"}],"wp:term":[{"taxonomy":"category","embeddable":true,"href":"https:\/\/diarioavanzada.com.mx\/index.php?rest_route=%2Fwp%2Fv2%2Fcategories&post=88053"},{"taxonomy":"post_tag","embeddable":true,"href":"https:\/\/diarioavanzada.com.mx\/index.php?rest_route=%2Fwp%2Fv2%2Ftags&post=88053"}],"curies":[{"name":"wp","href":"https:\/\/api.w.org\/{rel}","templated":true}]}}