{"id":88039,"date":"2025-05-27T18:14:29","date_gmt":"2025-05-28T00:14:29","guid":{"rendered":"https:\/\/diarioavanzada.com.mx\/?p=88039"},"modified":"2025-05-27T18:14:29","modified_gmt":"2025-05-28T00:14:29","slug":"organizan-estudiantes-exitoso-simposio-sobre-transformacion-digital-y-liderazgo-empresarial","status":"publish","type":"post","link":"https:\/\/diarioavanzada.com.mx\/?p=88039","title":{"rendered":"Organizan estudiantes exitoso simposio sobre transformaci\u00f3n digital y liderazgo empresarial"},"content":{"rendered":"\n<p class=\"wp-block-paragraph\"><em>El evento, dise\u00f1ado para promover el liderazgo integral y la innovaci\u00f3n empresarial, se centr\u00f3 en tres ejes fundamentales: la digitalizaci\u00f3n, la cultura organizacional y las buenas pr\u00e1cticas en la gesti\u00f3n del capital humano.<\/em><\/p>\n\n\n\n<p class=\"wp-block-paragraph\">Colima, M\u00e9xico, Comunicado (27\/05\/2025).- La Facultad de Contabilidad y Administraci\u00f3n-Manzanillo de la Universidad de Colima (UdeC) llev\u00f3 a cabo el Simposio \u201cL\u00edder 360: transformaci\u00f3n digital y cultural organizacional\u201d, los d\u00edas 22 y 23 de mayo en las instalaciones del Centro de Tecnolog\u00eda Educativa, campus El Naranjo.<\/p>\n\n\n\n<p class=\"wp-block-paragraph\">El evento, dise\u00f1ado para promover el liderazgo integral y la innovaci\u00f3n empresarial, se centr\u00f3 en tres ejes fundamentales: la digitalizaci\u00f3n, la cultura organizacional y las buenas pr\u00e1cticas en la gesti\u00f3n del capital humano.<\/p>\n\n\n\n<p class=\"wp-block-paragraph\">Proyecto acad\u00e9mico integral<\/p>\n\n\n\n<p class=\"wp-block-paragraph\">Lo destacable de esta iniciativa es que fue completamente desarrollada por estudiantes del sexto semestre de Administraci\u00f3n como parte de su proyecto integrador. Seg\u00fan explic\u00f3 Martha Beatriz Santana Escobar, profesora de la facultad, la programaci\u00f3n del simposio integr\u00f3 el trabajo de 4 materias: \u201cHabilidades directivas\u201d, \u201cEvaluaci\u00f3n de proyectos de inversi\u00f3n\u201d, \u201cEstrategias promocionales\u201d y \u201cSistemas de control administrativo\u201d.<\/p>\n\n\n\n<p class=\"wp-block-paragraph\">\u201cLos y las estudiantes desarrollaron estrategias y competencias de manera integral. Su trabajo abarc\u00f3 desde la b\u00fasqueda de patrocinadores hasta el desarrollo completo del evento y su presentaci\u00f3n\u201d, detall\u00f3 la maestra Santana.<\/p>\n\n\n\n<p class=\"wp-block-paragraph\">El proyecto fue supervisado por un equipo docente conformado por Martha Beatriz Santana Escobar, Consuelo Soto God\u00ednez, Felipe de Jes\u00fas Sandoval, Felipe Larra\u00f1aga Pelayo y la directora del plantel, Elizabeth Sof\u00eda Alonso Hern\u00e1ndez.<\/p>\n\n\n\n<p class=\"wp-block-paragraph\">Experiencia formativa<\/p>\n\n\n\n<p class=\"wp-block-paragraph\">Michel Cabrera, estudiante de administraci\u00f3n, destac\u00f3 el valor formativo de la experiencia: \u201cOrganizar este simposio fue algo completamente nuevo para nosotros. Cada acci\u00f3n que realizamos durante la organizaci\u00f3n, desde buscar patrocinadores y ponentes hasta desarrollar talleres y mesas de trabajo, result\u00f3 muy enriquecedora porque nos dio la oportunidad de mejorar nuestra comunicaci\u00f3n y poner en pr\u00e1ctica lo aprendido durante la carrera\u201d.<\/p>\n\n\n\n<p class=\"wp-block-paragraph\">Programa acad\u00e9mico<\/p>\n\n\n\n<p class=\"wp-block-paragraph\">El simposio cont\u00f3 con dos conferencias plenaria: \u201cLiderazgo 5.0\u201d, con Fernando Ruiz Garc\u00eda, quien abord\u00f3 las nuevas competencias que deben desarrollar los l\u00edderes en el entorno empresarial actual y \u201cLiderazgo emprendedor\u201d, por Alba P\u00e9rez Rosas, enfocada en impulsar una mentalidad innovadora y resiliente en las nuevas generaciones<\/p>\n\n\n\n<p class=\"wp-block-paragraph\">Adem\u00e1s, se desarrollaron 5 mesas tem\u00e1ticas que permitieron un di\u00e1logo profundo sobre temas de actualidad empresarial: Legislaci\u00f3n laboral (Ulises Madrigal), Violencia laboral y protocolo de prevenci\u00f3n (Perla Garc\u00eda), Seguridad y salud laboral (Perla Figueroa), Buenas pr\u00e1cticas de gesti\u00f3n del talento humano (Karina Jim\u00e9nez) y C\u00f3mo hacer una empresa rentable (Ariel Urdiales Galindo)<\/p>\n\n\n\n<p class=\"wp-block-paragraph\">El programa se complement\u00f3 con 5 talleres especializados: Relaciones laborales (Jos\u00e9 Bernardino), Salud emocional (Julio Ch\u00e1vez), Inteligencia artificial aplicada a las organizaciones (Walter Mata L\u00f3pez), Pr\u00e1cticas de Recursos Humanos, Seguridad y Salud Ocupacional (Ricardo Agurto) e Innovaci\u00f3n consciente: liderazgo con responsabilidad (Valeria Velazco)<\/p>\n\n\n\n<p class=\"wp-block-paragraph\">Este simposio muestra c\u00f3mo la educaci\u00f3n superior puede vincular la teor\u00eda con la pr\u00e1ctica, ofreciendo a los y las estudiantes la oportunidad de desarrollar competencias profesionales mientras generan valor para la comunidad empresarial de la regi\u00f3n.<\/p>\n\n\n\n<figure class=\"wp-block-image size-large\"><img loading=\"lazy\" decoding=\"async\" width=\"1024\" height=\"683\" src=\"https:\/\/diarioavanzada.com.mx\/wp-content\/uploads\/2025\/05\/Realizan-simposio-Lider-360-transformacion-digital-1024x683.jpg\" alt=\"\" class=\"wp-image-88043\" srcset=\"https:\/\/diarioavanzada.com.mx\/wp-content\/uploads\/2025\/05\/Realizan-simposio-Lider-360-transformacion-digital-1024x683.jpg 1024w, https:\/\/diarioavanzada.com.mx\/wp-content\/uploads\/2025\/05\/Realizan-simposio-Lider-360-transformacion-digital-300x200.jpg 300w, https:\/\/diarioavanzada.com.mx\/wp-content\/uploads\/2025\/05\/Realizan-simposio-Lider-360-transformacion-digital-768x512.jpg 768w, https:\/\/diarioavanzada.com.mx\/wp-content\/uploads\/2025\/05\/Realizan-simposio-Lider-360-transformacion-digital-1536x1024.jpg 1536w, https:\/\/diarioavanzada.com.mx\/wp-content\/uploads\/2025\/05\/Realizan-simposio-Lider-360-transformacion-digital-2048x1365.jpg 2048w, https:\/\/diarioavanzada.com.mx\/wp-content\/uploads\/2025\/05\/Realizan-simposio-Lider-360-transformacion-digital-1200x800.jpg 1200w\" sizes=\"auto, (max-width: 1024px) 100vw, 1024px\" \/><\/figure>\n\n\n\n<figure class=\"wp-block-image size-large\"><img loading=\"lazy\" decoding=\"async\" width=\"1024\" height=\"683\" src=\"https:\/\/diarioavanzada.com.mx\/wp-content\/uploads\/2025\/05\/Realizan-simposio-Lider-360-transformacion-digital_e-1024x683.jpg\" alt=\"\" class=\"wp-image-88044\" srcset=\"https:\/\/diarioavanzada.com.mx\/wp-content\/uploads\/2025\/05\/Realizan-simposio-Lider-360-transformacion-digital_e-1024x683.jpg 1024w, https:\/\/diarioavanzada.com.mx\/wp-content\/uploads\/2025\/05\/Realizan-simposio-Lider-360-transformacion-digital_e-300x200.jpg 300w, https:\/\/diarioavanzada.com.mx\/wp-content\/uploads\/2025\/05\/Realizan-simposio-Lider-360-transformacion-digital_e-768x512.jpg 768w, https:\/\/diarioavanzada.com.mx\/wp-content\/uploads\/2025\/05\/Realizan-simposio-Lider-360-transformacion-digital_e-1536x1024.jpg 1536w, https:\/\/diarioavanzada.com.mx\/wp-content\/uploads\/2025\/05\/Realizan-simposio-Lider-360-transformacion-digital_e-2048x1365.jpg 2048w, https:\/\/diarioavanzada.com.mx\/wp-content\/uploads\/2025\/05\/Realizan-simposio-Lider-360-transformacion-digital_e-1200x800.jpg 1200w\" sizes=\"auto, (max-width: 1024px) 100vw, 1024px\" \/><\/figure>\n\n\n\n<p class=\"wp-block-paragraph\"><\/p>\n<div class=\"fb-background-color\">\n\t\t\t  <div \n\t\t\t  \tclass = \"fb-comments\" \n\t\t\t  \tdata-href = \"https:\/\/diarioavanzada.com.mx\/?p=88039\"\n\t\t\t  \tdata-numposts = \"10\"\n\t\t\t  \tdata-lazy = \"true\"\n\t\t\t\tdata-colorscheme = \"light\"\n\t\t\t\tdata-order-by = \"social\"\n\t\t\t\tdata-mobile=true>\n\t\t\t  <\/div><\/div>\n\t\t  <style>\n\t\t    .fb-background-color {\n\t\t\t\tbackground:  !important;\n\t\t\t}\n\t\t\t.fb_iframe_widget_fluid_desktop iframe {\n\t\t\t    width: 100% !important;\n\t\t\t}\n\t\t  <\/style>\n\t\t  ","protected":false},"excerpt":{"rendered":"<p>El evento, dise\u00f1ado para promover el liderazgo integral y la innovaci\u00f3n empresarial, se centr\u00f3 en tres ejes fundamentales: la digitalizaci\u00f3n, la cultura organizacional y las buenas pr\u00e1cticas en la gesti\u00f3n del capital humano. Colima, M\u00e9xico, Comunicado (27\/05\/2025).- La Facultad de Contabilidad y Administraci\u00f3n-Manzanillo de la Universidad de Colima (UdeC) llev\u00f3 a cabo el Simposio \u201cL\u00edder [&hellip;]<\/p>\n","protected":false},"author":7,"featured_media":88048,"comment_status":"closed","ping_status":"closed","sticky":false,"template":"","format":"standard","meta":{"_coblocks_attr":"","_coblocks_dimensions":"","_coblocks_responsive_height":"","_coblocks_accordion_ie_support":"","_crdt_document":"","advanced_seo_description":"","jetpack_seo_html_title":"","jetpack_seo_noindex":false,"_jetpack_memberships_contains_paid_content":false,"footnotes":""},"categories":[19,209,7],"tags":[],"class_list":["post-88039","post","type-post","status-publish","format-standard","has-post-thumbnail","hentry","category-colima","category-importantes","category-noticias"],"jetpack_featured_media_url":"https:\/\/diarioavanzada.com.mx\/wp-content\/uploads\/2025\/05\/fd4654f1-484e-4e8d-8bdd-f4d30db41401-1.jpg","jetpack-related-posts":[],"jetpack_sharing_enabled":true,"amp_enabled":true,"_links":{"self":[{"href":"https:\/\/diarioavanzada.com.mx\/index.php?rest_route=\/wp\/v2\/posts\/88039","targetHints":{"allow":["GET"]}}],"collection":[{"href":"https:\/\/diarioavanzada.com.mx\/index.php?rest_route=\/wp\/v2\/posts"}],"about":[{"href":"https:\/\/diarioavanzada.com.mx\/index.php?rest_route=\/wp\/v2\/types\/post"}],"author":[{"embeddable":true,"href":"https:\/\/diarioavanzada.com.mx\/index.php?rest_route=\/wp\/v2\/users\/7"}],"replies":[{"embeddable":true,"href":"https:\/\/diarioavanzada.com.mx\/index.php?rest_route=%2Fwp%2Fv2%2Fcomments&post=88039"}],"version-history":[{"count":4,"href":"https:\/\/diarioavanzada.com.mx\/index.php?rest_route=\/wp\/v2\/posts\/88039\/revisions"}],"predecessor-version":[{"id":88049,"href":"https:\/\/diarioavanzada.com.mx\/index.php?rest_route=\/wp\/v2\/posts\/88039\/revisions\/88049"}],"wp:featuredmedia":[{"embeddable":true,"href":"https:\/\/diarioavanzada.com.mx\/index.php?rest_route=\/wp\/v2\/media\/88048"}],"wp:attachment":[{"href":"https:\/\/diarioavanzada.com.mx\/index.php?rest_route=%2Fwp%2Fv2%2Fmedia&parent=88039"}],"wp:term":[{"taxonomy":"category","embeddable":true,"href":"https:\/\/diarioavanzada.com.mx\/index.php?rest_route=%2Fwp%2Fv2%2Fcategories&post=88039"},{"taxonomy":"post_tag","embeddable":true,"href":"https:\/\/diarioavanzada.com.mx\/index.php?rest_route=%2Fwp%2Fv2%2Ftags&post=88039"}],"curies":[{"name":"wp","href":"https:\/\/api.w.org\/{rel}","templated":true}]}}