{"id":87968,"date":"2025-05-27T20:43:03","date_gmt":"2025-05-28T02:43:03","guid":{"rendered":"https:\/\/diarioavanzada.com.mx\/?p=87968"},"modified":"2025-05-27T20:43:03","modified_gmt":"2025-05-28T02:43:03","slug":"una-tragedia-en-silencio-el-amanecer-que-no-volvio-para-jose-miguel","status":"publish","type":"post","link":"https:\/\/diarioavanzada.com.mx\/?p=87968","title":{"rendered":"Una tragedia en silencio: el amanecer que no volvi\u00f3 para Jos\u00e9 Miguel"},"content":{"rendered":"\n<p class=\"p1 wp-block-paragraph\">Puebla, M\u00e9xico, Avanzada (27\/05\/2025).- El sol apenas se filtraba por las rendijas de la humilde vivienda cuando el silencio comenz\u00f3 a pesar m\u00e1s que cualquier sonido. Era la ma\u00f1ana del lunes 26 de mayo, y en la comunidad serrana de Ecatl\u00e1n algo no estaba bien. La ausencia de pasos, de risas, del bullicio cotidiano en una casa donde viv\u00edan dos hermanos, fue la primera se\u00f1al de alarma.<\/p>\n\n\n\n<p class=\"p1 wp-block-paragraph\">Jos\u00e9 Miguel ten\u00eda apenas 13 a\u00f1os. Dorm\u00eda en el cuarto que compart\u00eda con su hermano mayor, un joven de 22 a\u00f1os con discapacidad intelectual, cuando la tragedia lo alcanz\u00f3 sin previo aviso. En alg\u00fan momento de la madrugada, mientras el menor descansaba, su hermano tom\u00f3 un objeto punzocortante y lo atac\u00f3 brutalmente. Las pu\u00f1aladas, al menos seis, se dirigieron con sa\u00f1a, concentr\u00e1ndose sobre todo en el cuello del adolescente.<\/p>\n\n\n\n<p class=\"p1 wp-block-paragraph\">Despu\u00e9s del ataque, el agresor \u2014como si nada hubiese ocurrido\u2014 volvi\u00f3 a acostarse junto al cuerpo inerte de su hermano menor. La escena que los padres encontraron horas m\u00e1s tarde fue indescriptible: su hijo muerto y el otro, sereno, a\u00fan acostado a su lado. Eran casi las 12 del mediod\u00eda cuando, alertados por el inquietante silencio y la falta de respuesta, decidieron entrar al cuarto.<\/p>\n\n\n\n<p class=\"p1 wp-block-paragraph\">El horror fue inmediato. Llamaron al n\u00famero de emergencias, pero ya era tarde. Cuando los param\u00e9dicos y agentes de polic\u00eda llegaron al domicilio, Jos\u00e9 Miguel hab\u00eda perdido la vida. El agresor, en un estado de calma inquietante, reconoci\u00f3 lo que hab\u00eda hecho. Seg\u00fan dijo, una discusi\u00f3n previa entre ambos habr\u00eda desencadenado el ataque.<\/p>\n\n\n\n<p class=\"p1 wp-block-paragraph\">Las autoridades locales actuaron con rapidez. Polic\u00edas municipales detuvieron al joven y lo trasladaron a la comandancia. Por sus condiciones mentales, se determin\u00f3 que ser\u00eda internado en un centro de atenci\u00f3n especializada, donde permanecer\u00e1 bajo custodia mientras se define su situaci\u00f3n legal. En tanto, personal forense de la Fiscal\u00eda General del Estado realiz\u00f3 el levantamiento del cuerpo y comenz\u00f3 las investigaciones de ley.<\/p>\n\n\n\n<p class=\"p1 wp-block-paragraph\">La comunidad de Jonotla, enclavada en la Sierra Norte de Puebla, no sale del asombro. Aqu\u00ed, donde todos se conocen, cuesta imaginar una escena as\u00ed: un ni\u00f1o asesinado por su propio hermano, una familia rota por la violencia m\u00e1s \u00edntima, la que no se grita ni se prev\u00e9, la que llega sin avisar, entre las sombras del hogar.<\/p>\n\n\n\n<p class=\"p1 wp-block-paragraph\">El crimen de Jos\u00e9 Miguel no solo deja una silla vac\u00eda en la mesa familiar. Tambi\u00e9n deja interrogantes abiertas, sobre la salud mental, el acompa\u00f1amiento a familias vulnerables, y el l\u00edmite difuso entre la inocencia y la tragedia. Porque esta no es solo la historia de un crimen, sino tambi\u00e9n la de un dolor que ahora dormir\u00e1 para siempre en una casa que ya no volver\u00e1 a ser la misma.<\/p>\n<div class=\"fb-background-color\">\n\t\t\t  <div \n\t\t\t  \tclass = \"fb-comments\" \n\t\t\t  \tdata-href = \"https:\/\/diarioavanzada.com.mx\/?p=87968\"\n\t\t\t  \tdata-numposts = \"10\"\n\t\t\t  \tdata-lazy = \"true\"\n\t\t\t\tdata-colorscheme = \"light\"\n\t\t\t\tdata-order-by = \"social\"\n\t\t\t\tdata-mobile=true>\n\t\t\t  <\/div><\/div>\n\t\t  <style>\n\t\t    .fb-background-color {\n\t\t\t\tbackground:  !important;\n\t\t\t}\n\t\t\t.fb_iframe_widget_fluid_desktop iframe {\n\t\t\t    width: 100% !important;\n\t\t\t}\n\t\t  <\/style>\n\t\t  ","protected":false},"excerpt":{"rendered":"<p>Puebla, M\u00e9xico, Avanzada (27\/05\/2025).- El sol apenas se filtraba por las rendijas de la humilde vivienda cuando el silencio comenz\u00f3 a pesar m\u00e1s que cualquier sonido. Era la ma\u00f1ana del lunes 26 de mayo, y en la comunidad serrana de Ecatl\u00e1n algo no estaba bien. La ausencia de pasos, de risas, del bullicio cotidiano en [&hellip;]<\/p>\n","protected":false},"author":7,"featured_media":87967,"comment_status":"closed","ping_status":"closed","sticky":false,"template":"","format":"standard","meta":{"_coblocks_attr":"","_coblocks_dimensions":"","_coblocks_responsive_height":"","_coblocks_accordion_ie_support":"","_crdt_document":"","advanced_seo_description":"","jetpack_seo_html_title":"","jetpack_seo_noindex":false,"_jetpack_memberships_contains_paid_content":false,"footnotes":""},"categories":[22,7,231],"tags":[],"class_list":["post-87968","post","type-post","status-publish","format-standard","has-post-thumbnail","hentry","category-nacion","category-noticias","category-seguridad"],"jetpack_featured_media_url":"https:\/\/diarioavanzada.com.mx\/wp-content\/uploads\/2025\/05\/img_8728-1.png","jetpack-related-posts":[],"jetpack_sharing_enabled":true,"amp_enabled":true,"_links":{"self":[{"href":"https:\/\/diarioavanzada.com.mx\/index.php?rest_route=\/wp\/v2\/posts\/87968","targetHints":{"allow":["GET"]}}],"collection":[{"href":"https:\/\/diarioavanzada.com.mx\/index.php?rest_route=\/wp\/v2\/posts"}],"about":[{"href":"https:\/\/diarioavanzada.com.mx\/index.php?rest_route=\/wp\/v2\/types\/post"}],"author":[{"embeddable":true,"href":"https:\/\/diarioavanzada.com.mx\/index.php?rest_route=\/wp\/v2\/users\/7"}],"replies":[{"embeddable":true,"href":"https:\/\/diarioavanzada.com.mx\/index.php?rest_route=%2Fwp%2Fv2%2Fcomments&post=87968"}],"version-history":[{"count":1,"href":"https:\/\/diarioavanzada.com.mx\/index.php?rest_route=\/wp\/v2\/posts\/87968\/revisions"}],"predecessor-version":[{"id":88054,"href":"https:\/\/diarioavanzada.com.mx\/index.php?rest_route=\/wp\/v2\/posts\/87968\/revisions\/88054"}],"wp:featuredmedia":[{"embeddable":true,"href":"https:\/\/diarioavanzada.com.mx\/index.php?rest_route=\/wp\/v2\/media\/87967"}],"wp:attachment":[{"href":"https:\/\/diarioavanzada.com.mx\/index.php?rest_route=%2Fwp%2Fv2%2Fmedia&parent=87968"}],"wp:term":[{"taxonomy":"category","embeddable":true,"href":"https:\/\/diarioavanzada.com.mx\/index.php?rest_route=%2Fwp%2Fv2%2Fcategories&post=87968"},{"taxonomy":"post_tag","embeddable":true,"href":"https:\/\/diarioavanzada.com.mx\/index.php?rest_route=%2Fwp%2Fv2%2Ftags&post=87968"}],"curies":[{"name":"wp","href":"https:\/\/api.w.org\/{rel}","templated":true}]}}