{"id":87958,"date":"2025-05-27T14:10:42","date_gmt":"2025-05-27T20:10:42","guid":{"rendered":"https:\/\/diarioavanzada.com.mx\/?p=87958"},"modified":"2025-05-27T14:10:42","modified_gmt":"2025-05-27T20:10:42","slug":"cansados-por-incumplimientos-comuneros-queman-vehiculos-y-derriban-porton-de-casa-michoacan","status":"publish","type":"post","link":"https:\/\/diarioavanzada.com.mx\/?p=87958","title":{"rendered":"Cansados por incumplimientos: comuneros queman veh\u00edculos y derriban port\u00f3n de Casa Michoac\u00e1n"},"content":{"rendered":"\n<p class=\"p1 wp-block-paragraph\">Michoac\u00e1n, M\u00e9xico, Avanzada (27\/05\/2025).- La falta de cumplimiento de autoridades a compromisos pactados y la negativa a ser atendidos por el gobernador Alfredo Ram\u00edrez Bedolla, derivaron este lunes en una protesta violenta por parte de comuneros de Arantepacua, quienes incendiaron dos veh\u00edculos frente a Casa Michoac\u00e1n y derribaron uno de sus portones principales.<\/p>\n\n\n\n<p class=\"p1 wp-block-paragraph\">Molestos por lo que califican como abandono gubernamental y obras inconclusas en su comunidad \u2014entre ellas la construcci\u00f3n de un hospital regional\u2014 los manifestantes bloquearon durante horas el Libramiento Sur de Morelia. Algunos de ellos utilizaron un cami\u00f3n para embestir una de las entradas de la sede del Ejecutivo estatal, donde lanzaron cohetones y reclamaron atenci\u00f3n directa del mandatario.<\/p>\n\n\n\n<p class=\"p1 wp-block-paragraph\">Los inconformes expresaron que, tras m\u00faltiples promesas incumplidas y falta de avances tangibles, decidieron movilizarse hasta la capital del estado ante la frustraci\u00f3n y el desgaste acumulado por a\u00f1os sin respuestas concretas.<\/p>\n\n\n\n<p class=\"p1 wp-block-paragraph\">El caos vial provocado por el bloqueo paraliz\u00f3 durante varias horas una de las principales v\u00edas de Morelia, generando afectaciones a cientos de automovilistas. Al final de la jornada, los comuneros se retiraron del lugar sin que se reportaran enfrentamientos con la polic\u00eda.<\/p>\n\n\n\n<p class=\"p1 wp-block-paragraph\">El gobernador de Michoac\u00e1n, Alfredo Ram\u00edrez Bedoya\ufffc indic\u00f3 que mantienen el di\u00e1logo. Se est\u00e1 edificando un hospital y se construye una carretera, lament\u00f3 que el tiempo sea el factor determinante para que las obras sean concluidas, yo quisiera mayor celeridad, pero asegur\u00f3 que est\u00e1n trabajando en el tema.<\/p>\n\n\n\n<figure class=\"wp-block-video\"><div class=\"wp-block-embed__wrapper\">\n<iframe title=\"VideoPress Video Player\" aria-label='VideoPress Video Player' width='628' height='1000' src='https:\/\/videopress.com\/embed\/aPdFwFap?cover=1&amp;preloadContent=metadata&amp;useAverageColor=1&amp;hd=0' frameborder='0' allowfullscreen data-resize-to-parent=\"true\" allow='clipboard-write'><\/iframe><script src='https:\/\/v0.wordpress.com\/js\/next\/videopress-iframe.js?m=1739540970'><\/script>\n<\/div><\/figure>\n<div class=\"fb-background-color\">\n\t\t\t  <div \n\t\t\t  \tclass = \"fb-comments\" \n\t\t\t  \tdata-href = \"https:\/\/diarioavanzada.com.mx\/?p=87958\"\n\t\t\t  \tdata-numposts = \"10\"\n\t\t\t  \tdata-lazy = \"true\"\n\t\t\t\tdata-colorscheme = \"light\"\n\t\t\t\tdata-order-by = \"social\"\n\t\t\t\tdata-mobile=true>\n\t\t\t  <\/div><\/div>\n\t\t  <style>\n\t\t    .fb-background-color {\n\t\t\t\tbackground:  !important;\n\t\t\t}\n\t\t\t.fb_iframe_widget_fluid_desktop iframe {\n\t\t\t    width: 100% !important;\n\t\t\t}\n\t\t  <\/style>\n\t\t  ","protected":false},"excerpt":{"rendered":"<p>Michoac\u00e1n, M\u00e9xico, Avanzada (27\/05\/2025).- La falta de cumplimiento de autoridades a compromisos pactados y la negativa a ser atendidos por el gobernador Alfredo Ram\u00edrez Bedolla, derivaron este lunes en una protesta violenta por parte de comuneros de Arantepacua, quienes incendiaron dos veh\u00edculos frente a Casa Michoac\u00e1n y derribaron uno de sus portones principales. Molestos por [&hellip;]<\/p>\n","protected":false},"author":7,"featured_media":87962,"comment_status":"closed","ping_status":"closed","sticky":false,"template":"","format":"standard","meta":{"_coblocks_attr":"","_coblocks_dimensions":"","_coblocks_responsive_height":"","_coblocks_accordion_ie_support":"","_crdt_document":"","advanced_seo_description":"","jetpack_seo_html_title":"","jetpack_seo_noindex":false,"_jetpack_memberships_contains_paid_content":false,"footnotes":""},"categories":[209,22,7,29],"tags":[210],"class_list":["post-87958","post","type-post","status-publish","format-standard","has-post-thumbnail","hentry","category-importantes","category-nacion","category-noticias","category-sociedad","tag-portada"],"jetpack_featured_media_url":"https:\/\/diarioavanzada.com.mx\/wp-content\/uploads\/2025\/05\/img_3369-2-1.jpg","jetpack-related-posts":[],"jetpack_sharing_enabled":true,"amp_enabled":true,"_links":{"self":[{"href":"https:\/\/diarioavanzada.com.mx\/index.php?rest_route=\/wp\/v2\/posts\/87958","targetHints":{"allow":["GET"]}}],"collection":[{"href":"https:\/\/diarioavanzada.com.mx\/index.php?rest_route=\/wp\/v2\/posts"}],"about":[{"href":"https:\/\/diarioavanzada.com.mx\/index.php?rest_route=\/wp\/v2\/types\/post"}],"author":[{"embeddable":true,"href":"https:\/\/diarioavanzada.com.mx\/index.php?rest_route=\/wp\/v2\/users\/7"}],"replies":[{"embeddable":true,"href":"https:\/\/diarioavanzada.com.mx\/index.php?rest_route=%2Fwp%2Fv2%2Fcomments&post=87958"}],"version-history":[{"count":3,"href":"https:\/\/diarioavanzada.com.mx\/index.php?rest_route=\/wp\/v2\/posts\/87958\/revisions"}],"predecessor-version":[{"id":87964,"href":"https:\/\/diarioavanzada.com.mx\/index.php?rest_route=\/wp\/v2\/posts\/87958\/revisions\/87964"}],"wp:featuredmedia":[{"embeddable":true,"href":"https:\/\/diarioavanzada.com.mx\/index.php?rest_route=\/wp\/v2\/media\/87962"}],"wp:attachment":[{"href":"https:\/\/diarioavanzada.com.mx\/index.php?rest_route=%2Fwp%2Fv2%2Fmedia&parent=87958"}],"wp:term":[{"taxonomy":"category","embeddable":true,"href":"https:\/\/diarioavanzada.com.mx\/index.php?rest_route=%2Fwp%2Fv2%2Fcategories&post=87958"},{"taxonomy":"post_tag","embeddable":true,"href":"https:\/\/diarioavanzada.com.mx\/index.php?rest_route=%2Fwp%2Fv2%2Ftags&post=87958"}],"curies":[{"name":"wp","href":"https:\/\/api.w.org\/{rel}","templated":true}]}}