{"id":87954,"date":"2025-05-27T13:09:33","date_gmt":"2025-05-27T19:09:33","guid":{"rendered":"https:\/\/diarioavanzada.com.mx\/?p=87954"},"modified":"2025-05-27T13:09:33","modified_gmt":"2025-05-27T19:09:33","slug":"fgr-obtiene-auto-de-formal-prision-contra-el-exgobernador-tomas-yarrington","status":"publish","type":"post","link":"https:\/\/diarioavanzada.com.mx\/?p=87954","title":{"rendered":"FGR obtiene auto de formal prisi\u00f3n contra el exgobernador Tom\u00e1s Yarrington"},"content":{"rendered":"\n<p class=\"p1 wp-block-paragraph\">M\u00e9xico, Avanzada (27-05-2025).- La Fiscal\u00eda General de la Rep\u00fablica (FGR) inform\u00f3 este domingo que obtuvo auto de formal prisi\u00f3n en contra del exgobernador de Tamaulipas, Tom\u00e1s \u201cY\u201d, por el delito de operaciones con recursos de procedencia il\u00edcita.<\/p>\n\n\n\n<p class=\"p1 wp-block-paragraph\">De acuerdo con el comunicado oficial, la acci\u00f3n fue realizada por la Fiscal\u00eda Especializada en materia de Delincuencia Organizada (FEMDO), en coordinaci\u00f3n con la Fiscal\u00eda Especializada de Control Regional (FECOR). La acusaci\u00f3n se\u00f1ala que Yarrington habr\u00eda adquirido bienes tanto en M\u00e9xico como en el extranjero, mediante personas interpuestas, con conocimiento de que los recursos utilizados proven\u00edan de actividades il\u00edcitas.<\/p>\n\n\n\n<p class=\"p1 wp-block-paragraph\">Seg\u00fan la investigaci\u00f3n, el exmandatario estar\u00eda vinculado presuntamente a una organizaci\u00f3n criminal que le transfiri\u00f3 recursos durante y despu\u00e9s de su gesti\u00f3n como Gobernador Constitucional de Tamaulipas. Con dichos fondos, adquiri\u00f3 por medio de terceros al menos tres inmuebles en territorio nacional e internacional.<\/p>\n\n\n\n<p class=\"p1 wp-block-paragraph\">Cabe recordar que el pasado 9 de abril, autoridades de Estados Unidos deportaron a Tom\u00e1s \u201cY\u201d a territorio mexicano. Tras su repatriaci\u00f3n, se le dict\u00f3 otro auto de formal prisi\u00f3n en un proceso distinto, relacionado con delitos contra la salud, espec\u00edficamente por su colaboraci\u00f3n para facilitar la comisi\u00f3n de este tipo de il\u00edcitos.<\/p>\n\n\n\n<p class=\"p1 wp-block-paragraph\">Actualmente, el exgobernador se encuentra recluido en el Centro Federal de Reinserci\u00f3n Social n\u00famero Uno, Altiplano.<\/p>\n<div class=\"fb-background-color\">\n\t\t\t  <div \n\t\t\t  \tclass = \"fb-comments\" \n\t\t\t  \tdata-href = \"https:\/\/diarioavanzada.com.mx\/?p=87954\"\n\t\t\t  \tdata-numposts = \"10\"\n\t\t\t  \tdata-lazy = \"true\"\n\t\t\t\tdata-colorscheme = \"light\"\n\t\t\t\tdata-order-by = \"social\"\n\t\t\t\tdata-mobile=true>\n\t\t\t  <\/div><\/div>\n\t\t  <style>\n\t\t    .fb-background-color {\n\t\t\t\tbackground:  !important;\n\t\t\t}\n\t\t\t.fb_iframe_widget_fluid_desktop iframe {\n\t\t\t    width: 100% !important;\n\t\t\t}\n\t\t  <\/style>\n\t\t  ","protected":false},"excerpt":{"rendered":"<p>M\u00e9xico, Avanzada (27-05-2025).- La Fiscal\u00eda General de la Rep\u00fablica (FGR) inform\u00f3 este domingo que obtuvo auto de formal prisi\u00f3n en contra del exgobernador de Tamaulipas, Tom\u00e1s \u201cY\u201d, por el delito de operaciones con recursos de procedencia il\u00edcita. De acuerdo con el comunicado oficial, la acci\u00f3n fue realizada por la Fiscal\u00eda Especializada en materia de Delincuencia [&hellip;]<\/p>\n","protected":false},"author":7,"featured_media":87953,"comment_status":"closed","ping_status":"closed","sticky":false,"template":"","format":"standard","meta":{"_coblocks_attr":"","_coblocks_dimensions":"","_coblocks_responsive_height":"","_coblocks_accordion_ie_support":"","_crdt_document":"","advanced_seo_description":"","jetpack_seo_html_title":"","jetpack_seo_noindex":false,"_jetpack_memberships_contains_paid_content":false,"footnotes":""},"categories":[209,22,231],"tags":[210],"class_list":["post-87954","post","type-post","status-publish","format-standard","has-post-thumbnail","hentry","category-importantes","category-nacion","category-seguridad","tag-portada"],"jetpack_featured_media_url":"https:\/\/diarioavanzada.com.mx\/wp-content\/uploads\/2025\/05\/img_3051-1-1.jpg","jetpack-related-posts":[],"jetpack_sharing_enabled":true,"amp_enabled":true,"_links":{"self":[{"href":"https:\/\/diarioavanzada.com.mx\/index.php?rest_route=\/wp\/v2\/posts\/87954","targetHints":{"allow":["GET"]}}],"collection":[{"href":"https:\/\/diarioavanzada.com.mx\/index.php?rest_route=\/wp\/v2\/posts"}],"about":[{"href":"https:\/\/diarioavanzada.com.mx\/index.php?rest_route=\/wp\/v2\/types\/post"}],"author":[{"embeddable":true,"href":"https:\/\/diarioavanzada.com.mx\/index.php?rest_route=\/wp\/v2\/users\/7"}],"replies":[{"embeddable":true,"href":"https:\/\/diarioavanzada.com.mx\/index.php?rest_route=%2Fwp%2Fv2%2Fcomments&post=87954"}],"version-history":[{"count":0,"href":"https:\/\/diarioavanzada.com.mx\/index.php?rest_route=\/wp\/v2\/posts\/87954\/revisions"}],"wp:featuredmedia":[{"embeddable":true,"href":"https:\/\/diarioavanzada.com.mx\/index.php?rest_route=\/wp\/v2\/media\/87953"}],"wp:attachment":[{"href":"https:\/\/diarioavanzada.com.mx\/index.php?rest_route=%2Fwp%2Fv2%2Fmedia&parent=87954"}],"wp:term":[{"taxonomy":"category","embeddable":true,"href":"https:\/\/diarioavanzada.com.mx\/index.php?rest_route=%2Fwp%2Fv2%2Fcategories&post=87954"},{"taxonomy":"post_tag","embeddable":true,"href":"https:\/\/diarioavanzada.com.mx\/index.php?rest_route=%2Fwp%2Fv2%2Ftags&post=87954"}],"curies":[{"name":"wp","href":"https:\/\/api.w.org\/{rel}","templated":true}]}}