{"id":87924,"date":"2025-05-27T10:22:00","date_gmt":"2025-05-27T16:22:00","guid":{"rendered":"https:\/\/diarioavanzada.com.mx\/?p=87924"},"modified":"2025-05-27T10:22:00","modified_gmt":"2025-05-27T16:22:00","slug":"centro-de-salud-en-chiapas-inaugurado-en-2023-y-ya-se-le-mete-el-agua-con-la-primera-lluvia","status":"publish","type":"post","link":"https:\/\/diarioavanzada.com.mx\/?p=87924","title":{"rendered":"Centro de Salud en Chiapas: Inaugurado en 2023, \u00a1y ya se le mete el agua con la primera lluvia!"},"content":{"rendered":"\n<p class=\"p1 wp-block-paragraph\">Chiapas, M\u00e9xico, Avanzada (27\/05\/2025).- Bast\u00f3 la primera tormenta de la temporada para poner en evidencia deficiencias graves en el reci\u00e9n inaugurado Centro de Salud Urbano de esta localidad. A menos de dos a\u00f1os de su apertura oficial, el inmueble sufri\u00f3 filtraciones de agua por techos y ventanas, adem\u00e1s del colapso del sistema de drenaje, lo que gener\u00f3 inundaciones en distintas \u00e1reas del recinto m\u00e9dico.<\/p>\n\n\n\n<p class=\"p1 wp-block-paragraph\">La obra, que fue entregada en octubre de 2023 por el gobernador Rutilio Escand\u00f3n y el entonces secretario de Salud, Jos\u00e9 Manuel Cruz Castellanos, fue anunciada como una infraestructura moderna, equipada con servicios de imagenolog\u00eda, quir\u00f3fano y farmacia. Sin embargo, las lluvias del s\u00e1bado pasado dejaron al descubierto fallas estructurales que ponen en entredicho la calidad de la construcci\u00f3n y la supervisi\u00f3n de la obra.<\/p>\n\n\n\n<p class=\"p1 wp-block-paragraph\">Videos difundidos en redes sociales muestran pasillos anegados y agua ingresando por diversas partes del edificio, mientras el personal m\u00e9dico de guardia trataba de resguardar equipo e insumos ante el riesgo de cortocircuitos y afectaciones mayores.<\/p>\n\n\n\n<p class=\"p1 wp-block-paragraph\">Vecinos de Emiliano Zapata expresaron su inconformidad y exigieron una explicaci\u00f3n por parte de las autoridades. \u201c\u00bfC\u00f3mo es posible que una obra tan reciente ya est\u00e9 as\u00ed? Esto no es un problema menor, aqu\u00ed se atienden personas enfermas\u201d, denunci\u00f3 una habitante de la zona.<\/p>\n\n\n\n<p class=\"p1 wp-block-paragraph\">Hasta el momento, ni la Secretar\u00eda de Salud estatal ni el gobierno municipal han emitido una postura oficial sobre el incidente. La situaci\u00f3n ha reavivado cr\u00edticas sobre el estado de la infraestructura sanitaria en Chiapas, donde m\u00e1s del 66% de la poblaci\u00f3n carece de acceso efectivo a servicios de salud.<\/p>\n\n\n\n<p class=\"p1 wp-block-paragraph\">El caso del centro de salud de Emiliano Zapata se suma a una serie de denuncias sobre obras p\u00fablicas entregadas con prisas, con prioridad en la imagen gubernamental pero con resultados cuestionables, especialmente en regiones marginadas donde la atenci\u00f3n m\u00e9dica es urgente y vital.<\/p>\n\n\n\n<figure class=\"wp-block-video\"><div class=\"wp-block-embed__wrapper\">\n<iframe title=\"VideoPress Video Player\" aria-label='VideoPress Video Player' width='588' height='1000' src='https:\/\/videopress.com\/embed\/W3lghuSO?cover=1&amp;preloadContent=metadata&amp;useAverageColor=1&amp;hd=0' frameborder='0' allowfullscreen data-resize-to-parent=\"true\" allow='clipboard-write'><\/iframe><script src='https:\/\/v0.wordpress.com\/js\/next\/videopress-iframe.js?m=1739540970'><\/script>\n<\/div><\/figure>\n<div class=\"fb-background-color\">\n\t\t\t  <div \n\t\t\t  \tclass = \"fb-comments\" \n\t\t\t  \tdata-href = \"https:\/\/diarioavanzada.com.mx\/?p=87924\"\n\t\t\t  \tdata-numposts = \"10\"\n\t\t\t  \tdata-lazy = \"true\"\n\t\t\t\tdata-colorscheme = \"light\"\n\t\t\t\tdata-order-by = \"social\"\n\t\t\t\tdata-mobile=true>\n\t\t\t  <\/div><\/div>\n\t\t  <style>\n\t\t    .fb-background-color {\n\t\t\t\tbackground:  !important;\n\t\t\t}\n\t\t\t.fb_iframe_widget_fluid_desktop iframe {\n\t\t\t    width: 100% !important;\n\t\t\t}\n\t\t  <\/style>\n\t\t  ","protected":false},"excerpt":{"rendered":"<p>Chiapas, M\u00e9xico, Avanzada (27\/05\/2025).- Bast\u00f3 la primera tormenta de la temporada para poner en evidencia deficiencias graves en el reci\u00e9n inaugurado Centro de Salud Urbano de esta localidad. A menos de dos a\u00f1os de su apertura oficial, el inmueble sufri\u00f3 filtraciones de agua por techos y ventanas, adem\u00e1s del colapso del sistema de drenaje, lo [&hellip;]<\/p>\n","protected":false},"author":7,"featured_media":87923,"comment_status":"closed","ping_status":"closed","sticky":false,"template":"","format":"standard","meta":{"_coblocks_attr":"","_coblocks_dimensions":"","_coblocks_responsive_height":"","_coblocks_accordion_ie_support":"","_crdt_document":"","advanced_seo_description":"","jetpack_seo_html_title":"","jetpack_seo_noindex":false,"_jetpack_memberships_contains_paid_content":false,"footnotes":""},"categories":[22,7,29],"tags":[210],"class_list":["post-87924","post","type-post","status-publish","format-standard","has-post-thumbnail","hentry","category-nacion","category-noticias","category-sociedad","tag-portada"],"jetpack_featured_media_url":"https:\/\/diarioavanzada.com.mx\/wp-content\/uploads\/2025\/05\/img_8720-1.png","jetpack-related-posts":[],"jetpack_sharing_enabled":true,"amp_enabled":true,"_links":{"self":[{"href":"https:\/\/diarioavanzada.com.mx\/index.php?rest_route=\/wp\/v2\/posts\/87924","targetHints":{"allow":["GET"]}}],"collection":[{"href":"https:\/\/diarioavanzada.com.mx\/index.php?rest_route=\/wp\/v2\/posts"}],"about":[{"href":"https:\/\/diarioavanzada.com.mx\/index.php?rest_route=\/wp\/v2\/types\/post"}],"author":[{"embeddable":true,"href":"https:\/\/diarioavanzada.com.mx\/index.php?rest_route=\/wp\/v2\/users\/7"}],"replies":[{"embeddable":true,"href":"https:\/\/diarioavanzada.com.mx\/index.php?rest_route=%2Fwp%2Fv2%2Fcomments&post=87924"}],"version-history":[{"count":2,"href":"https:\/\/diarioavanzada.com.mx\/index.php?rest_route=\/wp\/v2\/posts\/87924\/revisions"}],"predecessor-version":[{"id":87947,"href":"https:\/\/diarioavanzada.com.mx\/index.php?rest_route=\/wp\/v2\/posts\/87924\/revisions\/87947"}],"wp:featuredmedia":[{"embeddable":true,"href":"https:\/\/diarioavanzada.com.mx\/index.php?rest_route=\/wp\/v2\/media\/87923"}],"wp:attachment":[{"href":"https:\/\/diarioavanzada.com.mx\/index.php?rest_route=%2Fwp%2Fv2%2Fmedia&parent=87924"}],"wp:term":[{"taxonomy":"category","embeddable":true,"href":"https:\/\/diarioavanzada.com.mx\/index.php?rest_route=%2Fwp%2Fv2%2Fcategories&post=87924"},{"taxonomy":"post_tag","embeddable":true,"href":"https:\/\/diarioavanzada.com.mx\/index.php?rest_route=%2Fwp%2Fv2%2Ftags&post=87924"}],"curies":[{"name":"wp","href":"https:\/\/api.w.org\/{rel}","templated":true}]}}