{"id":87875,"date":"2025-05-27T07:46:18","date_gmt":"2025-05-27T13:46:18","guid":{"rendered":"https:\/\/diarioavanzada.com.mx\/?p=87875"},"modified":"2025-05-27T07:46:18","modified_gmt":"2025-05-27T13:46:18","slug":"colima-enfrentara-intenso-calor-este-martes-con-temperaturas-de-hasta-45-grados","status":"publish","type":"post","link":"https:\/\/diarioavanzada.com.mx\/?p=87875","title":{"rendered":"Colima enfrentar\u00e1 intenso calor este martes con temperaturas de hasta 45 grados"},"content":{"rendered":"\n<p class=\"p1 wp-block-paragraph\">Colima, M\u00e9xico, Avanzada (27\/05\/2025).- El estado de Colima continuar\u00e1 bajo los efectos de la onda de calor este martes, con temperaturas m\u00e1ximas que podr\u00edan alcanzar entre 40 y 45 grados Celsius, inform\u00f3 el Servicio Meteorol\u00f3gico Nacional. Adem\u00e1s, se prev\u00e9 cielo parcialmente nublado con posibilidad de chubascos, acompa\u00f1ados de descargas el\u00e9ctricas, rachas de viento y posible ca\u00edda de granizo.<\/p>\n\n\n\n<p class=\"p1 wp-block-paragraph\">Las condiciones de calor extremo estar\u00e1n presentes en gran parte del occidente del pa\u00eds, incluyendo Jalisco, Michoac\u00e1n y Nayarit, con ambiente caluroso a muy caluroso durante la tarde. En Colima, el viento ser\u00e1 del sur y suroeste, con rachas de 40 a 60 km\/h, lo que podr\u00eda generar tolvaneras en zonas abiertas.<\/p>\n\n\n\n<p class=\"p1 wp-block-paragraph\">En el resto del pa\u00eds, un frente fr\u00edo fuera de temporada, una l\u00ednea seca en el norte y un canal de baja presi\u00f3n provocar\u00e1n lluvias fuertes a muy fuertes en estados como Coahuila, Nuevo Le\u00f3n, Tamaulipas y San Luis Potos\u00ed. Se espera adem\u00e1s la posible formaci\u00f3n de torbellinos o tornados en el norte de Coahuila, Nuevo Le\u00f3n y el noroeste de Tamaulipas.<\/p>\n\n\n\n<p class=\"p1 wp-block-paragraph\">Finalmente, el SMN advierte que las lluvias en el occidente, centro y sur del pa\u00eds podr\u00edan generar encharcamientos, deslaves y aumento en los niveles de r\u00edos y arroyos. Se recomienda a la poblaci\u00f3n mantenerse atenta a los avisos de Protecci\u00f3n Civil y evitar la exposici\u00f3n prolongada al sol para prevenir golpes de calor.<\/p>\n<div class=\"fb-background-color\">\n\t\t\t  <div \n\t\t\t  \tclass = \"fb-comments\" \n\t\t\t  \tdata-href = \"https:\/\/diarioavanzada.com.mx\/?p=87875\"\n\t\t\t  \tdata-numposts = \"10\"\n\t\t\t  \tdata-lazy = \"true\"\n\t\t\t\tdata-colorscheme = \"light\"\n\t\t\t\tdata-order-by = \"social\"\n\t\t\t\tdata-mobile=true>\n\t\t\t  <\/div><\/div>\n\t\t  <style>\n\t\t    .fb-background-color {\n\t\t\t\tbackground:  !important;\n\t\t\t}\n\t\t\t.fb_iframe_widget_fluid_desktop iframe {\n\t\t\t    width: 100% !important;\n\t\t\t}\n\t\t  <\/style>\n\t\t  ","protected":false},"excerpt":{"rendered":"<p>Colima, M\u00e9xico, Avanzada (27\/05\/2025).- El estado de Colima continuar\u00e1 bajo los efectos de la onda de calor este martes, con temperaturas m\u00e1ximas que podr\u00edan alcanzar entre 40 y 45 grados Celsius, inform\u00f3 el Servicio Meteorol\u00f3gico Nacional. Adem\u00e1s, se prev\u00e9 cielo parcialmente nublado con posibilidad de chubascos, acompa\u00f1ados de descargas el\u00e9ctricas, rachas de viento y posible [&hellip;]<\/p>\n","protected":false},"author":7,"featured_media":87874,"comment_status":"closed","ping_status":"closed","sticky":false,"template":"","format":"standard","meta":{"_coblocks_attr":"","_coblocks_dimensions":"","_coblocks_responsive_height":"","_coblocks_accordion_ie_support":"","_crdt_document":"","advanced_seo_description":"","jetpack_seo_html_title":"","jetpack_seo_noindex":false,"_jetpack_memberships_contains_paid_content":false,"footnotes":""},"categories":[19,7,29],"tags":[],"class_list":["post-87875","post","type-post","status-publish","format-standard","has-post-thumbnail","hentry","category-colima","category-noticias","category-sociedad"],"jetpack_featured_media_url":"https:\/\/diarioavanzada.com.mx\/wp-content\/uploads\/2025\/05\/img_3633-1.jpg","jetpack-related-posts":[],"jetpack_sharing_enabled":true,"amp_enabled":true,"_links":{"self":[{"href":"https:\/\/diarioavanzada.com.mx\/index.php?rest_route=\/wp\/v2\/posts\/87875","targetHints":{"allow":["GET"]}}],"collection":[{"href":"https:\/\/diarioavanzada.com.mx\/index.php?rest_route=\/wp\/v2\/posts"}],"about":[{"href":"https:\/\/diarioavanzada.com.mx\/index.php?rest_route=\/wp\/v2\/types\/post"}],"author":[{"embeddable":true,"href":"https:\/\/diarioavanzada.com.mx\/index.php?rest_route=\/wp\/v2\/users\/7"}],"replies":[{"embeddable":true,"href":"https:\/\/diarioavanzada.com.mx\/index.php?rest_route=%2Fwp%2Fv2%2Fcomments&post=87875"}],"version-history":[{"count":0,"href":"https:\/\/diarioavanzada.com.mx\/index.php?rest_route=\/wp\/v2\/posts\/87875\/revisions"}],"wp:featuredmedia":[{"embeddable":true,"href":"https:\/\/diarioavanzada.com.mx\/index.php?rest_route=\/wp\/v2\/media\/87874"}],"wp:attachment":[{"href":"https:\/\/diarioavanzada.com.mx\/index.php?rest_route=%2Fwp%2Fv2%2Fmedia&parent=87875"}],"wp:term":[{"taxonomy":"category","embeddable":true,"href":"https:\/\/diarioavanzada.com.mx\/index.php?rest_route=%2Fwp%2Fv2%2Fcategories&post=87875"},{"taxonomy":"post_tag","embeddable":true,"href":"https:\/\/diarioavanzada.com.mx\/index.php?rest_route=%2Fwp%2Fv2%2Ftags&post=87875"}],"curies":[{"name":"wp","href":"https:\/\/api.w.org\/{rel}","templated":true}]}}