{"id":87851,"date":"2025-05-26T20:48:08","date_gmt":"2025-05-27T02:48:08","guid":{"rendered":"https:\/\/diarioavanzada.com.mx\/?p=87851"},"modified":"2025-05-26T20:48:08","modified_gmt":"2025-05-27T02:48:08","slug":"incautan-en-sonora-701-kilos-de-cocaina-ocultos-entre-una-carga-de-granos-de-cafe","status":"publish","type":"post","link":"https:\/\/diarioavanzada.com.mx\/?p=87851","title":{"rendered":"Incautan en Sonora 701 kilos de coca\u00edna ocultos entre una carga de granos de caf\u00e9"},"content":{"rendered":"\n<p class=\"p1 wp-block-paragraph\">Sonora, M\u00e9xico, Avanzada (27\/05\/2025).- En una acci\u00f3n coordinada realizada en el municipio de San Luis R\u00edo Colorado, Sonora, fuerzas de seguridad federales aseguraron 701 kilos de coca\u00edna que estaban ocultos entre una carga de granos de caf\u00e9. El operativo, resultado de trabajos de inteligencia y vigilancia, se llev\u00f3 a cabo recientemente como parte de los esfuerzos para debilitar las finanzas del crimen organizado.<\/p>\n\n\n\n<p class=\"p1 wp-block-paragraph\">La droga fue detectada luego de que un tractocami\u00f3n, al notar la presencia de los elementos de seguridad, intentara evadir un punto de control. Esto alert\u00f3 a los agentes de la Secretar\u00eda de la Defensa Nacional (Sedena), la Secretar\u00eda de Marina (Semar), la Fiscal\u00eda General de la Rep\u00fablica (FGR), la Guardia Nacional (GN) y la Secretar\u00eda de Seguridad y Protecci\u00f3n Ciudadana (SSPC), quienes interceptaron el veh\u00edculo y hallaron la sustancia il\u00edcita en su interior.<\/p>\n\n\n\n<p class=\"p1 wp-block-paragraph\">El cargamento representa unas 2.1 millones de dosis de coca\u00edna, y su aseguramiento significa una p\u00e9rdida de aproximadamente 162 millones de pesos para grupos delictivos. El conductor, un hombre de 42 a\u00f1os, fue detenido y qued\u00f3 a disposici\u00f3n del Ministerio P\u00fablico Federal. Presuntamente pertenece al C\u00e1rtel del Pac\u00edfico.<\/p>\n\n\n\n<p class=\"p1 wp-block-paragraph\"><\/p>\n<div class=\"fb-background-color\">\n\t\t\t  <div \n\t\t\t  \tclass = \"fb-comments\" \n\t\t\t  \tdata-href = \"https:\/\/diarioavanzada.com.mx\/?p=87851\"\n\t\t\t  \tdata-numposts = \"10\"\n\t\t\t  \tdata-lazy = \"true\"\n\t\t\t\tdata-colorscheme = \"light\"\n\t\t\t\tdata-order-by = \"social\"\n\t\t\t\tdata-mobile=true>\n\t\t\t  <\/div><\/div>\n\t\t  <style>\n\t\t    .fb-background-color {\n\t\t\t\tbackground:  !important;\n\t\t\t}\n\t\t\t.fb_iframe_widget_fluid_desktop iframe {\n\t\t\t    width: 100% !important;\n\t\t\t}\n\t\t  <\/style>\n\t\t  ","protected":false},"excerpt":{"rendered":"<p>Sonora, M\u00e9xico, Avanzada (27\/05\/2025).- En una acci\u00f3n coordinada realizada en el municipio de San Luis R\u00edo Colorado, Sonora, fuerzas de seguridad federales aseguraron 701 kilos de coca\u00edna que estaban ocultos entre una carga de granos de caf\u00e9. El operativo, resultado de trabajos de inteligencia y vigilancia, se llev\u00f3 a cabo recientemente como parte de los [&hellip;]<\/p>\n","protected":false},"author":7,"featured_media":87850,"comment_status":"closed","ping_status":"closed","sticky":false,"template":"","format":"standard","meta":{"_coblocks_attr":"","_coblocks_dimensions":"","_coblocks_responsive_height":"","_coblocks_accordion_ie_support":"","_crdt_document":"","advanced_seo_description":"","jetpack_seo_html_title":"","jetpack_seo_noindex":false,"_jetpack_memberships_contains_paid_content":false,"footnotes":""},"categories":[209,22,7,231],"tags":[],"class_list":["post-87851","post","type-post","status-publish","format-standard","has-post-thumbnail","hentry","category-importantes","category-nacion","category-noticias","category-seguridad"],"jetpack_featured_media_url":"https:\/\/diarioavanzada.com.mx\/wp-content\/uploads\/2025\/05\/img_3031-1.jpg","jetpack-related-posts":[],"jetpack_sharing_enabled":true,"amp_enabled":true,"_links":{"self":[{"href":"https:\/\/diarioavanzada.com.mx\/index.php?rest_route=\/wp\/v2\/posts\/87851","targetHints":{"allow":["GET"]}}],"collection":[{"href":"https:\/\/diarioavanzada.com.mx\/index.php?rest_route=\/wp\/v2\/posts"}],"about":[{"href":"https:\/\/diarioavanzada.com.mx\/index.php?rest_route=\/wp\/v2\/types\/post"}],"author":[{"embeddable":true,"href":"https:\/\/diarioavanzada.com.mx\/index.php?rest_route=\/wp\/v2\/users\/7"}],"replies":[{"embeddable":true,"href":"https:\/\/diarioavanzada.com.mx\/index.php?rest_route=%2Fwp%2Fv2%2Fcomments&post=87851"}],"version-history":[{"count":0,"href":"https:\/\/diarioavanzada.com.mx\/index.php?rest_route=\/wp\/v2\/posts\/87851\/revisions"}],"wp:featuredmedia":[{"embeddable":true,"href":"https:\/\/diarioavanzada.com.mx\/index.php?rest_route=\/wp\/v2\/media\/87850"}],"wp:attachment":[{"href":"https:\/\/diarioavanzada.com.mx\/index.php?rest_route=%2Fwp%2Fv2%2Fmedia&parent=87851"}],"wp:term":[{"taxonomy":"category","embeddable":true,"href":"https:\/\/diarioavanzada.com.mx\/index.php?rest_route=%2Fwp%2Fv2%2Fcategories&post=87851"},{"taxonomy":"post_tag","embeddable":true,"href":"https:\/\/diarioavanzada.com.mx\/index.php?rest_route=%2Fwp%2Fv2%2Ftags&post=87851"}],"curies":[{"name":"wp","href":"https:\/\/api.w.org\/{rel}","templated":true}]}}