{"id":87828,"date":"2025-05-26T20:00:46","date_gmt":"2025-05-27T02:00:46","guid":{"rendered":"https:\/\/diarioavanzada.com.mx\/?p=87828"},"modified":"2025-05-26T20:00:46","modified_gmt":"2025-05-27T02:00:46","slug":"celebran-legado-de-comunidad-egresada-de-la-udec-con-reencuentro-de-historias","status":"publish","type":"post","link":"https:\/\/diarioavanzada.com.mx\/?p=87828","title":{"rendered":"Celebran legado de comunidad egresada de la UdeC con reencuentro de historias"},"content":{"rendered":"\n<p class=\"wp-block-paragraph\" id=\"block-77f2069f-9dea-4af9-a398-d25182841335\"><em>\u201cLa Universidad tiene el prestigio que la caracteriza gracias a sus egresadas y egresados. Ustedes son el activo m\u00e1s importante que tiene esta instituci\u00f3n ante la sociedad\u201d: Christian Torres Ortiz, rector.<\/em><\/p>\n\n\n\n<p class=\"wp-block-paragraph\">Colima, M\u00e9xico, Comunicado (26\/05\/2025).- Con una asistencia de alrededor de 400 personas, la Federaci\u00f3n de Egresados de la Universidad de Colima (FEUC) celebr\u00f3 este fin de semana la cena \u201cReencuentro de Historias\u201d, en la explanada de la Facultad de Contabilidad y Administraci\u00f3n del campus central. El evento marc\u00f3 el inicio de las actividades conmemorativas por el 40 aniversario de la Federaci\u00f3n, que se celebrar\u00e1 en los pr\u00f3ximos meses.<\/p>\n\n\n\n<p class=\"wp-block-paragraph\">El encuentro fue una oportunidad para revivir memorias, reconectar con amistades universitarias y reconocer el papel de las y los egresados en la construcci\u00f3n de una Universidad viva, incluyente y comprometida con su comunidad, como lo coment\u00f3 en su discurso Carolina Venegas Ochoa, presidenta de esta Federaci\u00f3n.<\/p>\n\n\n\n<p class=\"wp-block-paragraph\">En su discurso de bienvenida, Carolina record\u00f3 el origen de la FEUC y el esp\u00edritu con el que fue fundada: \u201cHace casi 40 a\u00f1os, un grupo de visionarios egresados convencidos de que su v\u00ednculo con la Universidad no terminaba al recibir su t\u00edtulo- decidi\u00f3 organizarse, unirse y construir un espacio de encuentro, vinculaci\u00f3n y compromiso con la sociedad\u201d.<\/p>\n\n\n\n<p class=\"wp-block-paragraph\">Agradeci\u00f3 a las autoridades universitarias, expresidentes y expresidentas de la Federaci\u00f3n, as\u00ed como a representantes de asociaciones universitarias, sindicatos, estudiantes y comit\u00e9s ejecutivos de egresados que han mantenido viva la organizaci\u00f3n durante estas d\u00e9cadas. \u201cHoy no compartimos solo recuerdos y sonrisas. Celebramos la fuerza de nuestras historias entrelazadas, que comenzaron en las aulas de la Universidad de Colima y que hoy siguen creciendo desde cada responsabilidad profesional y social que asumimos\u201d.<\/p>\n\n\n\n<p class=\"wp-block-paragraph\">Venegas destac\u00f3 que a cena no tiene fines econ\u00f3micos, sino un prop\u00f3sito simb\u00f3lico y afectivo: volver a mirarse, dialogar, reconocerse y celebrar el lazo com\u00fan que une a miles de egresadas y egresados de la UdeC.<\/p>\n\n\n\n<p class=\"wp-block-paragraph\"><strong>UdeC suma ya m\u00e1s de 199 mil egresados y egresadas<\/strong><\/p>\n\n\n\n<p class=\"wp-block-paragraph\">El rector de la Universidad de Colima, Christian Jorge Torres Ortiz Zerme\u00f1o, agradeci\u00f3 el compromiso de la Federaci\u00f3n y resalt\u00f3 su importancia en la historia institucional. Record\u00f3 que este a\u00f1o la Universidad celebrar\u00e1 su 85 aniversario, lo que convierte este encuentro en un momento ideal para reflexionar sobre el camino recorrido.<\/p>\n\n\n\n<p class=\"wp-block-paragraph\">\u201cLa Universidad tiene el prestigio que la caracteriza gracias a sus egresadas y egresados. Ustedes son el activo m\u00e1s importante que tiene esta instituci\u00f3n ante la sociedad\u201d, afirm\u00f3. Tambi\u00e9n hizo un llamado a ejercer con responsabilidad el orgullo de ser universitario:<\/p>\n\n\n\n<p class=\"wp-block-paragraph\">\u201cSer egresado de la UdeC es sin\u00f3nimo de prestigio, pero tambi\u00e9n de responsabilidad. Muchos j\u00f3venes desean ingresar a esta universidad porque han visto en ustedes una trayectoria que quieren emular\u201d, coment\u00f3.<\/p>\n\n\n\n<p class=\"wp-block-paragraph\">Finalmente, inform\u00f3 que al corte de 2024, la Universidad de Colima suma ya 199 mil 423 egresados, lo cual brinda una dimensi\u00f3n del impacto colectivo de la instituci\u00f3n en el estado y el pa\u00eds.<\/p>\n\n\n\n<p class=\"wp-block-paragraph\"><strong>Reencuentro con la memoria colectiva<\/strong><\/p>\n\n\n\n<p class=\"wp-block-paragraph\">Uno de los momentos m\u00e1s emotivos de la noche fue la proyecci\u00f3n del video conmemorativo producido por la propia Federaci\u00f3n de Egresados, bajo la realizaci\u00f3n de Cecy S\u00e1nchez, con apoyo del Archivo Hist\u00f3rico de la UdeC, as\u00ed como de la Coordinaci\u00f3n General de Comunicaci\u00f3n Social y la Direcci\u00f3n de Televisi\u00f3n Universitaria.<\/p>\n\n\n\n<p class=\"wp-block-paragraph\">El video incluye fotograf\u00edas, recortes de peri\u00f3dicos y testimonios de expresidentes y expresidentas de la FEUC, quienes comparten su visi\u00f3n sobre lo que representa la organizaci\u00f3n a 40 a\u00f1os de su fundaci\u00f3n. Con excepci\u00f3n del expresidente Gustavo Garc\u00eda, fallecido, todas y todos participaron con mensajes en el que destacan el papel de la FEUC como plataforma de unidad, identidad universitaria y transformaci\u00f3n social.<\/p>\n\n\n\n<figure class=\"wp-block-image size-large\"><img loading=\"lazy\" decoding=\"async\" width=\"1024\" height=\"526\" src=\"https:\/\/diarioavanzada.com.mx\/wp-content\/uploads\/2025\/05\/Reencuentro-de-historias-cena-de-egresados_c-1024x526.jpg\" alt=\"\" class=\"wp-image-87831\" srcset=\"https:\/\/diarioavanzada.com.mx\/wp-content\/uploads\/2025\/05\/Reencuentro-de-historias-cena-de-egresados_c-1024x526.jpg 1024w, https:\/\/diarioavanzada.com.mx\/wp-content\/uploads\/2025\/05\/Reencuentro-de-historias-cena-de-egresados_c-300x154.jpg 300w, https:\/\/diarioavanzada.com.mx\/wp-content\/uploads\/2025\/05\/Reencuentro-de-historias-cena-de-egresados_c-768x394.jpg 768w, https:\/\/diarioavanzada.com.mx\/wp-content\/uploads\/2025\/05\/Reencuentro-de-historias-cena-de-egresados_c.jpg 1061w\" sizes=\"auto, (max-width: 1024px) 100vw, 1024px\" \/><\/figure>\n\n\n\n<figure class=\"wp-block-image size-large\"><img loading=\"lazy\" decoding=\"async\" width=\"1024\" height=\"681\" src=\"https:\/\/diarioavanzada.com.mx\/wp-content\/uploads\/2025\/05\/Reencuentro-de-historias-cena-de-egresados-1024x681.jpg\" alt=\"\" class=\"wp-image-87833\" srcset=\"https:\/\/diarioavanzada.com.mx\/wp-content\/uploads\/2025\/05\/Reencuentro-de-historias-cena-de-egresados-1024x681.jpg 1024w, https:\/\/diarioavanzada.com.mx\/wp-content\/uploads\/2025\/05\/Reencuentro-de-historias-cena-de-egresados-300x199.jpg 300w, https:\/\/diarioavanzada.com.mx\/wp-content\/uploads\/2025\/05\/Reencuentro-de-historias-cena-de-egresados-768x511.jpg 768w, https:\/\/diarioavanzada.com.mx\/wp-content\/uploads\/2025\/05\/Reencuentro-de-historias-cena-de-egresados-1200x798.jpg 1200w, https:\/\/diarioavanzada.com.mx\/wp-content\/uploads\/2025\/05\/Reencuentro-de-historias-cena-de-egresados.jpg 1226w\" sizes=\"auto, (max-width: 1024px) 100vw, 1024px\" \/><\/figure>\n\n\n\n<figure class=\"wp-block-image size-large\"><img loading=\"lazy\" decoding=\"async\" width=\"1024\" height=\"668\" src=\"https:\/\/diarioavanzada.com.mx\/wp-content\/uploads\/2025\/05\/Reencuentro-de-historias-cena-de-egresados_f-1024x668.jpg\" alt=\"\" class=\"wp-image-87834\" srcset=\"https:\/\/diarioavanzada.com.mx\/wp-content\/uploads\/2025\/05\/Reencuentro-de-historias-cena-de-egresados_f-1024x668.jpg 1024w, https:\/\/diarioavanzada.com.mx\/wp-content\/uploads\/2025\/05\/Reencuentro-de-historias-cena-de-egresados_f-300x196.jpg 300w, https:\/\/diarioavanzada.com.mx\/wp-content\/uploads\/2025\/05\/Reencuentro-de-historias-cena-de-egresados_f-768x501.jpg 768w, https:\/\/diarioavanzada.com.mx\/wp-content\/uploads\/2025\/05\/Reencuentro-de-historias-cena-de-egresados_f-1200x782.jpg 1200w, https:\/\/diarioavanzada.com.mx\/wp-content\/uploads\/2025\/05\/Reencuentro-de-historias-cena-de-egresados_f.jpg 1238w\" sizes=\"auto, (max-width: 1024px) 100vw, 1024px\" \/><\/figure>\n\n\n\n<figure class=\"wp-block-image size-large\"><img loading=\"lazy\" decoding=\"async\" width=\"1024\" height=\"683\" src=\"https:\/\/diarioavanzada.com.mx\/wp-content\/uploads\/2025\/05\/Reencuentro-de-historias-cena-de-egresados_Rector-Carolina-1024x683.jpg\" alt=\"\" class=\"wp-image-87836\" srcset=\"https:\/\/diarioavanzada.com.mx\/wp-content\/uploads\/2025\/05\/Reencuentro-de-historias-cena-de-egresados_Rector-Carolina-1024x683.jpg 1024w, https:\/\/diarioavanzada.com.mx\/wp-content\/uploads\/2025\/05\/Reencuentro-de-historias-cena-de-egresados_Rector-Carolina-300x200.jpg 300w, https:\/\/diarioavanzada.com.mx\/wp-content\/uploads\/2025\/05\/Reencuentro-de-historias-cena-de-egresados_Rector-Carolina-768x512.jpg 768w, https:\/\/diarioavanzada.com.mx\/wp-content\/uploads\/2025\/05\/Reencuentro-de-historias-cena-de-egresados_Rector-Carolina-1536x1024.jpg 1536w, https:\/\/diarioavanzada.com.mx\/wp-content\/uploads\/2025\/05\/Reencuentro-de-historias-cena-de-egresados_Rector-Carolina-2048x1365.jpg 2048w, https:\/\/diarioavanzada.com.mx\/wp-content\/uploads\/2025\/05\/Reencuentro-de-historias-cena-de-egresados_Rector-Carolina-1200x800.jpg 1200w\" sizes=\"auto, (max-width: 1024px) 100vw, 1024px\" \/><\/figure>\n<div class=\"fb-background-color\">\n\t\t\t  <div \n\t\t\t  \tclass = \"fb-comments\" \n\t\t\t  \tdata-href = \"https:\/\/diarioavanzada.com.mx\/?p=87828\"\n\t\t\t  \tdata-numposts = \"10\"\n\t\t\t  \tdata-lazy = \"true\"\n\t\t\t\tdata-colorscheme = \"light\"\n\t\t\t\tdata-order-by = \"social\"\n\t\t\t\tdata-mobile=true>\n\t\t\t  <\/div><\/div>\n\t\t  <style>\n\t\t    .fb-background-color {\n\t\t\t\tbackground:  !important;\n\t\t\t}\n\t\t\t.fb_iframe_widget_fluid_desktop iframe {\n\t\t\t    width: 100% !important;\n\t\t\t}\n\t\t  <\/style>\n\t\t  ","protected":false},"excerpt":{"rendered":"<p>\u201cLa Universidad tiene el prestigio que la caracteriza gracias a sus egresadas y egresados. Ustedes son el activo m\u00e1s importante que tiene esta instituci\u00f3n ante la sociedad\u201d: Christian Torres Ortiz, rector. Colima, M\u00e9xico, Comunicado (26\/05\/2025).- Con una asistencia de alrededor de 400 personas, la Federaci\u00f3n de Egresados de la Universidad de Colima (FEUC) celebr\u00f3 este [&hellip;]<\/p>\n","protected":false},"author":7,"featured_media":87838,"comment_status":"closed","ping_status":"closed","sticky":false,"template":"","format":"standard","meta":{"_coblocks_attr":"","_coblocks_dimensions":"","_coblocks_responsive_height":"","_coblocks_accordion_ie_support":"","_crdt_document":"","advanced_seo_description":"","jetpack_seo_html_title":"","jetpack_seo_noindex":false,"_jetpack_memberships_contains_paid_content":false,"footnotes":""},"categories":[19,209,7],"tags":[],"class_list":["post-87828","post","type-post","status-publish","format-standard","has-post-thumbnail","hentry","category-colima","category-importantes","category-noticias"],"jetpack_featured_media_url":"https:\/\/diarioavanzada.com.mx\/wp-content\/uploads\/2025\/05\/5dc6ac4f-7e4f-4cb1-ad78-922a5a66ca41-1.jpg","jetpack-related-posts":[],"jetpack_sharing_enabled":true,"amp_enabled":true,"_links":{"self":[{"href":"https:\/\/diarioavanzada.com.mx\/index.php?rest_route=\/wp\/v2\/posts\/87828","targetHints":{"allow":["GET"]}}],"collection":[{"href":"https:\/\/diarioavanzada.com.mx\/index.php?rest_route=\/wp\/v2\/posts"}],"about":[{"href":"https:\/\/diarioavanzada.com.mx\/index.php?rest_route=\/wp\/v2\/types\/post"}],"author":[{"embeddable":true,"href":"https:\/\/diarioavanzada.com.mx\/index.php?rest_route=\/wp\/v2\/users\/7"}],"replies":[{"embeddable":true,"href":"https:\/\/diarioavanzada.com.mx\/index.php?rest_route=%2Fwp%2Fv2%2Fcomments&post=87828"}],"version-history":[{"count":4,"href":"https:\/\/diarioavanzada.com.mx\/index.php?rest_route=\/wp\/v2\/posts\/87828\/revisions"}],"predecessor-version":[{"id":87837,"href":"https:\/\/diarioavanzada.com.mx\/index.php?rest_route=\/wp\/v2\/posts\/87828\/revisions\/87837"}],"wp:featuredmedia":[{"embeddable":true,"href":"https:\/\/diarioavanzada.com.mx\/index.php?rest_route=\/wp\/v2\/media\/87838"}],"wp:attachment":[{"href":"https:\/\/diarioavanzada.com.mx\/index.php?rest_route=%2Fwp%2Fv2%2Fmedia&parent=87828"}],"wp:term":[{"taxonomy":"category","embeddable":true,"href":"https:\/\/diarioavanzada.com.mx\/index.php?rest_route=%2Fwp%2Fv2%2Fcategories&post=87828"},{"taxonomy":"post_tag","embeddable":true,"href":"https:\/\/diarioavanzada.com.mx\/index.php?rest_route=%2Fwp%2Fv2%2Ftags&post=87828"}],"curies":[{"name":"wp","href":"https:\/\/api.w.org\/{rel}","templated":true}]}}